{"id":32432,"date":"2024-10-14T16:17:48","date_gmt":"2024-10-14T13:17:48","guid":{"rendered":"http:\/\/akdenizolaygazetesi.com\/?p=32432"},"modified":"2024-10-14T16:17:48","modified_gmt":"2024-10-14T13:17:48","slug":"deva-partili-ekmen-arayista-olan-secmene-hitap-etmek-gerekir","status":"publish","type":"post","link":"https:\/\/akdenizolaygazetesi.com\/?p=32432","title":{"rendered":"DEVA Partili Ekmen: Aray\u0131\u015fta olan se\u00e7mene hitap etmek gerekir"},"content":{"rendered":"<p>DEVA Partisi Genel Ba\u015fkan Yard\u0131mc\u0131s\u0131 Mehmet Emin Ekmen, partisinin 2\u2019nci Ola\u011fan Kongresi\u2019yle ilgili gazetecilerin sorunlar\u0131n\u0131 yan\u0131tlad\u0131. \u201cDEVA Partisi paradigma m\u0131 de\u011fi\u015ftiriyor?\u201d , \u201c\u0130\u015f birli\u011fi olacak m\u0131?\u201d sorular\u0131na yan\u0131t veren Ekmen, zorunlu olarak ba\u015fka partilere oy veren se\u00e7menin sesini T\u00fcrk siyasetinde daha g\u00fc\u00e7l\u00fc duyurmaya talip olduklar\u0131n\u0131 vurgulayarak, DEVA Partisi\u2019nin i\u015f birliklerine de prensipte s\u0131cak bakt\u0131klar\u0131n\u0131 dile getirdi.<\/p>\n<p>DEVA Partisi Genel Ba\u015fkan Yard\u0131mc\u0131s\u0131 ve Mersin Milletvekili Mehmet Emin Ekmen, partisinin 2\u2019nci Ola\u011fan Kongresi\u2019nde partisinin yeni d\u00f6nem politikalar\u0131 ve g\u00fcncel ba\u015fl\u0131klarla ilgiliElips Haber\u2019e de\u011ferlendirmelerde bulundu. <\/p>\n<p>Yeni bir yol, DEVA\u2019n\u0131n yolu diyoruz<\/p>\n<p>Ekmen, bir gazetecinin \u201cDEVA Partisi paradigmam\u0131 de\u011fi\u015ftiriyor\u201d sorusuna, \u201cDEVA Partisi program\u0131 ve t\u00fcz\u00fc\u011f\u00fc varl\u0131\u011f\u0131n\u0131 koruyor. Ancak 14 May\u0131s se\u00e7im tecr\u00fcbesi, 30 Mart se\u00e7imleri ve bug\u00fcn itibariyle se\u00e7men davran\u0131\u015flar\u0131na bakt\u0131\u011f\u0131m\u0131zda sand\u0131\u011fa girip tercihini belirleyen se\u00e7men ile sand\u0131\u011fa gitmeyip evde oturmay\u0131 tercih eden se\u00e7menin ne demeye \u00e7al\u0131\u015ft\u0131\u011f\u0131n\u0131 anlamam\u0131z gerekiyor. Sand\u0131\u011fa gidenlerin mecburen de\u011fil,ger\u00e7ekten inanarak isteyerek severek oy vermesini sa\u011flamak gerekiyor. Yine evde oturan se\u00e7menin de inan\u00e7 duyaca\u011f\u0131, g\u00fcven duyaca\u011f\u0131, gelece\u011fe dair umut duyaca\u011f\u0131 bir parti yaratmak i\u00e7in \u2018Yeni bir yol, DEVA\u2019n\u0131n yolu\u2019 dedik. Zorunlu olarak herhangi bir partiye oy veren se\u00e7menin sesini T\u00fcrk siyasetini daha g\u00fc\u00e7l\u00fc duyurmaya talip olduk\u201d yan\u0131t\u0131n\u0131 verdi.<\/p>\n<p>\u0130\u015f birliklerine prensipte s\u0131cak bak\u0131yoruz<\/p>\n<p>\u201cSiyasi partilerle birle\u015fme olacak m\u0131\u201d, \u201cTBMM\u2019de grup kuracak m\u0131s\u0131n\u0131z?\u201d sorular\u0131na yan\u0131t veren Ekmen, \u015f\u00f6yle devam etti: <\/p>\n<p>\u201cPrensip olarak her t\u00fcrl\u00fc g\u00fc\u00e7 birli\u011fini, i\u015f birli\u011fini, temel politikalara ve temel prensiplerle uzla\u015fma sa\u011flanmas\u0131 \u015fart\u0131yla olumlu buluyoruz. Yap\u0131lan g\u00f6r\u00fc\u015fmeler var parti birle\u015fmeleri, partiye kat\u0131l\u0131m veyahut mecliste bir i\u015f birli\u011fi zemini bir grup kurmak olabilir. Bu g\u00f6r\u00fc\u015fmelere DEVA Partisi prensipte s\u0131cak bak\u0131yor. Diyalo\u011fu s\u00fcrd\u00fcr\u00fcyor.\u201d<\/p>\n<p>Niyet okuyuculu\u011fu yapmadan normalle\u015fme s\u00fcrecini destekliyoruz <\/p>\n<p>T\u00fcrkiye\u2019nin siyasetten son 10 y\u0131ld\u0131r \u00e7ok yoruldu\u011funu vurgulayan Ekmen, siyasette Cumhur \u0130ttifak\u0131\u2019n\u0131n DEM Partisi\u2019yle ba\u015flatt\u0131\u011f\u0131 normalle\u015fme \u00e7\u0131k\u0131\u015flar\u0131na ili\u015fkin, \u201cMuhalefeti \u00f6teki hain d\u00fc\u015fman ter\u00f6rist ilan eden bir s\u00f6ylem T\u00fcrkiye&#8217;yi ekonomik olarak b\u00fcy\u00fck bir \u00e7\u00f6k\u00fcnt\u00fcye u\u011fratt\u0131. Hukukun, adaletin, demokrasinin, anayasan\u0131n i\u015flenmemesinin maliyetini y\u00fcksek enflasyon, y\u00fcksek faiz ve y\u00fcksek bor\u00e7lanmayla \u00f6dedik. Dolay\u0131s\u0131yla her t\u00fcrl\u00fc normalle\u015fmeyi prensipte destekliyoruz. Niyet okuyuculu\u011fu yapm\u0131yoruz. E\u011fer ger\u00e7ekten T\u00fcrkiye\u2019nin normalle\u015fmesini, muhalefetin hain ter\u00f6rist olmad\u0131\u011f\u0131, i\u015f birli\u011fi isti\u015farenin oldu\u011fu, cumhurba\u015fkan\u0131n\u0131n cumhurba\u015fkan\u0131 s\u0131fat\u0131yla yapt\u0131\u011f\u0131konu\u015fmalarda toplumun bir grubunun bir kesimini \u00f6tekile\u015ftirilmedi\u011fi, d\u00fc\u015fmanla\u015ft\u0131rmad\u0131\u011f\u0131 bir dil \u00f6nemli. Bunun i\u00e7in de isterse \u015fartlar ekonomik \u015fartlar bunu zorlam\u0131\u015f olsun isterseniz \u0130srail&#8217;in sald\u0131rganl\u0131\u011f\u0131yla b\u00f6lgenin i\u00e7ine girdi\u011fi yeni paradoks bunu zorlam\u0131\u015f olsun. Bir niyet okuyuculu\u011fu yapmadan bu giri\u015fimlerin cesaretlendirilmesi, desteklenmesi ve ilerlemesi gerekti\u011fini d\u00fc\u015f\u00fcn\u00fcyoruz\u201d de\u011ferlendirmesinde bulundu.<\/p>\n","protected":false},"excerpt":{"rendered":"<p>DEVA Partisi Genel Ba\u015fkan Yard\u0131mc\u0131s\u0131 Mehmet Emin Ekmen, partisinin 2\u2019nci Ola\u011fan Kongresi\u2019yle ilgili gazetecilerin sorunlar\u0131n\u0131 yan\u0131tlad\u0131. \u201cDEVA Partisi paradigma m\u0131 de\u011fi\u015ftiriyor?\u201d , \u201c\u0130\u015f birli\u011fi olacak m\u0131?\u201d sorular\u0131na yan\u0131t veren Ekmen, &hellip; <a href=\"https:\/\/akdenizolaygazetesi.com\/?p=32432\" class=\"more-link\">Devam\u0131n\u0131 Oku&#8230;<\/a><\/p>\n","protected":false},"author":2,"featured_media":31178,"comment_status":"open","ping_status":"open","sticky":false,"template":"","format":"standard","meta":[],"categories":[1,2,3],"tags":[],"_links":{"self":[{"href":"https:\/\/akdenizolaygazetesi.com\/index.php?rest_route=\/wp\/v2\/posts\/32432"}],"collection":[{"href":"https:\/\/akdenizolaygazetesi.com\/index.php?rest_route=\/wp\/v2\/posts"}],"about":[{"href":"https:\/\/akdenizolaygazetesi.com\/index.php?rest_route=\/wp\/v2\/types\/post"}],"author":[{"embeddable":true,"href":"https:\/\/akdenizolaygazetesi.com\/index.php?rest_route=\/wp\/v2\/users\/2"}],"replies":[{"embeddable":true,"href":"https:\/\/akdenizolaygazetesi.com\/index.php?rest_route=%2Fwp%2Fv2%2Fcomments&post=32432"}],"version-history":[{"count":1,"href":"https:\/\/akdenizolaygazetesi.com\/index.php?rest_route=\/wp\/v2\/posts\/32432\/revisions"}],"predecessor-version":[{"id":32433,"href":"https:\/\/akdenizolaygazetesi.com\/index.php?rest_route=\/wp\/v2\/posts\/32432\/revisions\/32433"}],"wp:featuredmedia":[{"embeddable":true,"href":"https:\/\/akdenizolaygazetesi.com\/index.php?rest_route=\/wp\/v2\/media\/31178"}],"wp:attachment":[{"href":"https:\/\/akdenizolaygazetesi.com\/index.php?rest_route=%2Fwp%2Fv2%2Fmedia&parent=32432"}],"wp:term":[{"taxonomy":"category","embeddable":true,"href":"https:\/\/akdenizolaygazetesi.com\/index.php?rest_route=%2Fwp%2Fv2%2Fcategories&post=32432"},{"taxonomy":"post_tag","embeddable":true,"href":"https:\/\/akdenizolaygazetesi.com\/index.php?rest_route=%2Fwp%2Fv2%2Ftags&post=32432"}],"curies":[{"name":"wp","href":"https:\/\/api.w.org\/{rel}","templated":true}]}}