{"id":32434,"date":"2024-10-14T16:19:29","date_gmt":"2024-10-14T13:19:29","guid":{"rendered":"http:\/\/akdenizolaygazetesi.com\/?p=32434"},"modified":"2024-10-14T16:19:29","modified_gmt":"2024-10-14T13:19:29","slug":"buyuksehir-tarafindan-2-mersin-off-road-ve-kamp-festivali-gerceklestirildi","status":"publish","type":"post","link":"https:\/\/akdenizolaygazetesi.com\/?p=32434","title":{"rendered":"B\u00dcY\u00dcK\u015eEH\u0130R TARAFINDAN &#8216;2. MERS\u0130N OFF-ROAD VE KAMP FEST\u0130VAL\u0130&#8217; GER\u00c7EKLE\u015eT\u0130R\u0130LD\u0130"},"content":{"rendered":"<p>Mersin B\u00fcy\u00fck\u015fehir Belediyesi, her t\u00fcrl\u00fc spora ev sahipli\u011fi yapmaya uygun co\u011frafyas\u0131 olan kentte &#8216;2. Mersin Off-Road ve Kamp Festivali&#8217; d\u00fczenledi. Gen\u00e7lik ve Spor Hizmetleri Dairesi Ba\u015fkanl\u0131\u011f\u0131 taraf\u0131ndan Kayrake\u015flik Mahalle Muhtarl\u0131\u011f\u0131 ile birlikte d\u00fczenlenen Off-Road yar\u0131\u015f\u0131, engebeli da\u011fl\u0131k arazisi ile bu spora en uygun konum olan Toroslar&#8217;\u0131n eteklerinde ger\u00e7ekle\u015ftirildi. Zorlu ve keyifli bir parkurda yar\u0131\u015fan sporculara, yar\u0131\u015fma sonunda \u00f6d\u00fclleri teslim edildi.<\/p>\n<p> Sporu ve sporcuyu desteklemek i\u00e7in bir dizi etkinli\u011fe imza atan Mersin B\u00fcy\u00fck\u015fehir Belediyesi, kentte spor k\u00fclt\u00fcr\u00fcn\u00fcn de yayg\u0131nla\u015fmas\u0131na katk\u0131 sa\u011fl\u0131yor. Her t\u00fcrl\u00fc spora ev sahipli\u011fi yapmaya uygun co\u011frafyas\u0131 olan Mersin&#8217;de, &#8216;2. Mersin Off-Road ve Kamp Festivali&#8217; d\u00fczenlendi.<\/p>\n<p>Gen\u00e7lik ve Spor Hizmetleri Dairesi Ba\u015fkanl\u0131\u011f\u0131 taraf\u0131ndan Kayrake\u015flik Mahalle Muhtarl\u0131\u011f\u0131 ile birlikte d\u00fczenlenen Off-Road yar\u0131\u015f\u0131, engebeli da\u011fl\u0131k arazisi ile bu spora en uygun konum olan Toroslar&#8217;\u0131n eteklerinde ger\u00e7ekle\u015ftirildi. Zorlu ve keyifli bir parkurda yar\u0131\u015fan sporculara, yar\u0131\u015fma sonunda \u00f6d\u00fclleri teslim edildi.<\/p>\n<p>S\u0131n\u0131f 1&#8217;de Enes Kaya birinci, Osman Efe Severo\u011flu ikinci, Ahmet Ayhan ise \u00fc\u00e7\u00fcnc\u00fc oldu. S\u0131n\u0131f 2&#8217;de \u00dcmit Kaya birinci, Og\u00fcn G\u00fcney ikinci, Do\u011fay Doks\u00f6z \u00fc\u00e7\u00fcnc\u00fc oldu. S\u0131n\u0131f 3&#8217;te Mehmet Fatih O\u00e7ak birinci, \u0130smail \u00d6zden ikinci, Denizcan G\u00fcney \u00fc\u00e7\u00fcnc\u00fc oldu. S\u0131n\u0131f 4&#8217;te Mehmet Demirel birinci, \u00c7a\u011fda\u015f Ba\u011fdatl\u0131 ikinci, H\u00fcseyin Aka \u00fc\u00e7\u00fcnc\u00fc oldu. SSV 5&#8217;te ise Selman Y\u00fcksel birinci, Celal Boyraz ikinci, Sel\u00e7uk Karayi\u011fit \u00fc\u00e7\u00fcnc\u00fc oldu.<\/p>\n<p>Kad\u0131nlar kategorisinde ise T\u00fclin A\u00e7\u0131kg\u00f6z birinci, \u00c7a\u011f\u0131l A\u00e7\u0131kg\u00f6z ikinci, Birsen \u00d6zdemir \u00fc\u00e7\u00fcnc\u00fc oldu. Enduro kategorisinde Mehmet Deki\u015f birinci, Halis Yi\u011fit ikinci, Furkan Fesli \u00fc\u00e7\u00fcnc\u00fc oldu. Pick-up kategorisinde de Serkan \u00c7etin birinci, Umut Ka\u011fan Kaya ikinci, Onurcan Kaya \u00fc\u00e7\u00fcnc\u00fc oldu.<\/p>\n<p>Demirel: &#8220;B\u00fcy\u00fck\u015fehir olmasayd\u0131 yar\u0131\u015f\u0131 yapamazd\u0131k, diplerde bir yerde olurduk&#8221;<\/p>\n<p>S\u0131n\u0131f 4&#8217;te birinci olan Off-Road sporcusu Mehmet Demirel, g\u00fczel bir organizasyon yap\u0131ld\u0131\u011f\u0131n\u0131 belirterek, &#8220;Etap \u00e7ok zordu, ancak sorunsuz bitti&#8221; dedi. Off-Road&#8217;\u0131 anlatan Demirel, &#8220;\u0130lk bak\u0131ld\u0131\u011f\u0131nda zengin sporu olarak g\u00f6z\u00fck\u00fcyor, ama g\u00f6n\u00fcl i\u015fi. Maddiyet laz\u0131m, ama organizat\u00f6r kul\u00fcpler destek verdik\u00e7e bu sporlar oluyor. Kul\u00fcpler, belediyeler ile valilikler; bu sporu yapanlara destek verdik\u00e7e bu spor b\u00fcy\u00fcyecek ve sevilecek&#8221; s\u00f6zlerine yer verdi. B\u00fcy\u00fck\u015fehir destek vermeseydi, organizasyonun Mersin&#8217;de yap\u0131lmas\u0131n\u0131n zor oldu\u011funa dikkat \u00e7eken Demirel, &#8220;Diplerde bir yerde olurduk. B\u00f6yle bir kalabal\u0131k olmazd\u0131. \u015eimdi ise 7&#8217;sinden 70&#8217;ine herkes burada&#8221; \u015feklinde konu\u015ftu.<\/p>\n<p>A\u00e7\u0131kg\u00f6z: &#8220;B\u00fct\u00fcn kad\u0131nlar\u0131n piste girip bu heyecan\u0131 ya\u015famalar\u0131 laz\u0131m&#8221;<\/p>\n<p>Kad\u0131nlar kategorisinde birinci olan T\u00fclin A\u00e7\u0131kg\u00f6z, &#8220;Al\u0131\u015f\u0131k oldu\u011fumuz bir pistti zaten, ama \u00e7ok da e\u011flenceliydi. \u00c7ok g\u00fczeldi, her \u015fey i\u00e7in te\u015fekk\u00fcr ediyoruz. B\u00fct\u00fcn kad\u0131nlar\u0131n bu piste girmelerini istiyorum, bu heyecan\u0131 ya\u015famalar\u0131 laz\u0131m&#8221; diyerek, seyircinin de co\u015fkulu oldu\u011funun alt\u0131n\u0131 \u00e7izdi.<\/p>\n<p>Kay\u0131nvalidesi ile yar\u0131\u015fa kat\u0131lan ve kay\u0131nvalidesine yenilerek ikinci olan \u00c7a\u011f\u0131l A\u00e7\u0131kg\u00f6z, &#8220;Benim yabanc\u0131 oldu\u011fum bir ortam de\u011fil. Babam, abim ve e\u015fim de bu sporun i\u00e7erisinde. Gayet g\u00fczel, keyifli bir ortamd\u0131&#8221; diye konu\u015ftu.<\/p>\n<p>\u00d6zdemir: &#8220;\u0130lk kez kat\u0131ld\u0131\u011f\u0131m yar\u0131\u015f, benim i\u00e7in \u00e7ok heyecanl\u0131 ge\u00e7ti&#8221;<\/p>\n<p>\u00c7ok heyecanl\u0131 bir yar\u0131\u015f oldu\u011funu kaydeden Birsen \u00d6zdemir ise, yar\u0131\u015fta \u00fc\u00e7\u00fcnc\u00fc oldu. E\u015finin kendine co-pilotluk yapt\u0131\u011f\u0131n\u0131 s\u00f6yleyen \u00d6zdemir, &#8220;Herkes bu yar\u0131\u015fa kat\u0131lmal\u0131. Kendin kulland\u0131\u011f\u0131n zaman bence daha sakin oluyor. Benim i\u00e7in ilk olan bir tecr\u00fcbeydi, bundan sonra b\u00fct\u00fcn yar\u0131\u015flarda var\u0131m&#8221; dedi. \u00c7ocu\u011funun kupaya \u00e7ok merak\u0131 oldu\u011funu s\u00f6yleyen \u00d6zdemir, &#8220;Yar\u0131\u015fa girmemin en b\u00fcy\u00fck nedenlerinden bir tanesi Poyraz. \u00c7ocu\u011fum i\u00e7in bu yar\u0131\u015fa kat\u0131ld\u0131m. Bundan sonra da hep Poyraz i\u00e7in kat\u0131l\u0131m sa\u011flayaca\u011f\u0131m&#8221; dedi.<\/p>\n","protected":false},"excerpt":{"rendered":"<p>Mersin B\u00fcy\u00fck\u015fehir Belediyesi, her t\u00fcrl\u00fc spora ev sahipli\u011fi yapmaya uygun co\u011frafyas\u0131 olan kentte &#8216;2. Mersin Off-Road ve Kamp Festivali&#8217; d\u00fczenledi. Gen\u00e7lik ve Spor Hizmetleri Dairesi Ba\u015fkanl\u0131\u011f\u0131 taraf\u0131ndan Kayrake\u015flik Mahalle Muhtarl\u0131\u011f\u0131 &hellip; <a href=\"https:\/\/akdenizolaygazetesi.com\/?p=32434\" class=\"more-link\">Devam\u0131n\u0131 Oku&#8230;<\/a><\/p>\n","protected":false},"author":2,"featured_media":32435,"comment_status":"open","ping_status":"open","sticky":false,"template":"","format":"standard","meta":[],"categories":[1,2,3],"tags":[],"_links":{"self":[{"href":"https:\/\/akdenizolaygazetesi.com\/index.php?rest_route=\/wp\/v2\/posts\/32434"}],"collection":[{"href":"https:\/\/akdenizolaygazetesi.com\/index.php?rest_route=\/wp\/v2\/posts"}],"about":[{"href":"https:\/\/akdenizolaygazetesi.com\/index.php?rest_route=\/wp\/v2\/types\/post"}],"author":[{"embeddable":true,"href":"https:\/\/akdenizolaygazetesi.com\/index.php?rest_route=\/wp\/v2\/users\/2"}],"replies":[{"embeddable":true,"href":"https:\/\/akdenizolaygazetesi.com\/index.php?rest_route=%2Fwp%2Fv2%2Fcomments&post=32434"}],"version-history":[{"count":1,"href":"https:\/\/akdenizolaygazetesi.com\/index.php?rest_route=\/wp\/v2\/posts\/32434\/revisions"}],"predecessor-version":[{"id":32436,"href":"https:\/\/akdenizolaygazetesi.com\/index.php?rest_route=\/wp\/v2\/posts\/32434\/revisions\/32436"}],"wp:featuredmedia":[{"embeddable":true,"href":"https:\/\/akdenizolaygazetesi.com\/index.php?rest_route=\/wp\/v2\/media\/32435"}],"wp:attachment":[{"href":"https:\/\/akdenizolaygazetesi.com\/index.php?rest_route=%2Fwp%2Fv2%2Fmedia&parent=32434"}],"wp:term":[{"taxonomy":"category","embeddable":true,"href":"https:\/\/akdenizolaygazetesi.com\/index.php?rest_route=%2Fwp%2Fv2%2Fcategories&post=32434"},{"taxonomy":"post_tag","embeddable":true,"href":"https:\/\/akdenizolaygazetesi.com\/index.php?rest_route=%2Fwp%2Fv2%2Ftags&post=32434"}],"curies":[{"name":"wp","href":"https:\/\/api.w.org\/{rel}","templated":true}]}}