{"id":32437,"date":"2024-10-15T16:08:43","date_gmt":"2024-10-15T13:08:43","guid":{"rendered":"http:\/\/akdenizolaygazetesi.com\/?p=32437"},"modified":"2024-10-15T16:08:43","modified_gmt":"2024-10-15T13:08:43","slug":"universitemiz-yokun-hazirladigi-2024-universite-izleme-ve-degerlendirme-genel-raporunda-4-kategoride-turkiyenin-en-iyileri-arasinda","status":"publish","type":"post","link":"https:\/\/akdenizolaygazetesi.com\/?p=32437","title":{"rendered":"\u00dcniversitemiz Y\u00d6K\u2019\u00fcn Haz\u0131rlad\u0131\u011f\u0131 2024 \u00dcniversite \u0130zleme ve De\u011ferlendirme Genel Raporu\u2019nda 4 Kategoride T\u00fcrkiye\u2019nin En \u0130yileri Aras\u0131nda"},"content":{"rendered":"<p>Y\u00fcksek\u00f6\u011fretim Kurulu\u2019nun, \u00fcniversiteleri \u201cE\u011fitim ve \u00d6\u011fretim\u201d, \u201cAra\u015ft\u0131rma-Geli\u015ftirme, Proje ve Yay\u0131n\u201d, \u201cUluslararas\u0131la\u015fma\u201d, \u201cS\u00fcrd\u00fcr\u00fclebilirlik\u201d ve \u201cTopluma Hizmet ve Sosyal Sorumluluk\u201d ba\u015fl\u0131klar\u0131nda de\u011ferlendirerek y\u00fcksek\u00f6\u011fretime yapt\u0131klar\u0131 katk\u0131 ve sa\u011flad\u0131klar\u0131 geli\u015fmeleri ortaya koyan \u201c\u00dcniversite \u0130zleme ve De\u011ferlendirme Genel Raporu-2024\u201d yay\u0131mland\u0131. Rapora g\u00f6re \u00dcniversitemiz, d\u00f6rt farkl\u0131 kategoride farkl\u0131 s\u0131ralarda olmak \u00fczere, T\u00fcrkiye\u2019nin en iyi \u00fcniversiteleri aras\u0131nda yerini ald\u0131.<\/p>\n<p>T\u00fcrkiye\u2019de En Fazla E-Kaynak Say\u0131s\u0131na Sahip Be\u015f \u00dcniversiteden Birisi Mersin \u00dcniversitesi<\/p>\n<p>Her bir parametrede T\u00fcrkiye ortalamas\u0131n\u0131n verildi\u011fi Y\u00fcksek\u00f6\u011fretim Kurulu\u2019nun 2024 \u0130zleme ve De\u011ferlendirme Genel Raporu&#8217;nda T\u00fcrkiye\u2019de \u00fcniversite ba\u015f\u0131na ortalama 814 bin 459 e-kaynak d\u00fc\u015ft\u00fc\u011f\u00fc, \u00f6\u011frenci ba\u015f\u0131na 500 ve \u00fczeri e-kaynak d\u00fc\u015fen \u00fcniversite say\u0131s\u0131n\u0131n ise 152 oldu\u011fu ifade edildi. Rapora g\u00f6re \u00dcniversitemiz, e-kaynak say\u0131s\u0131na g\u00f6re Afyon Kocatepe, \u0130stanbul Geli\u015fim, Bart\u0131n ve Pamukkale \u00dcniversiteleri ile birlikte T\u00fcrkiye\u2019nin en zengin ilk 5 \u00fcniversitesi i\u00e7erisinde yer ald\u0131.<\/p>\n<p>\u00d6\u011frencilerini Uluslararas\u0131 De\u011fi\u015fim Program\u0131na En \u00c7ok G\u00f6nderen \u00dcniversiteler Aras\u0131nda \u0130lk 20\u2019deyiz<\/p>\n<p>Uluslararas\u0131 \u00fcniversiteler ile i\u015f birliklerini g\u00fc\u00e7lendiren \u00dcniversitemiz, \u00f6\u011frencilerinin Erasmus program\u0131na kat\u0131larak yeni beceriler kazanmas\u0131, ki\u015fisel geli\u015fimlerini g\u00fc\u00e7lendirmesi ve istihdam olanaklar\u0131n\u0131 art\u0131rmak i\u00e7in \u00e7al\u0131\u015fmalar\u0131n\u0131 s\u00fcrd\u00fcr\u00fcyor. Bu \u00e7al\u0131\u015fmalar\u0131n bir sonucu olarak yay\u0131mlanan rapora g\u00f6re \u00dcniversitemiz, uluslararas\u0131 de\u011fi\u015fim programlar\u0131na kat\u0131lan \u00f6\u011frenci say\u0131s\u0131n\u0131n en y\u00fcksek oldu\u011fu ilk 20 \u00fcniversite aras\u0131nda yer ald\u0131.<\/p>\n<p>Ye\u015fil Ba\u015far\u0131: \u00dcniversitemiz Ki\u015fi Ba\u015f\u0131 Karbon Ayak \u0130zinin En D\u00fc\u015f\u00fck Oldu\u011fu \u00dcniversiteler Aras\u0131nda<\/p>\n<p>S\u0131f\u0131r at\u0131k ve enerji verimlili\u011fi konusunda hayata ge\u00e7irilen ak\u0131lc\u0131 \u00e7\u00f6z\u00fcmlere ek olarak kamu kaynaklar\u0131n\u0131n verimli kullan\u0131lmas\u0131 ve k\u00fcresel iklim de\u011fi\u015fikli\u011finin \u00e7evre \u00fczerindeki yaratt\u0131\u011f\u0131 tahribat ile m\u00fccadele noktas\u0131nda \u00e7al\u0131\u015fmalar\u0131n\u0131 aral\u0131ks\u0131z s\u00fcrd\u00fcren \u00dcniversitemiz, ki\u015fi ba\u015f\u0131 karbon ayak izinin en d\u00fc\u015f\u00fck oldu\u011fu \u00fcniversiteler aras\u0131nda yer alarak bu konudaki \u00e7abas\u0131n\u0131n kar\u015f\u0131l\u0131\u011f\u0131n\u0131 ald\u0131. Rapora g\u00f6re \u00dcniversitemiz T\u00fcrkiye\u2019de ki\u015fi ba\u015f\u0131 karbon ayak izinin en d\u00fc\u015f\u00fck oldu\u011fu yedinci \u00fcniversite olma ba\u015far\u0131s\u0131n\u0131 g\u00f6sterdi.<\/p>\n<p>\u00dcniversitemizde E\u011fitime Eri\u015fim \u0130\u00e7in Engele Yer Yok: Engelli \u00d6\u011frencilerimiz \u0130\u00e7in En Eri\u015filebilir \u00dcniversiteler Aras\u0131nday\u0131z<\/p>\n<p>Engelli vatanda\u015flar\u0131m\u0131z\u0131n ve gen\u00e7lerimizin y\u00fcksek\u00f6\u011fretime etkin ve e\u015fit kat\u0131l\u0131m\u0131n\u0131 sa\u011flamak i\u00e7in her alanda \u00e7al\u0131\u015fmalar\u0131n\u0131 aral\u0131ks\u0131z s\u00fcrd\u00fcren \u00dcniversitemiz, bu alanda ger\u00e7ekle\u015ftirdi\u011fi \u00e7al\u0131\u015fmalar sonucunda Y\u00fcksek\u00f6\u011fretim Kurulu taraf\u0131ndan \u00fcniversitelere verilen \u00f6d\u00fcl veya ni\u015fan say\u0131s\u0131n\u0131n en y\u00fcksek oldu\u011fu d\u00f6rd\u00fcnc\u00fc \u00fcniversite oldu.<\/p>\n<p>\u201c\u00dcniversitemizin Elde Etti\u011fi Ba\u015far\u0131lar, Hepimiz \u0130\u00e7in B\u00fcy\u00fck Bir Gurur Kayna\u011f\u0131\u201d<\/p>\n<p>\u00dcniversitemizin g\u00f6sterdi\u011fi \u00fcst\u00fcn ba\u015far\u0131lar\u0131n, Mersin \u00dcniversitesi ailesi i\u00e7in b\u00fcy\u00fck bir gurur kayna\u011f\u0131 oldu\u011funu dile getiren Rekt\u00f6r\u00fcm\u00fcz Prof. Dr. Erol Ya\u015far, \u201cBizleri gelecekteki \u00e7al\u0131\u015fmalar\u0131m\u0131z i\u00e7in daha fazla motive eden bu ba\u015far\u0131lardan dolay\u0131 b\u00fcy\u00fck bir mutluluk ve gurur duyuyoruz. Y\u00d6K\u2019\u00fcn yay\u0131nlad\u0131\u011f\u0131 \u201c\u00dcniversite \u0130zleme ve De\u011ferlendirme Genel Raporu-2024\u201d kapsam\u0131nda, e-kaynak say\u0131s\u0131 a\u00e7\u0131s\u0131ndan \u00fclkemizin en zengin be\u015f \u00fcniversitesinden biri olmam\u0131z, \u00f6\u011frencilerimize ve \u00e7al\u0131\u015fanlar\u0131m\u0131za sundu\u011fumuz bilimsel kaynaklara eri\u015fim olanaklar\u0131n\u0131n bir g\u00f6stergesi ve ara\u015ft\u0131rmaya verdi\u011fimiz \u00f6nemin somut bir yans\u0131mas\u0131d\u0131r. Bilgiye eri\u015fimde sa\u011flad\u0131\u011f\u0131m\u0131z bu zenginlik, akademik ba\u015far\u0131lar\u0131m\u0131z\u0131 daha da ileri ta\u015f\u0131yacak g\u00fc\u00e7l\u00fc bir temeldir. Bunun yan\u0131 s\u0131ra uluslararas\u0131la\u015fma alan\u0131nda ilk 20 \u00fcniversite aras\u0131nda yer alarak \u00f6\u011frencilerimizin k\u00fcresel d\u00fcnyada rekabet edebilme yetkinliklerini geli\u015ftirmelerine katk\u0131 sa\u011fl\u0131yor olmaktan da b\u00fcy\u00fck memnuniyet duyuyoruz. Erasmus gibi de\u011fi\u015fim programlar\u0131na verdi\u011fimiz destek, gen\u00e7lerimizin sadece akademik de\u011fil, ki\u015fisel geli\u015fimlerine de katk\u0131 sa\u011flayarak onlar\u0131 gelece\u011fe haz\u0131rlamaktad\u0131r.\u201d dedi.<\/p>\n<p>\u201cBu Ba\u015far\u0131lar\u0131 M\u00fcmk\u00fcn K\u0131lan \u00dcniversitemiz \u00c7al\u0131\u015fanlar\u0131na ve \u00d6\u011frencilerimize Te\u015fekk\u00fcr Ediyorum\u201d<\/p>\n<p>Ye\u015fil kamp\u00fcs ve engelsiz \u00fcniversite alan\u0131nda ger\u00e7ekle\u015ftirilen \u00e7al\u0131\u015fmalar\u0131n sonucunda elde edilen ba\u015far\u0131lar ile ilgili de konu\u015fan \u00dcniversitemiz Rekt\u00f6r\u00fc Prof. Dr. Erol Ya\u015far, \u201cS\u00fcrd\u00fcr\u00fclebilirlik konusunda ki\u015fi ba\u015f\u0131 karbon ayak izinin en d\u00fc\u015f\u00fck oldu\u011fu \u00fcniversitelerden biri olmay\u0131 ba\u015fard\u0131k. \u00c7evre bilinci ile sorumlulu\u011fumuzu ciddiyetle ele ald\u0131\u011f\u0131m\u0131z bu d\u00f6nemde, s\u00fcrd\u00fcr\u00fclebilir bir gelecek i\u00e7in att\u0131\u011f\u0131m\u0131z her ad\u0131m, yaln\u0131zca \u00fcniversitemiz de\u011fil, d\u00fcnya i\u00e7in de \u00f6nemli bir katk\u0131d\u0131r. Ayr\u0131ca, engelli \u00f6\u011frencilerimiz i\u00e7in eri\u015filebilirlik konusunda elde etti\u011fimiz ba\u015far\u0131m\u0131z ise e\u011fitimde f\u0131rsat e\u015fitli\u011fini sa\u011flama hedefimize olan ba\u011fl\u0131l\u0131\u011f\u0131m\u0131z\u0131n en somut g\u00f6stergelerinden. Bu alanda ald\u0131\u011f\u0131m\u0131z \u00f6d\u00fcller ve ni\u015fanlar, her bireyin e\u011fitim hakk\u0131na sayg\u0131 duydu\u011fumuzun ve engelleri ortadan kald\u0131rmak i\u00e7in \u00e7al\u0131\u015ft\u0131\u011f\u0131m\u0131z\u0131n bir simgesi. Y\u00d6K\u2019\u00fcn yay\u0131nlad\u0131\u011f\u0131 \u201c\u00dcniversite \u0130zleme ve De\u011ferlendirme Genel Raporu-2024\u201d kapsam\u0131nda, d\u00f6rt farkl\u0131 kategoride en iyi 20 \u00fcniversite aras\u0131nda yerimizi almam\u0131z\u0131 m\u00fcmk\u00fcn k\u0131lan t\u00fcm akademik ve idari kadromuza, sevgili \u00f6\u011frencilerimize ve desteklerini her zaman yan\u0131m\u0131zda hissetti\u011fimiz t\u00fcm payda\u015flar\u0131m\u0131za te\u015fekk\u00fcr ediyorum. Mersin \u00dcniversitesi ailesi olarak gelecek y\u0131l ayn\u0131 raporda de\u011ferlendirilen kategorilerde \u00fcst s\u0131ralarda yer almak i\u00e7in \u00e7al\u0131\u015fmalar\u0131m\u0131z\u0131 s\u00fcrd\u00fcrece\u011fimize ve daha nice ba\u015far\u0131ya ula\u015faca\u011f\u0131m\u0131za inan\u0131yorum.\u201d ifadelerini kulland\u0131.<\/p>\n","protected":false},"excerpt":{"rendered":"<p>Y\u00fcksek\u00f6\u011fretim Kurulu\u2019nun, \u00fcniversiteleri \u201cE\u011fitim ve \u00d6\u011fretim\u201d, \u201cAra\u015ft\u0131rma-Geli\u015ftirme, Proje ve Yay\u0131n\u201d, \u201cUluslararas\u0131la\u015fma\u201d, \u201cS\u00fcrd\u00fcr\u00fclebilirlik\u201d ve \u201cTopluma Hizmet ve Sosyal Sorumluluk\u201d ba\u015fl\u0131klar\u0131nda de\u011ferlendirerek y\u00fcksek\u00f6\u011fretime yapt\u0131klar\u0131 katk\u0131 ve sa\u011flad\u0131klar\u0131 geli\u015fmeleri ortaya koyan \u201c\u00dcniversite \u0130zleme &hellip; <a href=\"https:\/\/akdenizolaygazetesi.com\/?p=32437\" class=\"more-link\">Devam\u0131n\u0131 Oku&#8230;<\/a><\/p>\n","protected":false},"author":2,"featured_media":32438,"comment_status":"open","ping_status":"open","sticky":false,"template":"","format":"standard","meta":[],"categories":[1,2,3],"tags":[],"_links":{"self":[{"href":"https:\/\/akdenizolaygazetesi.com\/index.php?rest_route=\/wp\/v2\/posts\/32437"}],"collection":[{"href":"https:\/\/akdenizolaygazetesi.com\/index.php?rest_route=\/wp\/v2\/posts"}],"about":[{"href":"https:\/\/akdenizolaygazetesi.com\/index.php?rest_route=\/wp\/v2\/types\/post"}],"author":[{"embeddable":true,"href":"https:\/\/akdenizolaygazetesi.com\/index.php?rest_route=\/wp\/v2\/users\/2"}],"replies":[{"embeddable":true,"href":"https:\/\/akdenizolaygazetesi.com\/index.php?rest_route=%2Fwp%2Fv2%2Fcomments&post=32437"}],"version-history":[{"count":1,"href":"https:\/\/akdenizolaygazetesi.com\/index.php?rest_route=\/wp\/v2\/posts\/32437\/revisions"}],"predecessor-version":[{"id":32439,"href":"https:\/\/akdenizolaygazetesi.com\/index.php?rest_route=\/wp\/v2\/posts\/32437\/revisions\/32439"}],"wp:featuredmedia":[{"embeddable":true,"href":"https:\/\/akdenizolaygazetesi.com\/index.php?rest_route=\/wp\/v2\/media\/32438"}],"wp:attachment":[{"href":"https:\/\/akdenizolaygazetesi.com\/index.php?rest_route=%2Fwp%2Fv2%2Fmedia&parent=32437"}],"wp:term":[{"taxonomy":"category","embeddable":true,"href":"https:\/\/akdenizolaygazetesi.com\/index.php?rest_route=%2Fwp%2Fv2%2Fcategories&post=32437"},{"taxonomy":"post_tag","embeddable":true,"href":"https:\/\/akdenizolaygazetesi.com\/index.php?rest_route=%2Fwp%2Fv2%2Ftags&post=32437"}],"curies":[{"name":"wp","href":"https:\/\/api.w.org\/{rel}","templated":true}]}}