{"id":32440,"date":"2024-10-15T16:09:54","date_gmt":"2024-10-15T13:09:54","guid":{"rendered":"http:\/\/akdenizolaygazetesi.com\/?p=32440"},"modified":"2024-10-15T16:09:54","modified_gmt":"2024-10-15T13:09:54","slug":"yenisehir-belediyesi-sehir-tiyatrosu-maltepede-sahne-aldi","status":"publish","type":"post","link":"https:\/\/akdenizolaygazetesi.com\/?p=32440","title":{"rendered":"Yeni\u015fehir Belediyesi \u015eehir Tiyatrosu Maltepe\u2019de sahne ald\u0131"},"content":{"rendered":"<p>Yeni\u015fehir Belediyesi taraf\u0131ndan kurulan ve sanatseverlerin be\u011fenisini kazanan Yeni\u015fehir \u015eehir Tiyatrosu, Maltepe Belediyesinin 6. Uluslararas\u0131 Tiyatro Festivali\u2019ne davet edildi. Festival kapsam\u0131nda sahnelenen &#8220;\u00c7ok Tuhaf Soru\u015fturma&#8221; adl\u0131 oyun, izleyicilerden tam not ald\u0131.<br \/>\nYeni\u015fehir Belediyesinin sanata ve k\u00fclt\u00fcre verdi\u011fi \u00f6nemin bir yans\u0131mas\u0131 olarak kurulan Yeni\u015fehir \u015eehir Tiyatrosu, ba\u015far\u0131lar\u0131na bir yenisini daha ekledi. Maltepe Belediyesinin geleneksel hale getirdi\u011fi ve bu y\u0131l 6.\u2019c\u0131s\u0131 d\u00fczenlenen Uluslararas\u0131 Tiyatro Festivali\u2019ne Yeni\u015fehir Belediyesinin tiyatro ekibi de davet edildi. \u0130stanbul\u2019da ger\u00e7ekle\u015fen festivalde sahne alan Yeni\u015fehir \u015eehir Tiyatrosu, salonu dolduran sanatseverler taraf\u0131ndan ayakta alk\u0131\u015fland\u0131. Yeni\u015fehir \u015eehir Tiyatrosu, Ortaoyuncular adl\u0131 tiyatro toplulu\u011funun kurucusu ve T\u00fcrk tiyatrosunun \u00f6nemli isimlerinden Ferhan \u015eensoy\u2019un yazd\u0131\u011f\u0131 \u201c\u00c7ok Tuhaf Soru\u015fturma\u201d adl\u0131 oyunu sahneledi.<br \/>\nYeni\u015fehir Belediye Ba\u015fkan\u0131 Abdullah \u00d6zyi\u011fit, tiyatro ekibini ba\u015far\u0131lar\u0131ndan dolay\u0131 tebrik ederek, \u201cG\u00f6reve geldikten sonra kurdu\u011fumuz Yeni\u015fehir \u015eehir Tiyatrosu, Maltepe\u2019de sahne alarak Yeni\u015fehir\u2019imizi ulusal bir platformda temsil etti. \u00c7ok prestijli bir festivale davet ald\u0131. T\u00fcm ekibimizi y\u00fcrekten kutluyorum. Gelecekte de tiyatromuzun b\u00fcy\u00fck ba\u015far\u0131lar elde edece\u011fine inan\u0131yorum. Yeni\u015fehir Belediyesi olarak sanat\u0131n her dal\u0131n\u0131 desteklemeye devam edece\u011fiz.\u201d dedi.<\/p>\n","protected":false},"excerpt":{"rendered":"<p>Yeni\u015fehir Belediyesi taraf\u0131ndan kurulan ve sanatseverlerin be\u011fenisini kazanan Yeni\u015fehir \u015eehir Tiyatrosu, Maltepe Belediyesinin 6. Uluslararas\u0131 Tiyatro Festivali\u2019ne davet edildi. Festival kapsam\u0131nda sahnelenen &#8220;\u00c7ok Tuhaf Soru\u015fturma&#8221; adl\u0131 oyun, izleyicilerden tam not &hellip; <a href=\"https:\/\/akdenizolaygazetesi.com\/?p=32440\" class=\"more-link\">Devam\u0131n\u0131 Oku&#8230;<\/a><\/p>\n","protected":false},"author":2,"featured_media":32441,"comment_status":"open","ping_status":"open","sticky":false,"template":"","format":"standard","meta":[],"categories":[1,2,3],"tags":[],"_links":{"self":[{"href":"https:\/\/akdenizolaygazetesi.com\/index.php?rest_route=\/wp\/v2\/posts\/32440"}],"collection":[{"href":"https:\/\/akdenizolaygazetesi.com\/index.php?rest_route=\/wp\/v2\/posts"}],"about":[{"href":"https:\/\/akdenizolaygazetesi.com\/index.php?rest_route=\/wp\/v2\/types\/post"}],"author":[{"embeddable":true,"href":"https:\/\/akdenizolaygazetesi.com\/index.php?rest_route=\/wp\/v2\/users\/2"}],"replies":[{"embeddable":true,"href":"https:\/\/akdenizolaygazetesi.com\/index.php?rest_route=%2Fwp%2Fv2%2Fcomments&post=32440"}],"version-history":[{"count":1,"href":"https:\/\/akdenizolaygazetesi.com\/index.php?rest_route=\/wp\/v2\/posts\/32440\/revisions"}],"predecessor-version":[{"id":32442,"href":"https:\/\/akdenizolaygazetesi.com\/index.php?rest_route=\/wp\/v2\/posts\/32440\/revisions\/32442"}],"wp:featuredmedia":[{"embeddable":true,"href":"https:\/\/akdenizolaygazetesi.com\/index.php?rest_route=\/wp\/v2\/media\/32441"}],"wp:attachment":[{"href":"https:\/\/akdenizolaygazetesi.com\/index.php?rest_route=%2Fwp%2Fv2%2Fmedia&parent=32440"}],"wp:term":[{"taxonomy":"category","embeddable":true,"href":"https:\/\/akdenizolaygazetesi.com\/index.php?rest_route=%2Fwp%2Fv2%2Fcategories&post=32440"},{"taxonomy":"post_tag","embeddable":true,"href":"https:\/\/akdenizolaygazetesi.com\/index.php?rest_route=%2Fwp%2Fv2%2Ftags&post=32440"}],"curies":[{"name":"wp","href":"https:\/\/api.w.org\/{rel}","templated":true}]}}