{"id":32443,"date":"2024-10-15T16:10:59","date_gmt":"2024-10-15T13:10:59","guid":{"rendered":"http:\/\/akdenizolaygazetesi.com\/?p=32443"},"modified":"2024-10-15T16:10:59","modified_gmt":"2024-10-15T13:10:59","slug":"mersin-buyuksehir-belediye-meclisinin-ekim-ayi-toplantisinin-2-birlesimi-gerceklesti","status":"publish","type":"post","link":"https:\/\/akdenizolaygazetesi.com\/?p=32443","title":{"rendered":"MERS\u0130N B\u00dcY\u00dcK\u015eEH\u0130R BELED\u0130YE MECL\u0130S\u0130&#8217;N\u0130N EK\u0130M AYI TOPLANTISI&#8217;NIN 2. B\u0130RLE\u015e\u0130M\u0130 GER\u00c7EKLE\u015eT\u0130"},"content":{"rendered":"<p>Mersin B\u00fcy\u00fck\u015fehir Belediye Meclisi&#8217;nin 2024 Y\u0131l\u0131 Ekim Ay\u0131 Ola\u011fan Toplant\u0131s\u0131&#8217;n\u0131n 2. Birle\u015fimi, Mersin B\u00fcy\u00fck\u015fehir Belediye Meclis 1. Ba\u015fkan Vekili Ali Uyan ba\u015fkanl\u0131\u011f\u0131nda ger\u00e7ekle\u015ftirildi.<\/p>\n<p>Mersin B\u00fcy\u00fck\u015fehir Belediye Ba\u015fkan\u0131 Vahap Se\u00e7er&#8217;in her il\u00e7eye e\u015fit hizmet g\u00f6t\u00fcrd\u00fc\u011f\u00fcn\u00fc vurgulayan Uyan,  &#8220;Vahap Se\u00e7er Ba\u015fkan\u0131m\u0131z\u0131n vatanda\u015flara olan sayg\u0131s\u0131, sevgisi ve hizmeti Erdemli i\u00e7in de Tarsus i\u00e7in de G\u00fclnar i\u00e7in de ge\u00e7erli. Bu durum bizim 13 il\u00e7emiz i\u00e7in de ge\u00e7erli. Vahap Se\u00e7er Ba\u015fkan\u0131m\u0131z\u0131n t\u00fcm Mersin&#8217;imizde ya\u015fayan vatanda\u015flar\u0131n g\u00f6nl\u00fcnde olan sevgisi ve ho\u015fg\u00f6r\u00fcs\u00fcn\u00fc 31 Mart 2024&#8217;te Mersin halk\u0131, kimsenin bunu ifade etmesine gerek b\u0131rakmadan kendisi ifade etti&#8221; dedi.<\/p>\n<p>Mersin B\u00fcy\u00fck\u015fehir Belediye Meclisi&#8217;nin 2024 Y\u0131l\u0131 Ekim Ay\u0131 Ola\u011fan Toplant\u0131s\u0131&#8217;n\u0131n 2. Birle\u015fimi, Mersin B\u00fcy\u00fck\u015fehir Belediye Meclis 1. Ba\u015fkan Vekili Ali Uyan ba\u015fkanl\u0131\u011f\u0131nda ger\u00e7ekle\u015ftirildi. Meclis Toplant\u0131s\u0131&#8217;nda; Komisyonlara Havale Edilen 6, Birimlerden Gelen 28 madde olmak \u00fczere toplam 34 madde g\u00f6r\u00fc\u015f\u00fcld\u00fc.<\/p>\n<p>Mersin B\u00fcy\u00fck\u015fehir Belediye Meclis 1. Ba\u015fkan Vekili Ali Uyan G\u00fcndem D\u0131\u015f\u0131 Konu\u015fmalar B\u00f6l\u00fcm\u00fc&#8217;nde yapt\u0131\u011f\u0131 konu\u015fmas\u0131nda; bu y\u0131l Cumhuriyet Bayram\u0131&#8217;n\u0131n 101. y\u0131l\u0131n\u0131 kutlayacaklar\u0131n\u0131 s\u00f6yleyerek, &#8220;Cumhuriyet&#8217;i kuran kadrolar\u0131n bug\u00fcnk\u00fc miras\u00e7\u0131lar\u0131 olarak g\u00f6revimiz; g\u00fczel Cumhuriyetimizi demokrasi ile ta\u00e7land\u0131rmakt\u0131r. 101. ya\u015f\u0131n\u0131 kutlayaca\u011f\u0131m\u0131z Cumhuriyet Bayram\u0131&#8217;nda; T\u00fcrkiye Cumhuriyetimizin kurucusu Ulu \u00d6nder Gazi Mustafa Kemal Atat\u00fcrk&#8217;\u00fc, m\u00fccadele arkada\u015flar\u0131n\u0131, \u015fehitlerimizi, gazilerimizi sayg\u0131yla, rahmetle ve minnetle an\u0131yoruz. 29 Ekim Cumhuriyet Bayram\u0131m\u0131z kutlu olsun&#8221; dedi.<\/p>\n<p>Mersin B\u00fcy\u00fck\u015fehir &#8216;in 2025-2029 D\u00f6nemi Stratejik Plan\u0131 oy birli\u011fiyle kabul edildi<\/p>\n<p>G\u00fcndem D\u0131\u015f\u0131 Konu\u015fmalar B\u00f6l\u00fcm\u00fc&#8217;n\u00fcn ard\u0131ndan maddelerin oylanmas\u0131na ge\u00e7ildi. Komisyonlara Havale Edilen konular aras\u0131nda yer alan; Mersin B\u00fcy\u00fck\u015fehir Belediyesi&#8217;nin 2025-2029 D\u00f6nemi Stratejik Plan\u0131 ile konu Meclis Toplant\u0131s\u0131&#8217;nda oy birli\u011fiyle kabul edildi.<\/p>\n<p>Komisyonlara Havale Edilen konulardan biri olan; Mersin B\u00fcy\u00fck\u015fehir Belediyesi Tar\u0131msal Hizmetler Dairesi Ba\u015fkanl\u0131\u011f\u0131&#8217;nca kurulmas\u0131 planlanan G\u00fcne\u015f Enerji Santralinin (GES) ve Sulama Tankeri Deste\u011fi Projesi kapsamlar\u0131nda talep sahibi sulama kooperatifi ve Mersin \u0130li Dam\u0131zl\u0131k Koyun Ke\u00e7i Yeti\u015ftiricileri Birli\u011fi&#8217;ne kay\u0131tl\u0131 yeti\u015ftiricilere proje maliyetinin y\u00fczde 50&#8217;sinin Mersin B\u00fcy\u00fck\u015fehir Belediyesi Mali Hizmetler Dairesi Ba\u015fkanl\u0131\u011f\u0131&#8217;nca a\u00e7\u0131lacak hesap numaras\u0131na &#8216;katk\u0131 pay\u0131&#8217; ad\u0131 alt\u0131nda yat\u0131r\u0131lmas\u0131 ile ilgili konu oy birli\u011fiyle kabul edildi.<\/p>\n<p>&#8220;Mersin halk\u0131; Ba\u015fkan\u0131m\u0131za olan sevgisi ve ho\u015fg\u00f6r\u00fcs\u00fcn\u00fc 31 Mart&#8217;ta ifade etti&#8221;<\/p>\n<p>Bir Meclis \u00fcyesinden gelen ve Erdemli&#8217;ye ilgi alaka g\u00f6sterilmedi\u011fi iddias\u0131na yan\u0131t veren Mersin B\u00fcy\u00fck\u015fehir Belediye Meclis 1. Ba\u015fkan Vekili Ali Uyan, &#8220;Vahap Se\u00e7er Ba\u015fkan\u0131m\u0131z\u0131n Erdemli&#8217;ye ve Erdemli halk\u0131na olan sayg\u0131s\u0131, sevgisi ve hizmeti Erdemli i\u00e7in de Tarsus i\u00e7in de G\u00fclnar i\u00e7in de ge\u00e7erli. Bu durum bizim 13 il\u00e7emiz i\u00e7in de ge\u00e7erli. Vahap Se\u00e7er Ba\u015fkan\u0131m\u0131z\u0131n t\u00fcm Mersin&#8217;imizde ya\u015fayan vatanda\u015flar\u0131n g\u00f6nl\u00fcnde olan sevgisi ve ho\u015fg\u00f6r\u00fcs\u00fcn\u00fc 31 Mart 2024&#8217;te Mersin halk\u0131, kimsenin bunu ifade etmesine gerek b\u0131rakmadan kendisi ifade etti&#8221; dedi.<\/p>\n<p>Maddelerin g\u00f6r\u00fc\u015f\u00fclmesinin ard\u0131ndan Meclis toplant\u0131s\u0131 sona erdi.<\/p>\n","protected":false},"excerpt":{"rendered":"<p>Mersin B\u00fcy\u00fck\u015fehir Belediye Meclisi&#8217;nin 2024 Y\u0131l\u0131 Ekim Ay\u0131 Ola\u011fan Toplant\u0131s\u0131&#8217;n\u0131n 2. Birle\u015fimi, Mersin B\u00fcy\u00fck\u015fehir Belediye Meclis 1. Ba\u015fkan Vekili Ali Uyan ba\u015fkanl\u0131\u011f\u0131nda ger\u00e7ekle\u015ftirildi. Mersin B\u00fcy\u00fck\u015fehir Belediye Ba\u015fkan\u0131 Vahap Se\u00e7er&#8217;in her &hellip; <a href=\"https:\/\/akdenizolaygazetesi.com\/?p=32443\" class=\"more-link\">Devam\u0131n\u0131 Oku&#8230;<\/a><\/p>\n","protected":false},"author":2,"featured_media":32444,"comment_status":"open","ping_status":"open","sticky":false,"template":"","format":"standard","meta":[],"categories":[1,2,3],"tags":[],"_links":{"self":[{"href":"https:\/\/akdenizolaygazetesi.com\/index.php?rest_route=\/wp\/v2\/posts\/32443"}],"collection":[{"href":"https:\/\/akdenizolaygazetesi.com\/index.php?rest_route=\/wp\/v2\/posts"}],"about":[{"href":"https:\/\/akdenizolaygazetesi.com\/index.php?rest_route=\/wp\/v2\/types\/post"}],"author":[{"embeddable":true,"href":"https:\/\/akdenizolaygazetesi.com\/index.php?rest_route=\/wp\/v2\/users\/2"}],"replies":[{"embeddable":true,"href":"https:\/\/akdenizolaygazetesi.com\/index.php?rest_route=%2Fwp%2Fv2%2Fcomments&post=32443"}],"version-history":[{"count":1,"href":"https:\/\/akdenizolaygazetesi.com\/index.php?rest_route=\/wp\/v2\/posts\/32443\/revisions"}],"predecessor-version":[{"id":32445,"href":"https:\/\/akdenizolaygazetesi.com\/index.php?rest_route=\/wp\/v2\/posts\/32443\/revisions\/32445"}],"wp:featuredmedia":[{"embeddable":true,"href":"https:\/\/akdenizolaygazetesi.com\/index.php?rest_route=\/wp\/v2\/media\/32444"}],"wp:attachment":[{"href":"https:\/\/akdenizolaygazetesi.com\/index.php?rest_route=%2Fwp%2Fv2%2Fmedia&parent=32443"}],"wp:term":[{"taxonomy":"category","embeddable":true,"href":"https:\/\/akdenizolaygazetesi.com\/index.php?rest_route=%2Fwp%2Fv2%2Fcategories&post=32443"},{"taxonomy":"post_tag","embeddable":true,"href":"https:\/\/akdenizolaygazetesi.com\/index.php?rest_route=%2Fwp%2Fv2%2Ftags&post=32443"}],"curies":[{"name":"wp","href":"https:\/\/api.w.org\/{rel}","templated":true}]}}