{"id":3245,"date":"2020-11-04T18:23:43","date_gmt":"2020-11-04T15:23:43","guid":{"rendered":"http:\/\/mersinekonomipolitikagazetesi.com\/?p=3245"},"modified":"2020-11-04T18:23:43","modified_gmt":"2020-11-04T15:23:43","slug":"gizemli-kazi-bitti-kirmizi-ev-kaderine-terk-edildi","status":"publish","type":"post","link":"https:\/\/akdenizolaygazetesi.com\/?p=3245","title":{"rendered":"&#8220;Gizemli kaz\u0131&#8221; bitti &#8220;k\u0131rm\u0131z\u0131 ev&#8221; kaderine terk edildi"},"content":{"rendered":"<p>Kaz\u0131 alan\u0131 yak\u0131n\u0131nda bulunan evlerdeki \u00e7atlaklar\u0131n devam etti\u011fi g\u00f6r\u00fcld\u00fc. Mahalle halk\u0131 da olu\u015fan \u00e7atlaklardan sonra evleri terk etmeye ba\u015flad\u0131, evler ve sokaklar bombo\u015f kald\u0131.<\/p>\n<p>Mersin&#8217;in Tarsus il\u00e7esinde gizemli kaz\u0131n\u0131n yap\u0131ld\u0131\u011f\u0131 \u2018k\u0131rm\u0131z\u0131 ev\u2019 kaderiyle ba\u015f ba\u015fa b\u0131rak\u0131ld\u0131.\u00a0<br \/>\n82 Evler Mahallesi&#8217;nde bulunan m\u00fcstakil bir evde, \u00f6zel harekat polisleri g\u00f6zetiminde yakla\u015f\u0131k 1 y\u0131l s\u00fcren gizemli kaz\u0131 9 ay \u00f6nce sona ermi\u015f ve alan kapat\u0131lm\u0131\u015ft\u0131. K\u0131rm\u0131z\u0131 evin sahipleri ise hen\u00fcz ortaya \u00e7\u0131kmad\u0131.\u00a0<br \/>\nKaz\u0131 alan\u0131n\u0131n yak\u0131n\u0131nda bulunan evlerin b\u00fcy\u00fck bir k\u0131sm\u0131 zarar g\u00f6rm\u00fc\u015f, binalarda i\u00e7li, d\u0131\u015fl\u0131 irili ufakl\u0131 \u00e7atlaklar olu\u015fmu\u015ftu. Mahalle sakinleri kaz\u0131 bittikten sonra \u00e7atlaklar\u0131n devam etti\u011fini, ma\u011fdur olduklar\u0131n\u0131, devlet yetkililerinden yard\u0131m beklediklerini s\u00f6yl\u00fcyor.\u00a0<br \/>\nMahalle sakinleri bas\u0131n mensuplar\u0131na konu\u015fmaya \u00e7ekinirken, mahallede sessizlik hakim, evin bulundu\u011fu sokakta endi\u015feli bekleyi\u015f s\u00fcr\u00fcyor.\u00a0<br \/>\nKaz\u0131 \u00e7al\u0131\u015fmas\u0131 9 ay evvel bitmesine ra\u011fmen vatanda\u015flar\u0131n ma\u011fduriyetinin giderilmedi\u011fini dile getiren ve kameraya konu\u015fmayan vatanda\u015flar, \u00e7aresizlik i\u00e7inde beklediklerini ifade ettiler.\u00a0<br \/>\nKaz\u0131 alan\u0131n\u0131n yak\u0131n\u0131nda bulunan evlerdeki \u00e7atlaklar\u0131n devam etti\u011fi g\u00f6r\u00fcld\u00fc.\u00a0<br \/>\nTarsuslu vatanda\u015flardan Murat G\u00f6lge, &#8220;Buradaki evlerin b\u00fcy\u00fck bir k\u0131sm\u0131 \u00e7atlad\u0131. Kaz\u0131 bittikten sonra herhangi bir i\u015flem yap\u0131lmad\u0131. Mahalle halk\u0131 da buray\u0131 terk etmi\u015f vaziyette. Evler ve sokaklar sessiz bir \u015fekilde bombo\u015f&#8221; dedi.\u00a0<br \/>\nUfuk Aktan ise, &#8220;Buras\u0131 bir s\u00fcre \u00f6nce yetkililer taraf\u0131ndan kaz\u0131lm\u0131\u015ft\u0131. Mahalle halk\u0131 evleri bo\u015faltmak zorunda kald\u0131. G\u00f6rd\u00fc\u011f\u00fcn\u00fcz gibi mahallede ya\u015fayan kimse yok. Ne olacak kimse bilmiyor&#8221; diye konu\u015ftu. \u00a0<\/p>\n","protected":false},"excerpt":{"rendered":"<p>Kaz\u0131 alan\u0131 yak\u0131n\u0131nda bulunan evlerdeki \u00e7atlaklar\u0131n devam etti\u011fi g\u00f6r\u00fcld\u00fc. Mahalle halk\u0131 da olu\u015fan \u00e7atlaklardan sonra evleri terk etmeye ba\u015flad\u0131, evler ve sokaklar bombo\u015f kald\u0131. Mersin&#8217;in Tarsus il\u00e7esinde gizemli kaz\u0131n\u0131n yap\u0131ld\u0131\u011f\u0131 &hellip; <a href=\"https:\/\/akdenizolaygazetesi.com\/?p=3245\" class=\"more-link\">Devam\u0131n\u0131 Oku&#8230;<\/a><\/p>\n","protected":false},"author":1,"featured_media":0,"comment_status":"open","ping_status":"open","sticky":false,"template":"","format":"standard","meta":[],"categories":[],"tags":[],"_links":{"self":[{"href":"https:\/\/akdenizolaygazetesi.com\/index.php?rest_route=\/wp\/v2\/posts\/3245"}],"collection":[{"href":"https:\/\/akdenizolaygazetesi.com\/index.php?rest_route=\/wp\/v2\/posts"}],"about":[{"href":"https:\/\/akdenizolaygazetesi.com\/index.php?rest_route=\/wp\/v2\/types\/post"}],"author":[{"embeddable":true,"href":"https:\/\/akdenizolaygazetesi.com\/index.php?rest_route=\/wp\/v2\/users\/1"}],"replies":[{"embeddable":true,"href":"https:\/\/akdenizolaygazetesi.com\/index.php?rest_route=%2Fwp%2Fv2%2Fcomments&post=3245"}],"version-history":[{"count":0,"href":"https:\/\/akdenizolaygazetesi.com\/index.php?rest_route=\/wp\/v2\/posts\/3245\/revisions"}],"wp:attachment":[{"href":"https:\/\/akdenizolaygazetesi.com\/index.php?rest_route=%2Fwp%2Fv2%2Fmedia&parent=3245"}],"wp:term":[{"taxonomy":"category","embeddable":true,"href":"https:\/\/akdenizolaygazetesi.com\/index.php?rest_route=%2Fwp%2Fv2%2Fcategories&post=3245"},{"taxonomy":"post_tag","embeddable":true,"href":"https:\/\/akdenizolaygazetesi.com\/index.php?rest_route=%2Fwp%2Fv2%2Ftags&post=3245"}],"curies":[{"name":"wp","href":"https:\/\/api.w.org\/{rel}","templated":true}]}}