{"id":32453,"date":"2024-10-15T16:15:44","date_gmt":"2024-10-15T13:15:44","guid":{"rendered":"http:\/\/akdenizolaygazetesi.com\/?p=32453"},"modified":"2024-10-15T16:15:44","modified_gmt":"2024-10-15T13:15:44","slug":"vali-ali-hamza-pehlivan-ilimizde-yurutulmekte-olan-guvenlik-ve-asayis-hizmetlerine-iliskin-aciklamalarda-bulundu-2","status":"publish","type":"post","link":"https:\/\/akdenizolaygazetesi.com\/?p=32453","title":{"rendered":"VAL\u0130 AL\u0130 HAMZA PEHL\u0130VAN, \u0130L\u0130M\u0130ZDE Y\u00dcR\u00dcT\u00dcLMEKTE OLAN G\u00dcVENL\u0130K VE ASAY\u0130\u015e H\u0130ZMETLER\u0130NE \u0130L\u0130\u015eK\u0130N A\u00c7IKLAMALARDA BULUNDU"},"content":{"rendered":"<p>Valimiz Ali Hamza Pehlivan, \u0130limizde y\u00fcr\u00fct\u00fclmekte olan g\u00fcvenlik ve asayi\u015f hizmetlerine ili\u015fkin a\u00e7\u0131klamalarda bulundu.<\/p>\n<p>Vali Pehlivan; Vali Yard\u0131mc\u0131s\u0131 Adem Y\u0131lmaz, \u0130l Emniyet M\u00fcd\u00fcr\u00fc Kamil Karab\u00f6rk, \u0130l Jandarma Komutan\u0131 Tu\u011fgeneral Ercan Atasoy ve Sahil G\u00fcvenlik Akdeniz B\u00f6lge Komutan\u0131 Tu\u011famiral O\u011fuz Bavbek ile bas\u0131n mensuplar\u0131na yapm\u0131\u015f oldu\u011fu a\u00e7\u0131klamalarda; \u201cBug\u00fcn sizlerle Mersin \u0130limizde ge\u00e7en 9 ay i\u00e7erisinde yerine getirilmekte olan asayi\u015f ve g\u00fcvenlik hizmetlerine ili\u015fkin bilgileri payla\u015fmak \u00fczere bir araya geldik. <\/p>\n<p>\u0130limizde bu konudaki \u00e7al\u0131\u015fmalar kesintisiz bir \u015fekilde devam etmektedir.  G\u00fcnl\u00fck, haftal\u0131k olay, konu ve operasyon bazl\u0131 \u00e7al\u0131\u015fmalar\u0131 g\u00fcvenlik birimlerimizin faaliyetlerini ve ayl\u0131k olarak da genel bilgileri vatanda\u015flar\u0131m\u0131zla payla\u015fm\u0131\u015f oluyoruz. <\/p>\n<p>\u0130limizde asayi\u015f ve g\u00fcvenlik konular\u0131ndaki hizmetler \u0130l Emniyet M\u00fcd\u00fcrl\u00fc\u011f\u00fcm\u00fczde g\u00f6revli 7.710 personel, \u0130l Jandarma Komutanl\u0131\u011f\u0131m\u0131zda g\u00f6revli 2.907 personel, Sahil G\u00fcvenlik Komutanl\u0131\u011f\u0131m\u0131zda g\u00f6revli 643 personel olmak \u00fczere toplam 11.260 personelimiz ile birlikte y\u00fcr\u00fctmekteyiz.<\/p>\n<p>Malumunuz g\u00fcvenlik birimlerimiz 7\/24 esas\u0131na g\u00f6re gece g\u00fcnd\u00fcz demeden sahada her konu ba\u015fl\u0131\u011f\u0131nda, su\u00e7a ve su\u00e7luya kar\u015f\u0131 m\u00fccadelesini tavizsiz bir \u015fekilde s\u00fcrd\u00fcrmektedir. Bug\u00fcn sizlerle payla\u015faca\u011f\u0131m bilgiler \u00f6nceki toplant\u0131larda oldu\u011fu gibi bir \u00f6nceki y\u0131l\u0131n ayn\u0131 d\u00f6nemine oranla nisbi k\u0131yaslamayla birlikte payla\u015faca\u011f\u0131m bilgileri i\u00e7ermektedir.<\/p>\n<p>Bu ba\u011flamda \u0130limiz genelinde asayi\u015f, ka\u00e7ak\u00e7\u0131l\u0131k, organize, narkotik, g\u00f6\u00e7men ka\u00e7ak\u00e7\u0131l\u0131\u011f\u0131, siber ve ter\u00f6r su\u00e7lar\u0131 dahil olmak \u00fczere 2024 y\u0131l\u0131n\u0131n ilk 9 ay\u0131nda 69.209 asayi\u015f olay\u0131 meydana gelmi\u015f, bir \u00f6nceki y\u0131l\u0131n ayn\u0131 d\u00f6nemiyle k\u0131yaslad\u0131\u011f\u0131m\u0131zda asayi\u015f olaylar\u0131nda %6 nispetinde azal\u0131\u015f ya\u015fanm\u0131\u015ft\u0131r. 2024 y\u0131l\u0131nda meydana gelen asayi\u015f olaylar\u0131n ayd\u0131nlatma oran\u0131 %94\u2019t\u00fcr. <\/p>\n<p>Asayi\u015f olaylar\u0131nda yakalanan ve tutuklanan ki\u015fi say\u0131s\u0131; 2024 y\u0131l\u0131n\u0131n 9 ayl\u0131k s\u00fcre i\u00e7erisinde toplamda 50.661 ki\u015fi yakalanm\u0131\u015f, bu \u015fah\u0131slardan 3.540\u2019\u0131 tutuklanm\u0131\u015f olup, tutuklama oran\u0131nda %20 nispetinde art\u0131\u015f ya\u015fanm\u0131\u015ft\u0131r. <\/p>\n<p>Faili me\u00e7hul olarak kay\u0131tlara ge\u00e7en asayi\u015f olaylar\u0131na bakt\u0131\u011f\u0131m\u0131zda, ilk 9 ayl\u0131k d\u00f6nemde 6.137 faili me\u00e7hul olay ger\u00e7ekle\u015fmi\u015f bir \u00f6nceki y\u0131l g\u00f6re %47 nispetinde azal\u0131\u015f ya\u015fanm\u0131\u015ft\u0131r. 2024 y\u0131l\u0131nda faili me\u00e7hul olarak kay\u0131tlara ge\u00e7en olaylar\u0131n ayd\u0131nlatma oran\u0131 %94\u2019t\u00fcr. <\/p>\n<p>Ki\u015filere kar\u015f\u0131 i\u015flenen su\u00e7larla ilgili kay\u0131tlara bakacak olursak ayn\u0131 d\u00f6nemde 23.639 ki\u015filere kar\u015f\u0131 i\u015flenen su\u00e7 olay\u0131 ger\u00e7ekle\u015fmi\u015f %13 nispetinde azal\u0131\u015f ya\u015fanm\u0131\u015ft\u0131r. 2024 y\u0131l\u0131nda meydana gelen olaylar\u0131n ayd\u0131nlatma oran\u0131 %98\u2019dir. <\/p>\n<p>Mal varl\u0131\u011f\u0131na kar\u015f\u0131 i\u015flenen su\u00e7larla ilgili kay\u0131tlara ge\u00e7en asayi\u015f olaylar\u0131nda; 2024 y\u0131l\u0131n\u0131n ilk 9 ay\u0131nda 11.628 malvarl\u0131\u011f\u0131na kar\u015f\u0131 i\u015flenen su\u00e7 olay\u0131 ger\u00e7ekle\u015fmi\u015f bir \u00f6nceki y\u0131lla k\u0131yasland\u0131\u011f\u0131nda %30 azal\u0131\u015f ya\u015fanm\u0131\u015ft\u0131r. 2024 y\u0131l\u0131nda meydana gelen olaylar\u0131n ayd\u0131nlatma oran\u0131 %83\u2019t\u00fcr. <\/p>\n<p>H\u0131rs\u0131zl\u0131k ile ilgili asayi\u015f olaylar\u0131nda ise ilk 9 ayl\u0131k d\u00f6nemde 4.470 h\u0131rs\u0131zl\u0131k olay\u0131 ger\u00e7ekle\u015fmi\u015f %43 nispetinde azal\u0131\u015f ya\u015fanm\u0131\u015ft\u0131r. 2024 y\u0131l\u0131nda meydana gelen olaylar\u0131n ayd\u0131nlatma oran\u0131 %73\u2019t\u00fcr.<\/p>\n<p>\u00c7E\u015e\u0130TL\u0130 SU\u00c7LARDAN HAKLARINDA KES\u0130NLE\u015eM\u0130\u015e HAP\u0130S CEZASI OLAN \u015eAHISLARIN YAKALANMASINA Y\u00d6NEL\u0130K Y\u00dcR\u00dcT\u00dcLEN \u00c7ALI\u015eMALAR NET\u0130CES\u0130NDE;<\/p>\n<p>G\u00fcvenlik birimlerimizin bu konuda yo\u011fun \u00e7al\u0131\u015fmalar\u0131 bulunmaktad\u0131r. Bu kapsamda 2024 y\u0131l\u0131n\u0131n ilk 9 ay\u0131nda 18.616 \u015fah\u0131s yakalanm\u0131\u015f yakalamalarda %65 nispetinde art\u0131\u015f ya\u015fanm\u0131\u015ft\u0131r. Yakalanan \u015fah\u0131slar su\u00e7 gruplar\u0131na g\u00f6re mahkemelerin vermi\u015f oldu\u011fu cezan\u0131n mahiyetine g\u00f6re de\u011fi\u015fiklik arz etmektedir. Haklar\u0131nda kesinle\u015fmi\u015f hapis cezas\u0131 olanlar\u0131n ceza s\u00fcrelerinde 0-5 y\u0131l, 5-10 y\u0131l, 10-20 y\u0131l ve 20 y\u0131l ve \u00fczeri olmak \u00fczere de\u011fi\u015fkenlik bulunmaktad\u0131r. Rakamlara bakt\u0131\u011f\u0131m\u0131zda da 18.616 rakam\u0131 i\u00e7erisinde bir k\u0131sm\u0131 Mersin n\u00fcfusuna kay\u0131tl\u0131 vatanda\u015flar olmakla birlikte \u00f6nemli bir k\u0131sm\u0131n\u0131n da di\u011fer \u0130llere kay\u0131tl\u0131 vatanda\u015flardan m\u00fcte\u015fekkil oldu\u011funu g\u00f6r\u00fcyoruz.<\/p>\n<p>KA\u00c7AK\u00c7ILIK VE ORGAN\u0130ZE SU\u00c7LAR \u0130LE M\u00dcCADELE KAPSAMINDA;<\/p>\n<p>Ka\u00e7ak\u00e7\u0131l\u0131k ve organize su\u00e7larla m\u00fccadele kapsam\u0131nda emniyet ve jandarma birimlerimiz yo\u011fun bir faaliyet, \u00e7al\u0131\u015fma ve operasyon y\u00fcr\u00fctm\u00fc\u015ft\u00fcr. 9 ayl\u0131k s\u00fcre i\u00e7erisinde 989 \u00e7al\u0131\u015fma yap\u0131lm\u0131\u015f 1.467 \u015fah\u0131s yakalanm\u0131\u015f 228\u2019i tutuklam\u0131\u015ft\u0131r.<\/p>\n<p>\u00c7al\u0131\u015fma say\u0131lar\u0131nda %18 art\u0131\u015f, yakalanan \u015fah\u0131slarda %15 art\u0131\u015f, tutuklama oran\u0131nda ise %44 art\u0131\u015f ya\u015fanm\u0131\u015ft\u0131r. Olaylar\u0131n tamam\u0131 ayd\u0131nlat\u0131lm\u0131\u015ft\u0131r. <\/p>\n<p>UYU\u015eTURUCU \u0130LE M\u00dcCADELE KAPSAMINDA;<\/p>\n<p>Uyu\u015fturucuyla m\u00fccadele muhakkak ki en \u00f6nemli faaliyet, \u00e7al\u0131\u015fma ve operasyon alanlar\u0131ndan birisidir. Bu konuda da 2024 y\u0131l\u0131n\u0131n ilk 9 ay\u0131nda 5.077 \u00e7al\u0131\u015fma yap\u0131lm\u0131\u015f 5.910 \u015fah\u0131s yakalanm\u0131\u015f, yakalanan \u015fah\u0131slar\u0131n 590\u2019\u0131 tutuklanm\u0131\u015f; \u00e7al\u0131\u015fma say\u0131lar\u0131nda %20 art\u0131\u015f, yakalanan \u015fah\u0131slarda %20 art\u0131\u015f, tutuklama oran\u0131nda %34 art\u0131\u015f ya\u015fanm\u0131\u015ft\u0131r. Olaylar\u0131n tamam\u0131 ayd\u0131nlat\u0131lm\u0131\u015ft\u0131r.<\/p>\n<p>Narkotik konusundaki e\u011fitim ve seminer faaliyetleri uyu\u015fturucuyla m\u00fccadele kapsam\u0131nda \u00fczerinde en \u00e7ok durdu\u011fumuz hususlardan birisidir. Bu kapsamda \u0130\u00e7i\u015fleri Bakanl\u0131\u011f\u0131m\u0131z\u0131n himayesinde yurdumuz genelinde uygulanmakta olan En \u0130yi Narkotik Polisi Anne uygulamas\u0131 kapsam\u0131nda 2024 y\u0131l\u0131n\u0131n 9 ay\u0131nda 22.594 ki\u015fiye e\u011fitim verilmi\u015f %102 art\u0131\u015f ger\u00e7ekle\u015fmi\u015ftir. <\/p>\n<p>G\u00d6\u00c7MEN KA\u00c7AK\u00c7ILI\u011eI \u0130LE M\u00dcCADELE KAPSAMINDA;<\/p>\n<p>2024 y\u0131l\u0131n\u0131n ilk 9 ay\u0131nda 73 g\u00f6\u00e7men ka\u00e7ak\u00e7\u0131s\u0131 yakalanm\u0131\u015f ve bu \u015fah\u0131slar hakk\u0131nda gerekli adli i\u015flem tesis edilmi\u015ftir. <\/p>\n<p>TER\u00d6R \u0130LE M\u00dcCADELE KAPSAMINDA; <\/p>\n<p>2024 y\u0131l\u0131n\u0131n 9 ay\u0131nda 353 operasyon yap\u0131lm\u0131\u015f, 460 ki\u015fi yakalanm\u0131\u015f 177\u2019si tutuklanm\u0131\u015f, operasyon say\u0131lar\u0131nda %35 art\u0131\u015f, yakalanan \u015fah\u0131slarda %30 art\u0131\u015f, tutuklama oran\u0131nda %43 art\u0131\u015f ya\u015fanm\u0131\u015ft\u0131r.<\/p>\n<p>S\u0130BER SU\u00c7LARLA M\u00dcCADELE KAPSAMINDA; <\/p>\n<p>2024 y\u0131l\u0131n\u0131n 9 ay\u0131nda 2.359 \u00e7al\u0131\u015fma yap\u0131lm\u0131\u015f 480 \u015fah\u0131s yakalanm\u0131\u015f 201\u2019i tutuklanm\u0131\u015f, \u00e7al\u0131\u015fma say\u0131lar\u0131nda %10 azal\u0131\u015f, yakalanan \u015fah\u0131slarda %433 art\u0131\u015f, tutuklama oran\u0131nda ise %25 art\u0131\u015f ya\u015fanm\u0131\u015ft\u0131r.<\/p>\n<p>TRAF\u0130K DENET\u0130MLER\u0130 KAPSAMINDA; <\/p>\n<p>2024 y\u0131l\u0131n\u0131n ilk 9 ay\u0131nda 2.437.566 ara\u00e7 kontrol edilmi\u015f ve bir \u00f6nceki y\u0131la g\u00f6re k\u0131yasland\u0131\u011f\u0131nda %28 art\u0131\u015f ger\u00e7ekle\u015fmi\u015ftir. <\/p>\n<p>DENETLENEN OKUL SERV\u0130S\u0130 ARACI; <\/p>\n<p>2024 y\u0131l\u0131n\u0131n ilk 9 ay\u0131nda 17.190 okul servisi kontrol edilmi\u015f, denetimlerde %54 art\u0131\u015f ger\u00e7ekle\u015fmi\u015ftir. <\/p>\n<p>CEZA\u0130 \u0130\u015eLEM YAPILAN OKUL SERV\u0130S ARACI; <\/p>\n<p>2024 y\u0131l\u0131n\u0131n ilk 9 ay\u0131nda 828 okul servis arac\u0131na i\u015flem yap\u0131lm\u0131\u015f, i\u015flem yap\u0131lan ara\u00e7 say\u0131lar\u0131nda %95 art\u0131\u015f ger\u00e7ekle\u015fmi\u015ftir.<\/p>\n<p>DENETLENEN T\u0130CAR\u0130 TAKS\u0130 SAYISI; <\/p>\n<p>Ticari taksilere y\u00f6nelik denetimlerde 2024 y\u0131l\u0131n\u0131n ilk 9 ay\u0131nda 16.402 ticari taksi denetlenmi\u015f ve denetlemelerde %40 art\u0131\u015f ger\u00e7ekle\u015fmi\u015ftir.<\/p>\n<p>TRAF\u0130KTEN MEN ED\u0130LEN ARA\u00c7 SAYILARINDA; <\/p>\n<p>2024 y\u0131l\u0131n\u0131n ilk 9 ay\u0131nda 17.289 ara\u00e7 trafikten men edilmi\u015f ve bu kapsamda %138 art\u0131\u015f ger\u00e7ekle\u015fmi\u015ftir. <\/p>\n<p>SAH\u0130L G\u00dcVENL\u0130K AKDEN\u0130Z B\u00d6LGE KOMUTANLI\u011eI\u2019NIN Y\u00dcR\u00dcTT\u00dc\u011e\u00dc \u00c7ALI\u015eMALAR KAPSAMINDA<\/p>\n<p>2024 y\u0131l\u0131n\u0131n ilk 9 ay\u0131nda 12.872 saat g\u00f6rev icra edilmi\u015ftir. 2024 y\u0131l\u0131n\u0131n ilk 9 ay\u0131nda 4.021 tekne kontrol edilmi\u015f, %10 art\u0131\u015f ger\u00e7ekle\u015fmi\u015ftir. 2024 y\u0131l\u0131n\u0131n ilk 9 ay\u0131nda 73 deniz arac\u0131na idari para cezas\u0131 uygulanm\u0131\u015ft\u0131r. \u00c7evre kurallar\u0131n\u0131 ihlal eden 6 deniz arac\u0131 savc\u0131l\u0131\u011fa sevk edilmi\u015ftir. <\/p>\n<p>K\u0130\u015e\u0130LERE Y\u00d6NEL\u0130K YAPILAN K\u0130HB\u0130 SORGULAMASINDA;<\/p>\n<p>2024 y\u0131l\u0131n\u0131n ilk 9 ay\u0131nda 21.820 ki\u015finin sorgulamas\u0131 yap\u0131lm\u0131\u015f olup 33 ki\u015finin arand\u0131\u011f\u0131 tespit edilmi\u015ftir. Sorgulama say\u0131s\u0131nda %17 art\u0131\u015f ger\u00e7ekle\u015fmi\u015ftir.<br \/>\nDenizden kurtar\u0131lan ki\u015fi say\u0131s\u0131 2024 y\u0131l\u0131n\u0131n ilk 9 ay\u0131nda 16 ki\u015fi olarak ger\u00e7ekle\u015fmi\u015ftir.<\/p>\n<p>Asayi\u015f ve g\u00fcvenlik konular\u0131, kamu hizmetleri i\u00e7erisinde en \u00f6nemli, \u00f6ncelikli konular\u0131m\u0131z\u0131n ba\u015f\u0131nda gelmektedir. <\/p>\n<p>Vatanda\u015flar\u0131m\u0131z\u0131n huzuru, esenli\u011fi hepimiz i\u00e7in b\u00fct\u00fcn kamu birimlerimiz ve ba\u015fta g\u00fcvenlik birimlerimiz i\u00e7in ziyadesiyle \u00f6nemlidir. Hayati \u00f6nemi haizdir. B\u00f6ylesi \u00f6nemli bir hizmet alan\u0131nda b\u00fct\u00fcn personelimizle, b\u00fct\u00fcn ekiplerimizle birlikte, mesai mefhumu g\u00f6zetmeksizin gece g\u00fcnd\u00fcz demeden 7 g\u00fcn, 24 saat, y\u0131l\u0131n 365 g\u00fcn\u00fc esas\u0131yla \u00e7al\u0131\u015fmalar\u0131m\u0131z bug\u00fcne kadar s\u00fcrm\u00fc\u015ft\u00fcr. Bundan sonra da artan bir hassasiyetle devam edecektir. Vatanda\u015flar\u0131m\u0131z\u0131n huzurunu bozmaya y\u00f6nelik hangi konuda olursa olsun hangi ba\u015fl\u0131kta olursa olsun su\u00e7a ve su\u00e7luya y\u00f6nelik \u00e7al\u0131\u015fmalar\u0131m\u0131z, m\u00fccadelelerimiz, operasyonlar\u0131m\u0131z devam edecektir. <\/p>\n<p>Temel amac\u0131m\u0131z vatanda\u015flar\u0131m\u0131z\u0131n sosyal hayatlar\u0131n\u0131, ekonomik hayatlar\u0131n\u0131, e\u011fitim hayatlar\u0131n\u0131; hayata dair b\u00fct\u00fcn alanlardaki faaliyetlerini, g\u00fcnl\u00fck ya\u015famlar\u0131n\u0131 huzurlu ve sa\u011fl\u0131kl\u0131 \u015fekilde esenlik i\u00e7erisinde ge\u00e7irmelerini sa\u011flamakt\u0131r. \u00c7ok \u015f\u00fck\u00fcr Mersin \u0130limizde genel olarak huzurlu bir ortam\u0131m\u0131z var. Bunu daim k\u0131lmak ad\u0131na gayretlerimiz, ekiplerimizle, sorumlu birimlerimizle birlikte bug\u00fcne kadar oldu\u011fu gibi bundan sonra da devam edecektir. <\/p>\n<p>Huzurumuzu bozmaya \u00e7al\u0131\u015fanlara bug\u00fcne kadar asla taviz verilmemi\u015ftir. Bundan sonra da asla taviz verilmeyecektir. Arkada\u015flar\u0131m\u0131z, ekiplerimiz bu konudaki takiplerini kesintisiz ve tavizsiz bir \u015fekilde devam ettirmektedir. Ben, g\u00fcvenlik ve asayi\u015f hizmetleri konusunda g\u00f6rev yapan b\u00fct\u00fcn ekiplerimize, emniyet, jandarma ve sahil g\u00fcvenlik birimlerimize te\u015fekk\u00fcr ediyorum. Bundan sonraki \u00e7al\u0131\u015fmalar\u0131nda ba\u015far\u0131lar diliyorum. <\/p>\n<p>Bu vesileyle Mersinli sayg\u0131de\u011fer hem\u015ferilerimize en i\u00e7ten dileklerimi, sevgilerimi, sayg\u0131lar\u0131m\u0131 sunuyorum. Onlar\u0131n g\u00fcvenli\u011fi, huzuru, esenli\u011fi i\u00e7in gece g\u00fcnd\u00fcz \u00e7al\u0131\u015fmaya devam edece\u011fimizi ifade etmek istiyorum.\u2019\u2019 dedi.<\/p>\n","protected":false},"excerpt":{"rendered":"<p>Valimiz Ali Hamza Pehlivan, \u0130limizde y\u00fcr\u00fct\u00fclmekte olan g\u00fcvenlik ve asayi\u015f hizmetlerine ili\u015fkin a\u00e7\u0131klamalarda bulundu. Vali Pehlivan; Vali Yard\u0131mc\u0131s\u0131 Adem Y\u0131lmaz, \u0130l Emniyet M\u00fcd\u00fcr\u00fc Kamil Karab\u00f6rk, \u0130l Jandarma Komutan\u0131 Tu\u011fgeneral Ercan &hellip; <a href=\"https:\/\/akdenizolaygazetesi.com\/?p=32453\" class=\"more-link\">Devam\u0131n\u0131 Oku&#8230;<\/a><\/p>\n","protected":false},"author":2,"featured_media":32454,"comment_status":"open","ping_status":"open","sticky":false,"template":"","format":"standard","meta":[],"categories":[1,2,3],"tags":[],"_links":{"self":[{"href":"https:\/\/akdenizolaygazetesi.com\/index.php?rest_route=\/wp\/v2\/posts\/32453"}],"collection":[{"href":"https:\/\/akdenizolaygazetesi.com\/index.php?rest_route=\/wp\/v2\/posts"}],"about":[{"href":"https:\/\/akdenizolaygazetesi.com\/index.php?rest_route=\/wp\/v2\/types\/post"}],"author":[{"embeddable":true,"href":"https:\/\/akdenizolaygazetesi.com\/index.php?rest_route=\/wp\/v2\/users\/2"}],"replies":[{"embeddable":true,"href":"https:\/\/akdenizolaygazetesi.com\/index.php?rest_route=%2Fwp%2Fv2%2Fcomments&post=32453"}],"version-history":[{"count":1,"href":"https:\/\/akdenizolaygazetesi.com\/index.php?rest_route=\/wp\/v2\/posts\/32453\/revisions"}],"predecessor-version":[{"id":32455,"href":"https:\/\/akdenizolaygazetesi.com\/index.php?rest_route=\/wp\/v2\/posts\/32453\/revisions\/32455"}],"wp:featuredmedia":[{"embeddable":true,"href":"https:\/\/akdenizolaygazetesi.com\/index.php?rest_route=\/wp\/v2\/media\/32454"}],"wp:attachment":[{"href":"https:\/\/akdenizolaygazetesi.com\/index.php?rest_route=%2Fwp%2Fv2%2Fmedia&parent=32453"}],"wp:term":[{"taxonomy":"category","embeddable":true,"href":"https:\/\/akdenizolaygazetesi.com\/index.php?rest_route=%2Fwp%2Fv2%2Fcategories&post=32453"},{"taxonomy":"post_tag","embeddable":true,"href":"https:\/\/akdenizolaygazetesi.com\/index.php?rest_route=%2Fwp%2Fv2%2Ftags&post=32453"}],"curies":[{"name":"wp","href":"https:\/\/api.w.org\/{rel}","templated":true}]}}