{"id":32456,"date":"2024-10-15T16:18:18","date_gmt":"2024-10-15T13:18:18","guid":{"rendered":"http:\/\/akdenizolaygazetesi.com\/?p=32456"},"modified":"2024-10-15T16:18:18","modified_gmt":"2024-10-15T13:18:18","slug":"akdeniz-belediyesinden-genclere-istihdam-garantili-mesleki-kurslari","status":"publish","type":"post","link":"https:\/\/akdenizolaygazetesi.com\/?p=32456","title":{"rendered":"AKDEN\u0130Z BELED\u0130YES\u0130NDEN GEN\u00c7LERE \u0130ST\u0130HDAM GARANT\u0130L\u0130 MESLEK\u0130 KURSLARI"},"content":{"rendered":"<p>Akdeniz Belediyesi\u2019nin; \u201cBilgisayar Destekli Muhasebe, \u0130nsan Kaynaklar\u0131, Grafik Tasar\u0131m ve Foto\u011fraf\u00e7\u0131l\u0131k, Bilgisayar \u0130\u015fletmenli\u011fi ile Grafik ve Animasyon\u201d kurslar\u0131 devam ediyor. Kas\u0131m ay\u0131na dek s\u00fcrecek \u00fccretsiz kurslara 100 gen\u00e7 kat\u0131l\u0131rken, bir s\u00fcre \u00f6nce biten kurslar\u0131 ba\u015far\u0131yla tamamlayan 100 kursiyer de i\u015fe yerle\u015fip istihdama kat\u0131ld\u0131.<br \/>\nAkdeniz Belediyesi K\u00fclt\u00fcr ve Sosyal \u0130\u015fler M\u00fcd\u00fcrl\u00fc\u011f\u00fc b\u00fcnyesinde hizmet veren Proje E\u011fitim ve Uygulama Merkezi, gen\u00e7leri \u00f6nce meslek, ard\u0131ndan da i\u015f sahibi yap\u0131yor, istihdama katk\u0131 sa\u011fl\u0131yor. Merkezde, ge\u00e7en A\u011fustos ay\u0131nda ba\u015flayan e\u011fitimler kapsam\u0131nda kursiyerlere, alan\u0131nda uzman e\u011fitmenler g\u00f6zetiminde Bilgisayar Destekli Muhasebe, \u0130nsan Kaynaklar\u0131, Grafik Tasar\u0131m ve Foto\u011fraf\u00e7\u0131l\u0131k, Bilgisayar \u0130\u015fletmenli\u011fi ile Grafik ve Animasyon kurslar\u0131 veriliyor.<br \/>\nYeni d\u00f6nem kurslara 100 gen\u00e7 kat\u0131l\u0131yor, 100 gen\u00e7 de i\u015f sahibi oldu<br \/>\n\u00c7a\u011f\u0131 yakalayan mesleki kurslar ve beceri e\u011fitimleri, bug\u00fcn itibariyle 100 kursiyerin kat\u0131l\u0131m\u0131yla s\u00fcr\u00fcyor. \u00d6te yandan bir s\u00fcre \u00f6nce tamamlanan kurslara kat\u0131lan gen\u00e7lerden 100\u2019\u00fc de i\u015f bularak istihdama kat\u0131ld\u0131. Ge\u00e7en A\u011fustos ay\u0131nda ba\u015flayan yeni d\u00f6nem \u00fccretsiz kurslar Kas\u0131m ay\u0131nda sona erecek, e\u011fitimleri ba\u015far\u0131yla bitiren kursiyerler sertifikalar\u0131n\u0131 alarak i\u015f d\u00fcnyas\u0131na at\u0131lacak. Kurslara kat\u0131lan gen\u00e7ler, duygular\u0131n\u0131, d\u00fc\u015f\u00fcnce ve memnuniyetlerini \u015fu s\u00f6zlerle dile getirdi:<br \/>\n\u201cKursa s\u0131f\u0131r bilgi ile geldim, \u00e7ok \u015fey \u00f6\u011frendim\u201d<br \/>\nKaraduvar Mahallesi\u2019nde ikamet etti\u011fini s\u00f6yleyen Esra Karabibero\u011flu; \u201cKursu, sosyal medyadan \u00f6\u011frenip ba\u015fvuru yapt\u0131m ve m\u00fclakata \u00e7a\u011fr\u0131ld\u0131m. \u00d6\u011fretmenlerimiz, beni g\u00fcler y\u00fczle kar\u015f\u0131lay\u0131p, daha sonra haber vereceklerini s\u00f6ylediler. Sonras\u0131nda da kursa \u00e7a\u011fr\u0131ld\u0131m. Kursa s\u0131f\u0131r bilgi ile gelmi\u015ftim, \u00e7ok \u015fey \u00f6\u011frenerek, kendime \u00e7ok \u015fey katarak kursu bitirece\u011fimi d\u00fc\u015f\u00fcn\u00fcyorum. Kendimden emin bir \u015fekilde kursu bitiriyorum. Akdeniz Belediyesi\u2019ne te\u015fekk\u00fcr ediyorum\u201d dedi.<br \/>\n\u201cHer yerde \u00e7al\u0131\u015fabilecek donan\u0131ma sahip oldum\u201d<br \/>\nMine Nur U\u00e7ar da kursu sosyal medyadan g\u00f6rd\u00fc\u011f\u00fcn\u00fc ve Toroslar il\u00e7esinden kat\u0131ld\u0131\u011f\u0131n\u0131 belirterek; \u201cKursa ba\u015fvurdum ve m\u00fclakat sonucunda kabul edildim. Program \u00fczerinden gidiyoruz, 4 tane program\u0131n hepsini \u00f6\u011frendik. Yani buradan \u00e7\u0131kt\u0131\u011f\u0131m zaman her yerde \u00e7al\u0131\u015fabilecek bir donan\u0131ma sahip oldu\u011fumu d\u00fc\u015f\u00fcn\u00fcyorum. Ald\u0131\u011f\u0131m\u0131z e\u011fitim ve sertifikalar sonras\u0131 belediyemizin de deste\u011fiyle \u00e7ok g\u00fczel yerlerde i\u015fe ba\u015flayaca\u011f\u0131z. T\u00fcm gen\u00e7lere bu kurslar\u0131 tavsiye ediyor ve kat\u0131lmaya \u00e7a\u011f\u0131r\u0131yorum\u201d diye konu\u015ftu.<br \/>\n\u201cAkdeniz Belediyesi, ev kad\u0131nlar\u0131na \u00e7ok g\u00fczel bir imk\u00e2n sa\u011fl\u0131yor\u201d<br \/>\nKursa Dikilita\u015f Mahallesi\u2019nden kat\u0131ld\u0131\u011f\u0131n\u0131 belirten Cansu Budancamanak ise, e\u011fitimlerden duydu\u011fu memnuniyeti dile getirerek; \u201cAkdeniz Belediyemiz, \u00f6zellikle ev kad\u0131nlar\u0131na \u00e7ok g\u00fczel bir i\u015f imk\u00e2n\u0131 sa\u011flad\u0131. Burada \u00f6\u011frendi\u011fimiz kurslar\u0131n ard\u0131ndan, sertifikam\u0131z\u0131 da ald\u0131ktan sonra belediyenin de destekleriyle g\u00fczel bir i\u015f sahibi olaca\u011f\u0131z\u201d dedi.<br \/>\nKursiyerler aras\u0131nda mimarl\u0131k b\u00f6l\u00fcm\u00fc \u00f6\u011frencisi de var<br \/>\nG\u00fcl\u00e7in Balbol adl\u0131 mimarl\u0131k b\u00f6l\u00fcm\u00fc mezunu kursiyer gen\u00e7 de Halk E\u011fitim Merkezi\u2019nin y\u00f6nlendirmesiyle belediyenin kurslar\u0131ndan haberdar oldu\u011funu, meslek hayat\u0131nda fayda sa\u011flayaca\u011f\u0131n\u0131 d\u00fc\u015f\u00fcnd\u00fc\u011f\u00fc i\u00e7in de merkezde e\u011fitim almay\u0131 tercih etti\u011fini s\u00f6yledi. Balbol; \u201c\u00d6ncelikle Akdeniz Belediyesi\u2019ne, bize bu imk\u00e2n\u0131 sa\u011flad\u0131\u011f\u0131 i\u00e7in, \u00fccretsiz ve bu kadar g\u00fczel bir ortamda kurs sa\u011flad\u0131klar\u0131 i\u00e7in \u00e7ok te\u015fekk\u00fcr ediyorum\u201d \u015feklinde konu\u015ftu.<br \/>\nKursa gelmek i\u00e7in her g\u00fcn 1 saatlik yolu a\u015f\u0131yor<br \/>\nDavultepe\u2019de ya\u015fad\u0131\u011f\u0131n\u0131 ve kursa gelmek i\u00e7in her g\u00fcn 1 saatlik yolu a\u015ft\u0131\u011f\u0131n\u0131 anlatan Erkan Duran adl\u0131 kursiyer ise; merkezde \u00e7ok g\u00fczel imkanlara sahip olduklar\u0131n\u0131 belirterek \u015f\u00f6yle konu\u015ftu; \u201cKendimiz hi\u00e7bir \u015fey getirmek zorunda kalm\u0131yoruz. Gerekli bilgisayarlar, ara\u00e7, gere\u00e7 ve malzemeler burada bize sa\u011flan\u0131yor. Bu ekonomik \u015fartlarda b\u00f6ylesi g\u00fczel ve \u00fccretsiz kurs nedeniyle memnunuz. Ger\u00e7ekten \u00e7ok g\u00fczel \u015feyler \u00f6\u011freniyoruz. Hocalar\u0131m\u0131za, y\u00f6neticilerimize ve bize b\u00f6yle bir imk\u00e2n\u0131 sa\u011flad\u0131\u011f\u0131 i\u00e7in Akdeniz Belediyemize \u00e7ok te\u015fekk\u00fcr ediyorum\u201d ifadelerini kulland\u0131.<\/p>\n","protected":false},"excerpt":{"rendered":"<p>Akdeniz Belediyesi\u2019nin; \u201cBilgisayar Destekli Muhasebe, \u0130nsan Kaynaklar\u0131, Grafik Tasar\u0131m ve Foto\u011fraf\u00e7\u0131l\u0131k, Bilgisayar \u0130\u015fletmenli\u011fi ile Grafik ve Animasyon\u201d kurslar\u0131 devam ediyor. Kas\u0131m ay\u0131na dek s\u00fcrecek \u00fccretsiz kurslara 100 gen\u00e7 kat\u0131l\u0131rken, bir &hellip; <a href=\"https:\/\/akdenizolaygazetesi.com\/?p=32456\" class=\"more-link\">Devam\u0131n\u0131 Oku&#8230;<\/a><\/p>\n","protected":false},"author":2,"featured_media":32458,"comment_status":"open","ping_status":"open","sticky":false,"template":"","format":"standard","meta":[],"categories":[1,2,3],"tags":[],"_links":{"self":[{"href":"https:\/\/akdenizolaygazetesi.com\/index.php?rest_route=\/wp\/v2\/posts\/32456"}],"collection":[{"href":"https:\/\/akdenizolaygazetesi.com\/index.php?rest_route=\/wp\/v2\/posts"}],"about":[{"href":"https:\/\/akdenizolaygazetesi.com\/index.php?rest_route=\/wp\/v2\/types\/post"}],"author":[{"embeddable":true,"href":"https:\/\/akdenizolaygazetesi.com\/index.php?rest_route=\/wp\/v2\/users\/2"}],"replies":[{"embeddable":true,"href":"https:\/\/akdenizolaygazetesi.com\/index.php?rest_route=%2Fwp%2Fv2%2Fcomments&post=32456"}],"version-history":[{"count":1,"href":"https:\/\/akdenizolaygazetesi.com\/index.php?rest_route=\/wp\/v2\/posts\/32456\/revisions"}],"predecessor-version":[{"id":32459,"href":"https:\/\/akdenizolaygazetesi.com\/index.php?rest_route=\/wp\/v2\/posts\/32456\/revisions\/32459"}],"wp:featuredmedia":[{"embeddable":true,"href":"https:\/\/akdenizolaygazetesi.com\/index.php?rest_route=\/wp\/v2\/media\/32458"}],"wp:attachment":[{"href":"https:\/\/akdenizolaygazetesi.com\/index.php?rest_route=%2Fwp%2Fv2%2Fmedia&parent=32456"}],"wp:term":[{"taxonomy":"category","embeddable":true,"href":"https:\/\/akdenizolaygazetesi.com\/index.php?rest_route=%2Fwp%2Fv2%2Fcategories&post=32456"},{"taxonomy":"post_tag","embeddable":true,"href":"https:\/\/akdenizolaygazetesi.com\/index.php?rest_route=%2Fwp%2Fv2%2Ftags&post=32456"}],"curies":[{"name":"wp","href":"https:\/\/api.w.org\/{rel}","templated":true}]}}