{"id":32460,"date":"2024-10-15T16:19:07","date_gmt":"2024-10-15T13:19:07","guid":{"rendered":"http:\/\/akdenizolaygazetesi.com\/?p=32460"},"modified":"2024-10-15T16:19:07","modified_gmt":"2024-10-15T13:19:07","slug":"semih-palamut-cumhuriyet-halk-partisi-yandasin-degil-vatandasin-partisidir","status":"publish","type":"post","link":"https:\/\/akdenizolaygazetesi.com\/?p=32460","title":{"rendered":"SEM\u0130H PALAMUT: &#8220;CUMHUR\u0130YET HALK PART\u0130S\u0130 YANDA\u015eIN DE\u011e\u0130L VATANDA\u015eIN PART\u0130S\u0130D\u0130R&#8221;"},"content":{"rendered":"<p>Cumhuriyet Halk Partisi (CHP) Akdeniz \u0130l\u00e7e Ba\u015fkan\u0131 Semih Palamut, Grup Ba\u015fkan Vekili ve Mersin Milletvekili Ali Mahir Ba\u015far\u0131r&#8217;\u0131 il\u00e7e ba\u015fkanl\u0131\u011f\u0131nda a\u011f\u0131rlad\u0131. Ziyaret s\u0131ras\u0131nda Ba\u015far\u0131r, b\u00f6lgede esnaf ziyareti ger\u00e7ekle\u015ftirdi.<\/p>\n<p>Palamut, &#8220;Say\u0131n vekilimize, nazik ziyaretleri i\u00e7in te\u015fekk\u00fcr ederiz&#8221; diyerek, ziyaret hakk\u0131nda konu\u015ftu.<\/p>\n<p>ESNAFIN SORUNLARI G\u00d6R\u00dc\u015e\u00dcLD\u00dc!<\/p>\n<p>Semih Palamut, esnaf\u0131n yereldeki sorunlar\u0131n\u0131 ve ihtiya\u00e7lar\u0131n\u0131 dinleme f\u0131rsat\u0131 bulduklar\u0131n\u0131 belirterek, &#8220;Bizim i\u00e7in esnaf\u0131m\u0131z\u0131n durumu her zaman \u00f6ncelikli bir mesele olmu\u015ftur. Say\u0131n Ali Mahir Ba\u015far\u0131r&#8217;\u0131n esnaflar\u0131m\u0131zla bir araya gelmesi, onlar\u0131n sorunlar\u0131n\u0131 daha yak\u0131ndan anlayabilmemiz ad\u0131na son derece faydal\u0131 olmu\u015ftur&#8221; dedi.<\/p>\n<p>DAYANI\u015eMA VE M\u00dcCADELE VURGUSU<\/p>\n<p>Palamut, CHP olarak esnaf\u0131n yan\u0131nda olmay\u0131 s\u00fcrd\u00fcreceklerini dile getirerek, &#8220;B\u00f6lge halk\u0131m\u0131z\u0131n menfaatleri i\u00e7in birlik ve dayan\u0131\u015fma i\u00e7inde \u00e7al\u0131\u015fmay\u0131 her zaman \u00f6nceliklendirece\u011fiz. Cumhuriyet Halk Partisi yanda\u015f\u0131n de\u011fil vatanda\u015f\u0131n partisidir.&#8221; \u015feklinde konu\u015ftu.<\/p>\n","protected":false},"excerpt":{"rendered":"<p>Cumhuriyet Halk Partisi (CHP) Akdeniz \u0130l\u00e7e Ba\u015fkan\u0131 Semih Palamut, Grup Ba\u015fkan Vekili ve Mersin Milletvekili Ali Mahir Ba\u015far\u0131r&#8217;\u0131 il\u00e7e ba\u015fkanl\u0131\u011f\u0131nda a\u011f\u0131rlad\u0131. Ziyaret s\u0131ras\u0131nda Ba\u015far\u0131r, b\u00f6lgede esnaf ziyareti ger\u00e7ekle\u015ftirdi. Palamut, &#8220;Say\u0131n &hellip; <a href=\"https:\/\/akdenizolaygazetesi.com\/?p=32460\" class=\"more-link\">Devam\u0131n\u0131 Oku&#8230;<\/a><\/p>\n","protected":false},"author":2,"featured_media":32461,"comment_status":"open","ping_status":"open","sticky":false,"template":"","format":"standard","meta":[],"categories":[1,2,3],"tags":[],"_links":{"self":[{"href":"https:\/\/akdenizolaygazetesi.com\/index.php?rest_route=\/wp\/v2\/posts\/32460"}],"collection":[{"href":"https:\/\/akdenizolaygazetesi.com\/index.php?rest_route=\/wp\/v2\/posts"}],"about":[{"href":"https:\/\/akdenizolaygazetesi.com\/index.php?rest_route=\/wp\/v2\/types\/post"}],"author":[{"embeddable":true,"href":"https:\/\/akdenizolaygazetesi.com\/index.php?rest_route=\/wp\/v2\/users\/2"}],"replies":[{"embeddable":true,"href":"https:\/\/akdenizolaygazetesi.com\/index.php?rest_route=%2Fwp%2Fv2%2Fcomments&post=32460"}],"version-history":[{"count":1,"href":"https:\/\/akdenizolaygazetesi.com\/index.php?rest_route=\/wp\/v2\/posts\/32460\/revisions"}],"predecessor-version":[{"id":32462,"href":"https:\/\/akdenizolaygazetesi.com\/index.php?rest_route=\/wp\/v2\/posts\/32460\/revisions\/32462"}],"wp:featuredmedia":[{"embeddable":true,"href":"https:\/\/akdenizolaygazetesi.com\/index.php?rest_route=\/wp\/v2\/media\/32461"}],"wp:attachment":[{"href":"https:\/\/akdenizolaygazetesi.com\/index.php?rest_route=%2Fwp%2Fv2%2Fmedia&parent=32460"}],"wp:term":[{"taxonomy":"category","embeddable":true,"href":"https:\/\/akdenizolaygazetesi.com\/index.php?rest_route=%2Fwp%2Fv2%2Fcategories&post=32460"},{"taxonomy":"post_tag","embeddable":true,"href":"https:\/\/akdenizolaygazetesi.com\/index.php?rest_route=%2Fwp%2Fv2%2Ftags&post=32460"}],"curies":[{"name":"wp","href":"https:\/\/api.w.org\/{rel}","templated":true}]}}