{"id":32463,"date":"2024-10-16T16:25:37","date_gmt":"2024-10-16T13:25:37","guid":{"rendered":"http:\/\/akdenizolaygazetesi.com\/?p=32463"},"modified":"2024-10-16T16:25:37","modified_gmt":"2024-10-16T13:25:37","slug":"mersinin-en-renkli-ve-eglenceli-festivali-19-20-ekimde-yapilacak","status":"publish","type":"post","link":"https:\/\/akdenizolaygazetesi.com\/?p=32463","title":{"rendered":"Mersin\u2019in en renkli ve e\u011flenceli festivali 19-20 Ekim\u2019de yap\u0131lacak"},"content":{"rendered":"<p>Mersin Yeni\u015fehir Belediyesi ve Mersin Rotary Kul\u00fcb\u00fc i\u015f birli\u011fiyle bu y\u0131l 6.\u2019s\u0131 d\u00fczenlenecek Uluslararas\u0131 Mersin Kushimoto Sokak Sanat\u00e7\u0131lar\u0131 Festivali, 19-20 Ekim tarihlerinde ger\u00e7ekle\u015fecek. Festival kapsam\u0131nda kurulacak stantlardan elde edilen kiralama gelirinin tamam\u0131 ise deprem b\u00f6lgesine aktar\u0131lacak.<br \/>\nGeleneksel hale gelen ve bu y\u0131l uluslararas\u0131 boyut kazanan Mersin Kushimoto Sokak Sanat\u00e7\u0131lar\u0131 Festival kapsam\u0131nda, sanat\u00e7\u0131lar iki g\u00fcn boyunca birbirinden g\u00fczel performanslar\u0131n\u0131 Mersinliler i\u00e7in sergileyecek. Karnaval havas\u0131nda ge\u00e7ecek festivalde m\u00fczisyenler, ressamlar, dans gruplar\u0131 ve performans sanat\u00e7\u0131lar\u0131 yer alacak. Festivalin ger\u00e7ekle\u015fece\u011fi Kushimoto Soka\u011f\u0131, 18 Ekim Cuma g\u00fcn\u00fc saat 19.30\u2019dan 20 Ekim Pazar g\u00fcn\u00fc saat 23.00\u2019e kadar ara\u00e7 trafi\u011fine kapal\u0131 olacak, b\u00f6ylece festivale gelen ziyaret\u00e7ilere rahat ve keyifli bir ortam sunulacak.<br \/>\nYeni\u015fehir Belediye Ba\u015fkan\u0131 Abdullah \u00d6zyi\u011fit, t\u00fcm Mersinlileri 6. Uluslararas\u0131 Mersin Kushimoto Sokak Sanat\u00e7\u0131lar\u0131 Festivali\u2019ne davet ederek \u015funlar\u0131 s\u00f6yledi: \u201cMersin gibi \u00e7ok y\u00f6nl\u00fc ve renkli bir \u015fehir i\u00e7in bu festival b\u00fcy\u00fck bir anlam ta\u015f\u0131yor. M\u00fczisyenlerin, ressamlar\u0131n, dans gruplar\u0131n\u0131n ve performans sanat\u00e7\u0131lar\u0131n\u0131n etkileyici g\u00f6sterileriyle dolu harika bir festival vatanda\u015flar\u0131m\u0131z\u0131 bekliyor. T\u00fcm hem\u015fehrilerimizi, bu e\u015fsiz sanat etkinli\u011finde bir araya gelmeye, sanat\u0131n g\u00fcc\u00fcn\u00fc payla\u015fmaya davet ediyorum.\u201d<br \/>\nFestival, dayan\u0131\u015fma ve sanat\u0131n bulu\u015ftu\u011fu bir organizasyon olarak sosyal sorumluluk bilinciyle \u00f6n plana \u00e7\u0131kacak. Festivalin en \u00f6nemli unsurlar\u0131ndan biri, etkinlik boyunca kurulan stantlardan elde edilen kiralama gelirinin tamam\u0131n\u0131n deprem b\u00f6lgesine aktar\u0131lacak olmas\u0131. Bu \u015fekilde sanat\u0131n iyile\u015ftirici g\u00fcc\u00fc sadece Mersin&#8217;de de\u011fil, zor g\u00fcnler ge\u00e7iren depremzedeler i\u00e7in de umut olacak. Konu ile ilgili konu\u015fan Mersin Rotary Kul\u00fcb\u00fc Ba\u015fkan\u0131 Emre Karg\u0131n, \u201c \u00d6nceki y\u0131llarda oldu\u011fu gibi bu y\u0131l da festivalde kurulacak stantlar\u0131n gelirlerinin tamam\u0131 ba\u011f\u0131\u015flanacak. Daha \u00f6nce stantlar\u0131n gelirleri k\u0131z \u00e7ocuklar\u0131na burs olarak aktar\u0131lm\u0131\u015f ve ayr\u0131ca okullar\u0131n ihtiya\u00e7lar\u0131na ayr\u0131lm\u0131\u015ft\u0131. Bu y\u0131l deprem b\u00f6lgesindeki vatanda\u015flar\u0131m\u0131z i\u00e7in bir destek sunaca\u011f\u0131z. Mersin Rotary Kul\u00fcb\u00fc olarak 6 \u015eubat depremlerinin ikinci g\u00fcn\u00fcnde \u0130skenderun\u2019a \u00e7ad\u0131rlar kurduk.  Deprem b\u00f6lgesinde kre\u015fler olu\u015fturduk. Hastane i\u00e7in r\u00f6ntgen cihaz\u0131 temin ettik. \u00d6\u011frencilerimize yurt ve bar\u0131nma konusunda desteklerimiz var. Bu y\u0131l da elde edilecek gelirin tamam\u0131 sosyal sorumluluk projelerinde kullan\u0131lacak.\u201d diye konu\u015ftu. <\/p>\n","protected":false},"excerpt":{"rendered":"<p>Mersin Yeni\u015fehir Belediyesi ve Mersin Rotary Kul\u00fcb\u00fc i\u015f birli\u011fiyle bu y\u0131l 6.\u2019s\u0131 d\u00fczenlenecek Uluslararas\u0131 Mersin Kushimoto Sokak Sanat\u00e7\u0131lar\u0131 Festivali, 19-20 Ekim tarihlerinde ger\u00e7ekle\u015fecek. Festival kapsam\u0131nda kurulacak stantlardan elde edilen kiralama &hellip; <a href=\"https:\/\/akdenizolaygazetesi.com\/?p=32463\" class=\"more-link\">Devam\u0131n\u0131 Oku&#8230;<\/a><\/p>\n","protected":false},"author":2,"featured_media":32464,"comment_status":"open","ping_status":"open","sticky":false,"template":"","format":"standard","meta":[],"categories":[1,2,3],"tags":[],"_links":{"self":[{"href":"https:\/\/akdenizolaygazetesi.com\/index.php?rest_route=\/wp\/v2\/posts\/32463"}],"collection":[{"href":"https:\/\/akdenizolaygazetesi.com\/index.php?rest_route=\/wp\/v2\/posts"}],"about":[{"href":"https:\/\/akdenizolaygazetesi.com\/index.php?rest_route=\/wp\/v2\/types\/post"}],"author":[{"embeddable":true,"href":"https:\/\/akdenizolaygazetesi.com\/index.php?rest_route=\/wp\/v2\/users\/2"}],"replies":[{"embeddable":true,"href":"https:\/\/akdenizolaygazetesi.com\/index.php?rest_route=%2Fwp%2Fv2%2Fcomments&post=32463"}],"version-history":[{"count":1,"href":"https:\/\/akdenizolaygazetesi.com\/index.php?rest_route=\/wp\/v2\/posts\/32463\/revisions"}],"predecessor-version":[{"id":32465,"href":"https:\/\/akdenizolaygazetesi.com\/index.php?rest_route=\/wp\/v2\/posts\/32463\/revisions\/32465"}],"wp:featuredmedia":[{"embeddable":true,"href":"https:\/\/akdenizolaygazetesi.com\/index.php?rest_route=\/wp\/v2\/media\/32464"}],"wp:attachment":[{"href":"https:\/\/akdenizolaygazetesi.com\/index.php?rest_route=%2Fwp%2Fv2%2Fmedia&parent=32463"}],"wp:term":[{"taxonomy":"category","embeddable":true,"href":"https:\/\/akdenizolaygazetesi.com\/index.php?rest_route=%2Fwp%2Fv2%2Fcategories&post=32463"},{"taxonomy":"post_tag","embeddable":true,"href":"https:\/\/akdenizolaygazetesi.com\/index.php?rest_route=%2Fwp%2Fv2%2Ftags&post=32463"}],"curies":[{"name":"wp","href":"https:\/\/api.w.org\/{rel}","templated":true}]}}