{"id":32475,"date":"2024-10-16T16:33:09","date_gmt":"2024-10-16T13:33:09","guid":{"rendered":"http:\/\/akdenizolaygazetesi.com\/?p=32475"},"modified":"2024-10-16T16:33:09","modified_gmt":"2024-10-16T13:33:09","slug":"tum-turkiye-deniz-ali-icin-tek-yumruk-oldu","status":"publish","type":"post","link":"https:\/\/akdenizolaygazetesi.com\/?p=32475","title":{"rendered":"T\u00dcM T\u00dcRK\u0130YE DEN\u0130Z AL\u0130 \u0130\u00c7\u0130N TEK YUMRUK OLDU"},"content":{"rendered":"<p>G\u00f6reve se\u00e7ildi\u011fi ilk g\u00fcnden itibaren vatanda\u015flar\u0131n ac\u0131s\u0131n\u0131 kendi ac\u0131s\u0131 hissedip, mutluluklar\u0131na ortak olan Mersin B\u00fcy\u00fck\u015fehir Belediye Ba\u015fkan\u0131 Vahap Se\u00e7er, Duchenne Musk\u00fcler Distrofi (DMD) hastas\u0131 9,5 ya\u015f\u0131ndaki Deniz Ali Soydan i\u00e7in de t\u00fcm imk\u00e2nlar\u0131 seferber etti.<\/p>\n<p>Mersin B\u00fcy\u00fck\u015fehir Belediye Ba\u015fkan\u0131 Vahap Se\u00e7er, Adana B\u00fcy\u00fck\u015fehir Belediye Ba\u015fkan\u0131 Zeydan Karalar, il\u00e7e belediye ba\u015fkanlar\u0131, sivil toplum kurulu\u015flar\u0131n\u0131n, derneklerin ve siyasi partilerin temsilcileri, i\u015f insanlar\u0131, spor camias\u0131ndan isimler, muhtarlar, gazeteciler ve yurtta\u015flar; DMD sava\u015f\u00e7\u0131s\u0131 Deniz Ali Soydan i\u00e7in ortak canl\u0131 yay\u0131nda bulu\u015ftular.<\/p>\n<p>T\u00fcm T\u00fcrkiye Deniz Ali i\u00e7in tek yumruk oldu<\/p>\n<p>Mersin B\u00fcy\u00fck\u015fehir Belediyesi Kongre ve Sergi Saray\u0131 \u00c7ok Ama\u00e7l\u0131 Salon&#8217;da ger\u00e7ekle\u015ftirilen yay\u0131na; t\u00fcm T\u00fcrkiye&#8217;den yo\u011fun bir destek geldi. Mersin&#8217;de ya\u015fayan ve DMD ad\u0131 verilen nadir ve ilerleyici bir kas hastal\u0131\u011f\u0131yla m\u00fccadele eden 9,5 ya\u015f\u0131ndaki Deniz Ali Soydan i\u00e7in t\u00fcm T\u00fcrkiye birlik oldu. Yay\u0131nda, kat\u0131l\u0131mc\u0131 belediye ba\u015fkanlar\u0131 ve STK temsilcileri tek tek arama yaparak, Deniz Ali i\u00e7in ba\u011f\u0131\u015fta bulunanlar ile konu\u015ftular.<\/p>\n<p>T\u00fcrkiye&#8217;nin tek yumruk oldu\u011fu yay\u0131nda DMD sava\u015f\u00e7\u0131s\u0131 Deniz Ali Soydan&#8217;\u0131n m\u00fccadelesinde birlik olunurken; ortak canl\u0131 yay\u0131n Mersin ve Adana&#8217;n\u0131n yerel televizyon ve radyo kanallar\u0131ndan canl\u0131 olarak verildi.<\/p>\n<p>Ba\u015fkan Se\u00e7er: &#8220;Mersin; birli\u011fiyle ve beraberli\u011fiyle g\u00fc\u00e7l\u00fc olacak &#8221;<\/p>\n<p>Deniz Ali&#8217;ye umut olmak i\u00e7in ger\u00e7ekle\u015ftirilen yard\u0131m kampanyas\u0131na kat\u0131lan Mersin B\u00fcy\u00fck\u015fehir Belediye Ba\u015fkan\u0131 Vahap Se\u00e7er, katk\u0131 sunanlara te\u015fekk\u00fcrlerini ileterek, &#8220;\u00d6ncelikle bu hay\u0131rl\u0131 i\u015fi ba\u015flatan herkese ve bu zor g\u00fcnde Deniz Ali evlad\u0131m\u0131za destek olan Mersin ve T\u00fcrkiye&#8217;nin t\u00fcm dinamiklerine, yay\u0131na kat\u0131lanlara ve destek olanlara te\u015fekk\u00fcr ediyorum&#8221; dedi.<\/p>\n<p>Ba\u015fkan Se\u00e7er, Deniz Ali&#8217;ye katk\u0131 sunmak i\u00e7in gerekli \u00e7al\u0131\u015fmalara devam edeceklerini de kaydederek, &#8220;Mersin; birli\u011fiyle ve beraberli\u011fiyle g\u00fc\u00e7l\u00fc olacak. Herkesi kucaklayaca\u011f\u0131z; her zaman s\u00f6yl\u00fcyorum, ac\u0131lar\u0131 payla\u015ft\u0131k\u00e7a azaltaca\u011f\u0131z, mutluluklar\u0131 da payla\u015ft\u0131k\u00e7a hep beraber \u00e7o\u011faltaca\u011f\u0131z. Her \u015fey g\u00f6nl\u00fcm\u00fczce olsun&#8221; dedi.<\/p>\n<p>Ba\u015fkan Karalar: &#8220;\u0130nsan hayat\u0131n\u0131 kurtarmak i\u00e7in yapt\u0131\u011f\u0131n\u0131z giri\u015fimi kutluyorum&#8221;<\/p>\n<p>Adana B\u00fcy\u00fck\u015fehir Belediye Ba\u015fkan\u0131 Zeydan Karalar da yay\u0131na canl\u0131 telefon ba\u011flant\u0131s\u0131 ile kat\u0131l\u0131m sa\u011flayarak, &#8220;\u0130nsan hayat\u0131n\u0131 kurtarmak i\u00e7in yapt\u0131\u011f\u0131n\u0131z bu giri\u015fimi \u00e7ok sayg\u0131 ile kar\u015f\u0131l\u0131yorum ve kutluyorum. Bir hayat\u0131 kurtarmak \u00e7ok \u00f6nemlidir, parasal de\u011ferine bakmamak laz\u0131m. Biz de Adana&#8217;da bu hastal\u0131\u011fa yakalanan birka\u00e7 karde\u015fimizi bu \u015fekilde kurtard\u0131k. Katk\u0131 sunan insanlar\u0131 kutluyorum. Anadolu insan\u0131 vefakard\u0131r ve yard\u0131mseverdir&#8221; diye konu\u015ftu.<\/p>\n<p>Anne Soydan: &#8220;Deste\u011finiz ve yan\u0131m\u0131zda olman\u0131z bizim i\u00e7in \u00e7ok k\u0131ymetli<\/p>\n<p>Yay\u0131na canl\u0131 ba\u011flant\u0131da o\u011flu Deniz Ali Soydan ile birlikte kat\u0131lan anne Suna Soydan da,  &#8220;Sizi b\u00f6yle g\u00f6r\u00fcrken, izlerken daha mutlu oluyoruz, i\u00e7imiz umutla doluyor. B\u00fcy\u00fck\u015fehir Belediye Ba\u015fkan\u0131m\u0131z Say\u0131n Vahap Se\u00e7er&#8217;e ve di\u011fer belediye ba\u015fkanlar\u0131m\u0131z\u0131n hepsine destekleri i\u00e7in te\u015fekk\u00fcr ediyorum. Deste\u011finiz ve yan\u0131m\u0131zda olman\u0131z bizim i\u00e7in \u00e7ok k\u0131ymetli. Hepinize teker teker \u00e7ok te\u015fekk\u00fcr ediyorum&#8221; dedi.<\/p>\n","protected":false},"excerpt":{"rendered":"<p>G\u00f6reve se\u00e7ildi\u011fi ilk g\u00fcnden itibaren vatanda\u015flar\u0131n ac\u0131s\u0131n\u0131 kendi ac\u0131s\u0131 hissedip, mutluluklar\u0131na ortak olan Mersin B\u00fcy\u00fck\u015fehir Belediye Ba\u015fkan\u0131 Vahap Se\u00e7er, Duchenne Musk\u00fcler Distrofi (DMD) hastas\u0131 9,5 ya\u015f\u0131ndaki Deniz Ali Soydan i\u00e7in &hellip; <a href=\"https:\/\/akdenizolaygazetesi.com\/?p=32475\" class=\"more-link\">Devam\u0131n\u0131 Oku&#8230;<\/a><\/p>\n","protected":false},"author":2,"featured_media":32476,"comment_status":"open","ping_status":"open","sticky":false,"template":"","format":"standard","meta":[],"categories":[1,2,3],"tags":[],"_links":{"self":[{"href":"https:\/\/akdenizolaygazetesi.com\/index.php?rest_route=\/wp\/v2\/posts\/32475"}],"collection":[{"href":"https:\/\/akdenizolaygazetesi.com\/index.php?rest_route=\/wp\/v2\/posts"}],"about":[{"href":"https:\/\/akdenizolaygazetesi.com\/index.php?rest_route=\/wp\/v2\/types\/post"}],"author":[{"embeddable":true,"href":"https:\/\/akdenizolaygazetesi.com\/index.php?rest_route=\/wp\/v2\/users\/2"}],"replies":[{"embeddable":true,"href":"https:\/\/akdenizolaygazetesi.com\/index.php?rest_route=%2Fwp%2Fv2%2Fcomments&post=32475"}],"version-history":[{"count":1,"href":"https:\/\/akdenizolaygazetesi.com\/index.php?rest_route=\/wp\/v2\/posts\/32475\/revisions"}],"predecessor-version":[{"id":32477,"href":"https:\/\/akdenizolaygazetesi.com\/index.php?rest_route=\/wp\/v2\/posts\/32475\/revisions\/32477"}],"wp:featuredmedia":[{"embeddable":true,"href":"https:\/\/akdenizolaygazetesi.com\/index.php?rest_route=\/wp\/v2\/media\/32476"}],"wp:attachment":[{"href":"https:\/\/akdenizolaygazetesi.com\/index.php?rest_route=%2Fwp%2Fv2%2Fmedia&parent=32475"}],"wp:term":[{"taxonomy":"category","embeddable":true,"href":"https:\/\/akdenizolaygazetesi.com\/index.php?rest_route=%2Fwp%2Fv2%2Fcategories&post=32475"},{"taxonomy":"post_tag","embeddable":true,"href":"https:\/\/akdenizolaygazetesi.com\/index.php?rest_route=%2Fwp%2Fv2%2Ftags&post=32475"}],"curies":[{"name":"wp","href":"https:\/\/api.w.org\/{rel}","templated":true}]}}