{"id":32487,"date":"2024-10-17T16:05:56","date_gmt":"2024-10-17T13:05:56","guid":{"rendered":"http:\/\/akdenizolaygazetesi.com\/?p=32487"},"modified":"2024-10-17T16:05:56","modified_gmt":"2024-10-17T13:05:56","slug":"deva-partili-ekmen-cumhur-ittifakinin-teror-dili-cokmustur","status":"publish","type":"post","link":"https:\/\/akdenizolaygazetesi.com\/?p=32487","title":{"rendered":"DEVA Partili Ekmen: Cumhur \u0130ttifak\u0131\u2019n\u0131n ter\u00f6r dili \u00e7\u00f6km\u00fc\u015ft\u00fcr"},"content":{"rendered":"<p>DEVA Partisi Genel Ba\u015fkan Yard\u0131mc\u0131s\u0131 Mehmet Emin Ekmen, kat\u0131ld\u0131\u011f\u0131 TV yay\u0131n\u0131nda MHP Genel Ba\u015fkan\u0131 Devlet Bah\u00e7eli\u2019nin DEM Parti ve yeni \u00e7\u00f6z\u00fcm s\u00fcreciyle ilgili a\u00e7\u0131klamalar\u0131n\u0131 de\u011ferlendirdi. K\u00fcrt meselesinin \u00e7\u00f6z\u00fcm ve konu\u015fma yerinin Meclis oldu\u011funu vurgulayan Ekmen, MHP Genel Ba\u015fkan\u0131 Devlet Bah\u00e7eli\u2019nin a\u00e7\u0131klamalar\u0131yla ilgili \u201c\u0130ktidar\u0131n muhalefeti ter\u00f6rize eden bir dilden uzakla\u015fmas\u0131 hay\u0131rl\u0131d\u0131r. Bu a\u015famada ne yapacaklar\u0131n\u0131 g\u00f6relim, yanl\u0131\u015f\u0131 ele\u015ftirelim, do\u011fruyu cesaretlendirelim. \u0130ktidara 14 May\u0131s se\u00e7imlerini kazand\u0131ran g\u00fcvenlik, beka ve ter\u00f6r paradigmas\u0131 siyasal s\u00f6ylem olarak \u00e7\u00f6km\u00fc\u015ft\u00fcr.\u201d dedi.<\/p>\n<p>DEVA Partisi Genel Ba\u015fkan Yard\u0131mc\u0131s\u0131 ve Mersin Milletvekili Mehmet Emin Ekmen, TELE 1 ekranlar\u0131nda \u0130nan Demirel\u2019in sundu\u011fu As\u0131l Mesele program\u0131na konuk oldu. Normalle\u015fme s\u00fcreci ve MHP Genel Ba\u015fkan\u0131 Devlet Bah\u00e7eli\u2019nin ba\u015flatt\u0131\u011f\u0131 s\u00fcre\u00e7le ilgili a\u00e7\u0131klamalar\u0131n\u0131 de\u011ferlendiren Ekmen, K\u00fcrt meselesinin konu\u015fulma yerinin T\u00fcrkiye B\u00fcy\u00fck Millet Meclisi (TBMM) oldu\u011funu s\u00f6yledi. <\/p>\n<p>Devlet belli bir \u00f6ng\u00f6r\u00fcyle davranm\u0131\u015ft\u0131r <\/p>\n<p>Meclisin yasama y\u0131l\u0131n\u0131n a\u00e7\u0131l\u0131\u015f g\u00fcn\u00fc MHP Genel Ba\u015fkan\u0131 Devlet Bah\u00e7eli\u2019nin DEM Partililerle tokala\u015fmas\u0131n\u0131n spontane olmad\u0131\u011f\u0131n\u0131 vurgu yaparak, yap\u0131lan a\u00e7\u0131klamalar\u0131n Abdullah \u00d6calan&#8217;\u0131n 4 y\u0131la yak\u0131n bir s\u00fcredir devam eden tecridinin bitti\u011fini g\u00f6sterdi\u011fini s\u00f6yledi. Ekmen, \u201cSonu\u00e7ta \u00d6calan bir \u00e7a\u011fr\u0131 yapacaksa; bu \u00e7a\u011fr\u0131n\u0131n i\u00e7eri\u011fi konusunda ne olaca\u011f\u0131n\u0131 devlet \u00f6nceden \u00f6ng\u00f6rm\u00fc\u015ft\u00fcr. Devlet yetkilileriyle \u0130mral\u0131 aras\u0131ndaki ba\u011f\u0131n zaman dilimleri geni\u015flese de tamamen kopmad\u0131\u011f\u0131n\u0131 d\u00fc\u015f\u00fcnenlerdenim. \u0130\u00e7inde bulundu\u011fumuz ve anlamland\u0131rmaya \u00e7al\u0131\u015ft\u0131\u011f\u0131m\u0131z, s\u00fcre\u00e7, Say\u0131n Erdo\u011fan&#8217;\u0131n Bah\u00e7eli&#8217;yi bilgilendirmesinden sonra, Bah\u00e7eli&#8217;nin de \u00f6n ve inisiyatif alarak bunu kamuoyuna ilan\u0131yla bir noktaya geldiyse bunun evveliyat\u0131 vard\u0131r. Devlet dedi\u011fimiz \u015fey ya da iktidar siyaseti dedi\u011fimiz \u015fey k\u00f6r kuyuya ta\u015f atmaz. Bnun \u00f6n analizleri yap\u0131lm\u0131\u015ft\u0131r, bunun olumlu gidebilece\u011fine dair bir kanaat edinilmi\u015ftir ve bu b\u00f6ylece s\u00fcre\u00e7 kamuoyuna mal edilmi\u015ftir\u201d ifadelerini kulland\u0131.<\/p>\n<p>K\u00fcrt meselesinin konu\u015fulma zemini Meclistir<\/p>\n<p>Cumhur \u0130ttifak\u0131\u2019n\u0131n DEM Parti\u2019yle yak\u0131nla\u015fmas\u0131na de\u011finen Ekmen, \u00f6rg\u00fct\u00fcn silah b\u0131rakmas\u0131yla ilgili, \u201cK\u00fcrt meselesinin \u00e7\u00f6z\u00fcm\u00fc \u00e7ok boyutlu bir \u015feydir ve bu s\u00fcre\u00e7lerin kapsay\u0131c\u0131l\u0131\u011f\u0131 esas olmal\u0131d\u0131r. S\u00fcrecin nas\u0131l ilerleyece\u011fini birlikte g\u00f6rece\u011fiz ancak silahl\u0131 g\u00fc\u00e7lerin silahs\u0131zland\u0131r\u0131lmas\u0131 mevzunu siyasetten beklemek de \u00e7ok mant\u0131kl\u0131 bir \u015fey de\u011fildir. Silah\u0131 kim elinde tutuyorsa b\u0131rakmas\u0131n\u0131 da ondan bekleyece\u011fiz. Kim silah\u0131 elinde tutuyorsa ona, elindeki silah\u0131 b\u0131rak, T\u00fcrkiye&#8217;de me\u015fru demokratik siyasi zemin bu meseleleri konu\u015fmaya ve \u00e7\u00f6zmeye muktedirdir diyece\u011fiz. Geni\u015f anlamda K\u00fcrt meselesinin siyasal, sosyolojik, ekonomik gibi bir\u00e7ok boyutunun konu\u015fulmas\u0131 zemini meclistir\u201d de\u011ferlendirmesinde bulundu. <\/p>\n<p>Beka ve ter\u00f6r paradigmas\u0131 \u00e7\u00f6km\u00fc\u015ft\u00fcr<\/p>\n<p>K\u00fcrt meselesinin \u00e7\u00f6z\u00fcm\u00fc anlam\u0131nda yasal ve anayasal birtak\u0131m ad\u0131mlar\u0131n at\u0131lmas\u0131 gerekti\u011fini s\u00f6yleyen Ekmen, \u201c\u0130ktidar\u0131n muhalefeti ter\u00f6rize eden bir dilden uzakla\u015fmas\u0131 hay\u0131rl\u0131d\u0131r. Bu a\u015famada ne yapacaklar\u0131n\u0131 g\u00f6relim, yanl\u0131\u015f\u0131 ele\u015ftirelim, do\u011fruyu cesaretlendirelim. En k\u00f6t\u00fc ihtimal g\u00fcn\u00fcn sonunda elimizde \u015f\u00f6yle bir \u00e7\u0131kt\u0131 kalacak. \u0130ktidar\u0131n 14 May\u0131s se\u00e7imlerini de kazanmas\u0131n\u0131 sa\u011flayan g\u00fcvenlik, beka ve ter\u00f6r paradigmas\u0131 siyasal s\u00f6ylem olarak \u00e7\u00f6km\u00fc\u015ft\u00fcr. K\u00fcrt meselesinin \u00e7\u00f6z\u00fcm\u00fcn\u00fcn en \u00f6nemli boyutu devlet a\u00e7\u0131s\u0131ndan yasal ve anayasal birtak\u0131m ad\u0131mlar\u0131 atabilmesidir. Bunun da zemini parlamentodur. Buradaki temel yakla\u015f\u0131m\u0131m bu s\u00fcre\u00e7leri te\u015fvik etmek, cesaretlendirmek gerekir. \u015eu a\u015famada k\u0131s\u0131tl\u0131 bilgiyle, negatif soru ve senaryolar \u00fczerinden bir stres \u00fcretmek do\u011fru de\u011fil. Ad\u0131mlar at\u0131ld\u0131k\u00e7a biz de ele\u015ftirilerimizi yapar, tavsiyelerde bulunuruz\u201d diye konu\u015ftu.<\/p>\n","protected":false},"excerpt":{"rendered":"<p>DEVA Partisi Genel Ba\u015fkan Yard\u0131mc\u0131s\u0131 Mehmet Emin Ekmen, kat\u0131ld\u0131\u011f\u0131 TV yay\u0131n\u0131nda MHP Genel Ba\u015fkan\u0131 Devlet Bah\u00e7eli\u2019nin DEM Parti ve yeni \u00e7\u00f6z\u00fcm s\u00fcreciyle ilgili a\u00e7\u0131klamalar\u0131n\u0131 de\u011ferlendirdi. K\u00fcrt meselesinin \u00e7\u00f6z\u00fcm ve konu\u015fma &hellip; <a href=\"https:\/\/akdenizolaygazetesi.com\/?p=32487\" class=\"more-link\">Devam\u0131n\u0131 Oku&#8230;<\/a><\/p>\n","protected":false},"author":2,"featured_media":31178,"comment_status":"open","ping_status":"open","sticky":false,"template":"","format":"standard","meta":[],"categories":[1,2,3],"tags":[],"_links":{"self":[{"href":"https:\/\/akdenizolaygazetesi.com\/index.php?rest_route=\/wp\/v2\/posts\/32487"}],"collection":[{"href":"https:\/\/akdenizolaygazetesi.com\/index.php?rest_route=\/wp\/v2\/posts"}],"about":[{"href":"https:\/\/akdenizolaygazetesi.com\/index.php?rest_route=\/wp\/v2\/types\/post"}],"author":[{"embeddable":true,"href":"https:\/\/akdenizolaygazetesi.com\/index.php?rest_route=\/wp\/v2\/users\/2"}],"replies":[{"embeddable":true,"href":"https:\/\/akdenizolaygazetesi.com\/index.php?rest_route=%2Fwp%2Fv2%2Fcomments&post=32487"}],"version-history":[{"count":1,"href":"https:\/\/akdenizolaygazetesi.com\/index.php?rest_route=\/wp\/v2\/posts\/32487\/revisions"}],"predecessor-version":[{"id":32488,"href":"https:\/\/akdenizolaygazetesi.com\/index.php?rest_route=\/wp\/v2\/posts\/32487\/revisions\/32488"}],"wp:featuredmedia":[{"embeddable":true,"href":"https:\/\/akdenizolaygazetesi.com\/index.php?rest_route=\/wp\/v2\/media\/31178"}],"wp:attachment":[{"href":"https:\/\/akdenizolaygazetesi.com\/index.php?rest_route=%2Fwp%2Fv2%2Fmedia&parent=32487"}],"wp:term":[{"taxonomy":"category","embeddable":true,"href":"https:\/\/akdenizolaygazetesi.com\/index.php?rest_route=%2Fwp%2Fv2%2Fcategories&post=32487"},{"taxonomy":"post_tag","embeddable":true,"href":"https:\/\/akdenizolaygazetesi.com\/index.php?rest_route=%2Fwp%2Fv2%2Ftags&post=32487"}],"curies":[{"name":"wp","href":"https:\/\/api.w.org\/{rel}","templated":true}]}}