{"id":32492,"date":"2024-10-17T16:09:38","date_gmt":"2024-10-17T13:09:38","guid":{"rendered":"http:\/\/akdenizolaygazetesi.com\/?p=32492"},"modified":"2024-10-17T16:09:38","modified_gmt":"2024-10-17T13:09:38","slug":"universitemiz-2024-2025-egitim-ogretim-yili-akademik-acilisi-celenk-sunma-toreni-gerceklestirildi","status":"publish","type":"post","link":"https:\/\/akdenizolaygazetesi.com\/?p=32492","title":{"rendered":"\u00dcniversitemiz 2024\u20132025 E\u011fitim \u00d6\u011fretim Y\u0131l\u0131 Akademik A\u00e7\u0131l\u0131\u015f\u0131 \u00c7elenk Sunma T\u00f6reni Ger\u00e7ekle\u015ftirildi"},"content":{"rendered":"<p>\u00dcniversitemiz 2024-2025 akademik y\u0131l\u0131 a\u00e7\u0131l\u0131\u015f\u0131 \u00e7elenk sunma t\u00f6reni, 16 Ekim \u00c7ar\u015famba g\u00fcn\u00fc ger\u00e7ekle\u015ftirildi.<br \/>\n\u00dcniversitemiz Cumhuriyet Meydan\u0131&#8217;nda d\u00fczenlenen t\u00f6rene, Rekt\u00f6r\u00fcm\u00fcz Prof. Dr. Erol Ya\u015far, Rekt\u00f6r Yard\u0131mc\u0131lar\u0131m\u0131z, Dekanlar\u0131m\u0131z, Genel Sekreterimiz, Rekt\u00f6r Dan\u0131\u015fmanlar\u0131m\u0131z, \u00f6\u011fretim \u00fcyelerimiz, idari personelimiz ve \u00f6\u011frencilerimiz kat\u0131ld\u0131.\u00a0<br \/>\nT\u00f6rende ilk olarak Rekt\u00f6r\u00fcm\u00fcz Prof. Dr. Erol Ya\u015far taraf\u0131ndan Atat\u00fcrk An\u0131t\u0131na \u00e7elenk sunuldu. Daha sonras\u0131nda ise Gazi Mustafa Kemal Atat\u00fcrk ve Aziz \u015eehitlerimiz sayg\u0131 duru\u015funda bulunuldu ve \u0130stiklal Mar\u015f\u0131m\u0131z okundu.<br \/>\nT\u00f6rende konu\u015fan Rekt\u00f6r\u00fcm\u00fcz Prof. Dr. Erol Ya\u015far, \u00dcniversitemizin kuruldu\u011fu g\u00fcnden bug\u00fcne kadar \u00f6\u011frenci odakl\u0131 yap\u0131s\u0131yla hareket etti\u011fini belirterek hayata ge\u00e7irilen ve ge\u00e7irilmesi planlanan projelerden bahsetti . Prof. Dr. Ya\u015far, \u201c\u00dcniversitemiz \u00f6\u011frenci memnuniyeti ve akademik ba\u015far\u0131 anlam\u0131nda \u00f6nemli \u00f6l\u00e7\u00fcde y\u00fckseli\u015f i\u00e7erisinde. Ama hedeflerimize ula\u015fmak i\u00e7in daha yolumuzun oldu\u011funun bilincindeyiz. Art\u0131k kendi yeme\u011fini kendisi \u00fcreten bir \u00fcniversiteyiz. Sizlere kaliteli ve ucuz yemek sunabilmek bizim i\u00e7in \u00e7ok \u00f6nemli. Yeni bina ve te\u00e7hizatlar ile sa\u011fl\u0131k alan\u0131nda \u00f6nemli at\u0131l\u0131mlar i\u00e7erisindeyiz. Sa\u011fl\u0131kta h\u0131zl\u0131 ve kaliteli hizmet parolas\u0131 ile ilerliyoruz.\u201d dedi.<br \/>\nBilim, teknoloji, sanat ve spor alan\u0131nda \u00fcretilen projeler ve \u00e7al\u0131\u015fmalarla evrensel bilgi birikimine katk\u0131 sunmay\u0131 ama\u00e7lad\u0131klar\u0131n\u0131 ifade eden \u00dcniversitemiz Rekt\u00f6r\u00fc Prof. Dr. Erol Ya\u015far, \u201c60+ Tazelenme \u00dcniversitesi Mersin \u00dcniversitesi Kamp\u00fcs\u00fc\u2019n\u00fcn a\u00e7\u0131l\u0131\u015f\u0131n\u0131 yapt\u0131k. Ya\u015f alm\u0131\u015f bireylerin toplumsal hayata aktif kat\u0131l\u0131m\u0131n\u0131 destekleyen sa\u011fl\u0131kl\u0131 ve aktif ya\u015f alma akademisini olu\u015fturduk. Bizler ya\u015fam boyu \u00f6\u011frenmenin \u00f6neminin bilincinde olan bir \u00fcniversiteyiz. \u00dclkemizin en modern Denizcilik Fak\u00fcltesi Binas\u0131n\u0131n a\u00e7\u0131l\u0131\u015f\u0131n\u0131 bu akademik y\u0131l i\u00e7erisinde ger\u00e7ekle\u015ftirece\u011fiz. Mersin \u00dcniversitesi eminim bu alanda k\u0131sa s\u00fcrede bir marka olacak. Gelece\u011fimize ve s\u00fcrd\u00fcr\u00fclebilirli\u011fin y\u00fczy\u0131l\u0131na katk\u0131 ba\u011flam\u0131nda kendi enerjisini \u00fcreten bir \u00fcniversite olmak yolunda h\u0131zla ilerliyoruz. \u00c7ok yak\u0131nda bu projemizin a\u00e7\u0131l\u0131\u015f\u0131n\u0131 hep birlikte gururla yapaca\u011f\u0131z.\u201d \u015feklinde konu\u015ftu.<br \/>\nRekt\u00f6r\u00fcm\u00fcz Prof. Dr. Erol Ya\u015far s\u00f6zlerini yeni akademik y\u0131l\u0131n ba\u015far\u0131l\u0131 ve verimli ge\u00e7mesini dileyerek tamamlad\u0131.<\/p>\n","protected":false},"excerpt":{"rendered":"<p>\u00dcniversitemiz 2024-2025 akademik y\u0131l\u0131 a\u00e7\u0131l\u0131\u015f\u0131 \u00e7elenk sunma t\u00f6reni, 16 Ekim \u00c7ar\u015famba g\u00fcn\u00fc ger\u00e7ekle\u015ftirildi. \u00dcniversitemiz Cumhuriyet Meydan\u0131&#8217;nda d\u00fczenlenen t\u00f6rene, Rekt\u00f6r\u00fcm\u00fcz Prof. Dr. Erol Ya\u015far, Rekt\u00f6r Yard\u0131mc\u0131lar\u0131m\u0131z, Dekanlar\u0131m\u0131z, Genel Sekreterimiz, Rekt\u00f6r Dan\u0131\u015fmanlar\u0131m\u0131z, &hellip; <a href=\"https:\/\/akdenizolaygazetesi.com\/?p=32492\" class=\"more-link\">Devam\u0131n\u0131 Oku&#8230;<\/a><\/p>\n","protected":false},"author":2,"featured_media":32493,"comment_status":"open","ping_status":"open","sticky":false,"template":"","format":"standard","meta":[],"categories":[1,2,3],"tags":[],"_links":{"self":[{"href":"https:\/\/akdenizolaygazetesi.com\/index.php?rest_route=\/wp\/v2\/posts\/32492"}],"collection":[{"href":"https:\/\/akdenizolaygazetesi.com\/index.php?rest_route=\/wp\/v2\/posts"}],"about":[{"href":"https:\/\/akdenizolaygazetesi.com\/index.php?rest_route=\/wp\/v2\/types\/post"}],"author":[{"embeddable":true,"href":"https:\/\/akdenizolaygazetesi.com\/index.php?rest_route=\/wp\/v2\/users\/2"}],"replies":[{"embeddable":true,"href":"https:\/\/akdenizolaygazetesi.com\/index.php?rest_route=%2Fwp%2Fv2%2Fcomments&post=32492"}],"version-history":[{"count":1,"href":"https:\/\/akdenizolaygazetesi.com\/index.php?rest_route=\/wp\/v2\/posts\/32492\/revisions"}],"predecessor-version":[{"id":32494,"href":"https:\/\/akdenizolaygazetesi.com\/index.php?rest_route=\/wp\/v2\/posts\/32492\/revisions\/32494"}],"wp:featuredmedia":[{"embeddable":true,"href":"https:\/\/akdenizolaygazetesi.com\/index.php?rest_route=\/wp\/v2\/media\/32493"}],"wp:attachment":[{"href":"https:\/\/akdenizolaygazetesi.com\/index.php?rest_route=%2Fwp%2Fv2%2Fmedia&parent=32492"}],"wp:term":[{"taxonomy":"category","embeddable":true,"href":"https:\/\/akdenizolaygazetesi.com\/index.php?rest_route=%2Fwp%2Fv2%2Fcategories&post=32492"},{"taxonomy":"post_tag","embeddable":true,"href":"https:\/\/akdenizolaygazetesi.com\/index.php?rest_route=%2Fwp%2Fv2%2Ftags&post=32492"}],"curies":[{"name":"wp","href":"https:\/\/api.w.org\/{rel}","templated":true}]}}