{"id":32498,"date":"2024-10-17T16:11:48","date_gmt":"2024-10-17T13:11:48","guid":{"rendered":"http:\/\/akdenizolaygazetesi.com\/?p=32498"},"modified":"2024-10-17T16:11:48","modified_gmt":"2024-10-17T13:11:48","slug":"bizim-iktidarimizda-hic-kimse-sofradan-ac-kalkmayacak","status":"publish","type":"post","link":"https:\/\/akdenizolaygazetesi.com\/?p=32498","title":{"rendered":"\u201cBizim \u0130ktidar\u0131m\u0131zda Hi\u00e7 Kimse Sofradan A\u00e7 Kalkmayacak\u201d"},"content":{"rendered":"<p>Cumhuriyet Halk Partisi (CHP) Mersin Milletvekili G\u00fclcan K\u0131\u015f, TBMM Genel Kurulu&#8217;nda 16 Ekim D\u00fcnya G\u0131da G\u00fcn\u00fc \u00fczerine yapt\u0131\u011f\u0131 konu\u015fmada, g\u0131daya eri\u015fimde ya\u015fanan zorluklara dikkat \u00e7ekerek, AKP iktidar\u0131n\u0131n tar\u0131m politikalar\u0131n\u0131 ele\u015ftirdi.<\/p>\n<p>G\u00fclcan K\u0131\u015f, konu\u015fmas\u0131nda \u015fu ifadelere yer verdi:<\/p>\n<p>&#8220;A\u00e7l\u0131k ve yetersiz beslenmeyle m\u00fccadeleye dikkat \u00e7ekmek i\u00e7in kutlanan 16 Ekim D\u00fcnya G\u0131da G\u00fcn\u00fc&#8217;nde, milyonlarca insan\u0131n g\u0131daya eri\u015fimde b\u00fcy\u00fck zorluklar ya\u015fad\u0131\u011f\u0131n\u0131 vurgulamak istiyorum. AKP&#8217;nin 22 y\u0131ll\u0131k iktidar\u0131nda tar\u0131m sekt\u00f6r\u00fc adeta g\u00f6z ard\u0131 edilmi\u015ftir. Tar\u0131m politikalar\u0131 ranta teslim edilmi\u015f, verimli topraklar beton y\u0131\u011f\u0131nlar\u0131na d\u00f6n\u00fc\u015ft\u00fcr\u00fclm\u00fc\u015ft\u00fcr.&#8221;<\/p>\n<p>Milletvekili G\u00fclcan K\u0131\u015f, AKP&#8217;nin rant odakl\u0131 politikalar\u0131n\u0131n tar\u0131m\u0131 bitirme noktas\u0131na getirdi\u011fini belirterek, \u00e7ift\u00e7ilerin zor durumda oldu\u011funu ifade etti. T\u00fcrkiye&#8217;nin, tar\u0131mda kendine yeten bir \u00fclke olmaktan \u00e7\u0131k\u0131p d\u0131\u015fa ba\u011f\u0131ml\u0131 hale geldi\u011fini vurgulayan K\u0131\u015f, \u00e7\u00f6z\u00fcm olarak Cumhuriyet Halk Partisi belediyelerinin tar\u0131m\u0131 destekleyen projelerini i\u015faret etti.<\/p>\n<p>&#8220;Mersin B\u00fcy\u00fck\u015fehir Belediyemiz ba\u015fta olmak \u00fczere, t\u00fcm Cumhuriyet Halk Partili belediyelerimizin deste\u011fiyle tar\u0131m\u0131 ve \u00fcretimi canland\u0131racak projeleri kararl\u0131 ad\u0131mlarla s\u00fcrd\u00fcrece\u011fiz,&#8221; diyen G\u00fclcan K\u0131\u015f, CHP iktidar\u0131nda g\u0131daya eri\u015fim sorunlar\u0131n\u0131n \u00e7\u00f6z\u00fclece\u011finin alt\u0131n\u0131 \u00e7izdi: &#8220;Bizim iktidar\u0131m\u0131zda hi\u00e7 kimse sofradan a\u00e7 kalkmayacak, g\u0131da herkesin ula\u015fabilece\u011fi yerde olacakt\u0131r.&#8221;<\/p>\n<p>G\u00fclcan K\u0131\u015f&#8217;\u0131n konu\u015fmas\u0131, \u00f6zellikle tar\u0131mda ya\u015fanan sorunlar ve yetersiz beslenme gibi k\u00fcresel meselelere dikkat \u00e7ekmesi a\u00e7\u0131s\u0131ndan \u00f6nemli bir yank\u0131 uyand\u0131rd\u0131.<\/p>\n","protected":false},"excerpt":{"rendered":"<p>Cumhuriyet Halk Partisi (CHP) Mersin Milletvekili G\u00fclcan K\u0131\u015f, TBMM Genel Kurulu&#8217;nda 16 Ekim D\u00fcnya G\u0131da G\u00fcn\u00fc \u00fczerine yapt\u0131\u011f\u0131 konu\u015fmada, g\u0131daya eri\u015fimde ya\u015fanan zorluklara dikkat \u00e7ekerek, AKP iktidar\u0131n\u0131n tar\u0131m politikalar\u0131n\u0131 ele\u015ftirdi. &hellip; <a href=\"https:\/\/akdenizolaygazetesi.com\/?p=32498\" class=\"more-link\">Devam\u0131n\u0131 Oku&#8230;<\/a><\/p>\n","protected":false},"author":2,"featured_media":32499,"comment_status":"open","ping_status":"open","sticky":false,"template":"","format":"standard","meta":[],"categories":[1,2,3],"tags":[],"_links":{"self":[{"href":"https:\/\/akdenizolaygazetesi.com\/index.php?rest_route=\/wp\/v2\/posts\/32498"}],"collection":[{"href":"https:\/\/akdenizolaygazetesi.com\/index.php?rest_route=\/wp\/v2\/posts"}],"about":[{"href":"https:\/\/akdenizolaygazetesi.com\/index.php?rest_route=\/wp\/v2\/types\/post"}],"author":[{"embeddable":true,"href":"https:\/\/akdenizolaygazetesi.com\/index.php?rest_route=\/wp\/v2\/users\/2"}],"replies":[{"embeddable":true,"href":"https:\/\/akdenizolaygazetesi.com\/index.php?rest_route=%2Fwp%2Fv2%2Fcomments&post=32498"}],"version-history":[{"count":1,"href":"https:\/\/akdenizolaygazetesi.com\/index.php?rest_route=\/wp\/v2\/posts\/32498\/revisions"}],"predecessor-version":[{"id":32500,"href":"https:\/\/akdenizolaygazetesi.com\/index.php?rest_route=\/wp\/v2\/posts\/32498\/revisions\/32500"}],"wp:featuredmedia":[{"embeddable":true,"href":"https:\/\/akdenizolaygazetesi.com\/index.php?rest_route=\/wp\/v2\/media\/32499"}],"wp:attachment":[{"href":"https:\/\/akdenizolaygazetesi.com\/index.php?rest_route=%2Fwp%2Fv2%2Fmedia&parent=32498"}],"wp:term":[{"taxonomy":"category","embeddable":true,"href":"https:\/\/akdenizolaygazetesi.com\/index.php?rest_route=%2Fwp%2Fv2%2Fcategories&post=32498"},{"taxonomy":"post_tag","embeddable":true,"href":"https:\/\/akdenizolaygazetesi.com\/index.php?rest_route=%2Fwp%2Fv2%2Ftags&post=32498"}],"curies":[{"name":"wp","href":"https:\/\/api.w.org\/{rel}","templated":true}]}}