{"id":32511,"date":"2024-10-17T16:18:32","date_gmt":"2024-10-17T13:18:32","guid":{"rendered":"http:\/\/akdenizolaygazetesi.com\/?p=32511"},"modified":"2024-10-17T16:18:32","modified_gmt":"2024-10-17T13:18:32","slug":"mersin-buyuksehirden-dunya-gida-ve-etik-gunu-paneli","status":"publish","type":"post","link":"https:\/\/akdenizolaygazetesi.com\/?p=32511","title":{"rendered":"MERS\u0130N B\u00dcY\u00dcK\u015eEH\u0130R&#8217;DEN &#8216;D\u00dcNYA GIDA VE ET\u0130K G\u00dcN\u00dc&#8217; PANEL\u0130"},"content":{"rendered":"<p>Mersin B\u00fcy\u00fck\u015fehir Belediyesi, TARGET, TMMOB G\u0131da M\u00fchendisleri Odas\u0131 Mersin \u015eubesi ve Ziraat M\u00fchendisleri Odas\u0131 taraf\u0131ndan, bu y\u0131l ayn\u0131 g\u00fcne denk gelen &#8216;D\u00fcnya G\u0131da G\u00fcn\u00fc&#8217; ve &#8216;D\u00fcnya Etik G\u00fcn\u00fc&#8217; kapsam\u0131nda, &#8216;D\u00fcnya G\u0131da ve Etik G\u00fcn\u00fc Paneli&#8217; ger\u00e7ekle\u015ftirildi. Alan\u0131nda uzman, birbirinden de\u011ferli akademisyenler ve isimlerin yer ald\u0131\u011f\u0131 panelde, g\u0131daya eri\u015fim ana temas\u0131 ba\u015fta olmak \u00fczere pek \u00e7ok \u00f6nemli konu konu\u015fuldu. G\u0131daya adil ve e\u015fit bir \u015fekilde ula\u015f\u0131m konusunda d\u00fcnya \u00e7ap\u0131nda ya\u015fanan s\u0131k\u0131nt\u0131lara de\u011finilen panelde, rakamsal veriler de payla\u015f\u0131ld\u0131. Panelde ayr\u0131ca, adil g\u0131daya eri\u015fimin en \u00f6nemli ba\u015flang\u0131c\u0131 olan &#8216;S\u00fcrd\u00fcr\u00fclebilir g\u0131da ve tar\u0131m&#8217; konusunda neler yap\u0131labilece\u011fi ve nas\u0131l bir yol izlenebilece\u011fi konusunda fikir payla\u015f\u0131mlar\u0131 yap\u0131ld\u0131.<\/p>\n<p> Mersin B\u00fcy\u00fck\u015fehir Belediyesi, TARGET (Tar\u0131m ve G\u0131da Eti\u011fi Derne\u011fi), TMMOB G\u0131da M\u00fchendisleri Odas\u0131 Mersin \u015eubesi ve Ziraat M\u00fchendisleri Odas\u0131 taraf\u0131ndan, bu y\u0131l ayn\u0131 g\u00fcne denk gelen &#8216;D\u00fcnya G\u0131da G\u00fcn\u00fc&#8217; ve &#8216;D\u00fcnya Etik G\u00fcn\u00fc&#8217; kapsam\u0131nda &#8216;D\u00fcnya G\u0131da ve Etik G\u00fcn\u00fc Paneli&#8217; ger\u00e7ekle\u015ftirildi.<\/p>\n<p>Kongre ve Sergi Saray\u0131&#8217;nda yap\u0131lan ve alan\u0131nda uzman akademisyenler ile isimlerin yer ald\u0131\u011f\u0131 panelde, g\u0131daya eri\u015fim ana temas\u0131 ba\u015fta olmak \u00fczere pek \u00e7ok \u00f6nemli konu konu\u015fuldu. G\u0131daya adil ve e\u015fit bir \u015fekilde ula\u015f\u0131m konusunda d\u00fcnya \u00e7ap\u0131nda ya\u015fanan s\u0131k\u0131nt\u0131lara de\u011finilen panelde, rakamsal veriler de payla\u015f\u0131ld\u0131. Panelde ayr\u0131ca, adil g\u0131daya eri\u015fimin en \u00f6nemli ba\u015flang\u0131c\u0131 olan &#8216;S\u00fcrd\u00fcr\u00fclebilir g\u0131da ve tar\u0131m&#8217; konusunda neler yap\u0131labilece\u011fi ve nas\u0131l bir yol izlenebilece\u011fi konusunda fikir payla\u015f\u0131mlar\u0131 yap\u0131ld\u0131.<\/p>\n<p>Daha g\u00fczel ve adil bir ya\u015fam i\u00e7in g\u0131da hakk\u0131 konu\u015fuldu<\/p>\n<p>A\u00e7\u0131l\u0131\u015f konu\u015fmalar\u0131 ile ba\u015flayan panelin &#8216;\u00d6zel Sunumlar&#8217; b\u00f6l\u00fcm\u00fcnde TARGET Kurucu \u00dcyesi Prof. Dr. Neyyire Yasemin Yal\u0131m, &#8216;Etik Neye Yarar&#8217; konu ba\u015fl\u0131\u011f\u0131nda, BM G\u0131da Hakk\u0131 \u00d6nceki Raport\u00f6r\u00fc Prof. Dr. Hilal Elver, &#8216;Daha G\u00fczel Bir Ya\u015fam ve Daha G\u00fczel Bir Gelecek \u0130\u00e7in G\u0131da Hakk\u0131&#8217; konu ba\u015fl\u0131klar\u0131yla bilgiler payla\u015ft\u0131.<\/p>\n<p>Panelin 2. oturumunda ise, &#8216;Toplumsal ve K\u00fclt\u00fcrel Bir De\u011fer Olarak G\u0131da&#8217; b\u00f6l\u00fcm\u00fcnde Ankara \u00dcniversitesi Siyasal Bilgiler Fak\u00fcltesi&#8217;nden Prof. Dr. Erdem Denk, &#8217;50 Bin Y\u0131ll\u0131k M\u00fccadele: G\u0131da \u00d6zg\u00fcrl\u00fc\u011f\u00fc m\u00fc, G\u0131da G\u00fcvenli\u011fi mi?&#8217; konusuna de\u011finirken, Ankara Hac\u0131 Bayram Veli \u00dcniversitesi&#8217;nden Prof. Dr. Evrim \u00d6l\u00e7er \u00d6z\u00fcnel ise, &#8216;Gelece\u011fe Miras: S\u00fcrd\u00fcr\u00fclebilir Bir G\u0131da K\u00fclt\u00fcr\u00fc Yaratmak&#8217;  konusuna de\u011findi. Panelin &#8216;Temel Bir Etik Sorun Alan\u0131 Olarak G\u0131da G\u00fcvenli\u011fi&#8217; ba\u015fl\u0131kl\u0131 b\u00f6l\u00fcm\u00fcnde ise, TARGET 2. Ba\u015fkan\u0131 R. Petek Ataman, &#8216;RASFF Verileri \u00dczerinden G\u0131da G\u00fcvenli\u011fi Sorunu&#8217; ve &#8216;Tar\u0131m \u0130lac\u0131 Kal\u0131nt\u0131s\u0131&#8217; konular\u0131 \u00fczerine k\u0131ymetli bilgiler payla\u015ft\u0131.<\/p>\n<p>\u015eahuto\u011flu: &#8220;S\u00fcrd\u00fcr\u00fclebilir tar\u0131m ve g\u0131da sistemini oturtmam\u0131z gerekiyor&#8221;<\/p>\n<p>Mersin B\u00fcy\u00fck\u015fehir Belediyesi Tar\u0131msal Hizmetler Dairesi Ba\u015fkan\u0131 Sel\u00e7uk \u015eahuto\u011flu, 2020 y\u0131l\u0131nda ba\u015flayan pandemi ve devam\u0131nda ya\u015fanan s\u00fcre\u00e7lerin, g\u0131daya eri\u015fimin ne kadar \u00f6nemli oldu\u011funu bir kez daha g\u00f6sterdi\u011fini belirterek, &#8220;\u0130\u015fsizlik, enflasyon, tar\u0131msal politikalar, girdi maliyetleri, bunlar\u0131n hepsini bir araya getirdi\u011finizde, g\u0131daya eri\u015fimin son zamanlarda zorlu\u011funu asl\u0131nda daha iyi anl\u0131yoruz. Topraklar\u0131m\u0131z fakirle\u015fiyor, su varl\u0131klar\u0131m\u0131z azal\u0131yor. Yerel tohumlar, biyolojik \u00e7e\u015fitlilik azal\u0131yor ve b\u00f6ylelikle de g\u0131dan\u0131n g\u00fcvenirli\u011fi, tar\u0131m\u0131n s\u00fcrd\u00fcr\u00fclebilirli\u011fi, tar\u0131m ve g\u0131da sisteminin bizler i\u00e7in ne kadar elzem oldu\u011fu \u00f6n plana \u00e7\u0131k\u0131yor&#8221; dedi. As\u0131l sorunun, bencil ve sorumsuz bir t\u00fcketim oldu\u011funu kaydeden \u015eahuto\u011flu, &#8220;S\u00fcrd\u00fcr\u00fclebilir tar\u0131m ve g\u0131da sistemini oturtmam\u0131z gerekiyor. S\u00fcrd\u00fcr\u00fclebilir g\u0131da sistemi herkes i\u00e7in yeterli, besleyici, g\u00fcvenilir ve \u00e7e\u015fitli g\u0131daya en uygun fiyata eri\u015filebildi\u011fi, ayn\u0131 zamanda da hi\u00e7 kimsenin a\u00e7 kalmad\u0131\u011f\u0131 g\u0131da g\u00fcvenli\u011finin sa\u011fland\u0131\u011f\u0131 bir sistem olmal\u0131d\u0131r&#8221; diye konu\u015ftu.<\/p>\n<p>S\u00fcrd\u00fcr\u00fclebilir tar\u0131m ve g\u0131da sisteminin ekonomik, sosyal ve \u00e7evresel temellerden \u00f6d\u00fcn vermeden herkes i\u00e7in uygulanmas\u0131 gerekti\u011fini vurgulayan \u015eahuto\u011flu, &#8220;Bizler de bu d\u00fc\u015f\u00fcnceyle, Mersin B\u00fcy\u00fck\u015fehir Belediyesi olarak k\u00fc\u00e7\u00fck \u00f6l\u00e7ekli aile i\u015fletmelerine destekler sunuyoruz. Bunu yaparken de; \u00fcretimden sofraya kadar olan k\u0131sm\u0131 planlayarak, bu do\u011frultuda projeler geli\u015ftirerek uygulamaya \u00e7al\u0131\u015f\u0131yoruz. En ba\u015fta \u00fcreticilerimizi; Mersin gibi tar\u0131m\u0131n zengin oldu\u011fu, deniz seviyesinden 3 bin rak\u0131ma kadar tar\u0131m\u0131n yap\u0131ld\u0131\u011f\u0131, 86 \u00e7e\u015fit \u00fcr\u00fcn\u00fcn yeti\u015fti\u011fi bir \u015fehirde g\u0131dan\u0131n \u00f6nemi, asl\u0131nda bizlere \u00e7ok \u015fey \u00f6\u011fretiyor&#8221; dedi.<\/p>\n<p>&#8220;Ad\u0131m ad\u0131m ve yerli yerinde desteklerle \u00fcreticiyi desteklemeye devam edece\u011fiz&#8221;<\/p>\n<p>Mersin&#8217;in sadece T\u00fcrkiye de\u011fil, d\u00fcnyada da \u00f6nemli bir tar\u0131m kenti oldu\u011funu, Mersin B\u00fcy\u00fck\u015fehir Belediyesi olarak da bu do\u011frultuda \u00e7al\u0131\u015fmalar yapt\u0131klar\u0131n\u0131 s\u00f6yleyen \u015eahuto\u011flu, &#8220;\u00dcreticilerimize; b\u00f6lgeye uygun fidanlar vererek destekliyoruz. Verilen fidanlar\u0131n yan\u0131 s\u0131ra, suya eri\u015febilmeleri i\u00e7in kooperatifler marifetiyle sulama borular\u0131 da\u011f\u0131t\u0131yoruz. Hasat sonras\u0131 vermi\u015f oldu\u011fumuz makine ekipman destekleri ile de \u00fcr\u00fcnlerin hem i\u015flenebilmesi, hem de katma de\u011fer sa\u011flamas\u0131 amac\u0131yla desteklerimizi s\u00fcrd\u00fcr\u00fcyoruz. Sonras\u0131nda da hasat edilen \u00fcr\u00fcnlerin pazarlanmas\u0131na, ayn\u0131 zamanda tan\u0131t\u0131lmas\u0131na y\u00f6nelik faaliyetlerde bulunuyoruz. \u00dcr\u00fcn \u015fenlikleri ve festivallerle hem o b\u00f6lgenin, hem de \u00fcr\u00fcn\u00fcn tan\u0131t\u0131lmas\u0131 ve pazarlanmas\u0131 i\u00e7in etkinlikler d\u00fczenliyoruz. K\u0131sacas\u0131; ad\u0131m ad\u0131m ve yerli yerinde desteklerle \u00fcreticiyi destekliyoruz ve desteklemeye de devam edece\u011fiz&#8221; ifadelerini kulland\u0131.<\/p>\n<p>T\u00fcrko\u011flu: &#8220;G\u0131daya eri\u015filebilirlikten kas\u0131t hem ekonomik, hem de fiziksel eri\u015filebilirliktir&#8221;<\/p>\n<p>Birle\u015fmi\u015f Milletler G\u0131da Tar\u0131m \u00d6rg\u00fct\u00fc FAO&#8217;nun T\u00fcrkiye Temsilcili\u011fi ad\u0131na kat\u0131lan K\u0131demli Program Koordinat\u00f6r\u00fc \u00d6zcan T\u00fcrko\u011flu, daha iyi bir ya\u015fam ve gelecek i\u00e7in g\u0131da hakk\u0131n\u0131n \u00f6nemini vurgulayan bir konu\u015fma yapt\u0131. G\u0131dan\u0131n 3 boyutunun; mevcut olmas\u0131, eri\u015filebilir olmas\u0131 ve yeterli olmas\u0131 oldu\u011funu belirten T\u00fcrko\u011flu, &#8220;Eri\u015filebilirlikten kas\u0131t hem ekonomik, hem de fiziksel eri\u015filebilirlik. Ekonomik olarak siz g\u00fcc\u00fcn\u00fcz\u00fcn yetti\u011fi \u00f6l\u00e7\u00fcde bu g\u0131dalar\u0131 sat\u0131n alam\u0131yorsan\u0131z, g\u0131dan\u0131n varl\u0131\u011f\u0131n\u0131n da pek bir k\u0131ymeti kalm\u0131yor. Bug\u00fcn itibariyle rakamlar, biraz alarm verici d\u00fczeyde&#8221; diyerek, d\u00fcnya genelinde herkesin g\u0131daya eri\u015fiminin ve g\u0131dayla ili\u015fkisinin ayn\u0131 olmad\u0131\u011f\u0131na dikkat \u00e7ekti. T\u00fcrko\u011flu, g\u0131daya eri\u015fimi etkileyen sebepleri anlat\u0131rken, a\u00e7l\u0131k ve k\u00f6t\u00fc beslenme sarmal\u0131n\u0131n nas\u0131l yenilece\u011fi konusunda daha kapsay\u0131c\u0131, daha diren\u00e7li, daha etkili bir tar\u0131m g\u0131da sistemine de vurgu yapt\u0131.<\/p>\n<p>Prof. Talu: &#8220;G\u0131da olmadan, toplumlar\u0131n gelece\u011fi g\u00fcven alt\u0131nda olamaz&#8221;<\/p>\n<p>Ankara \u00dcniversitesi \u00f6nceki d\u00f6nem Rekt\u00f6r\u00fc, Tar\u0131m ve G\u0131da Eti\u011fi Derne\u011fi Ba\u015fkan\u0131 Prof. Dr. Cemal Talu da, &#8216;D\u00fcnya Etik G\u00fcn\u00fc&#8217; ve &#8216;D\u00fcnya G\u0131da G\u00fcn\u00fc&#8217;n\u00fcn, birbirini etkileyen 2 \u00f6nemli konuya de\u011finmek a\u00e7\u0131s\u0131ndan \u00f6nemli oldu\u011funu s\u00f6yledi. Derneklerinin Mersin&#8217;de ilk kez b\u00f6yle bir panelde yer almas\u0131n\u0131n kendileri i\u00e7in heyecan verici oldu\u011funu ifade eden ve Mersin&#8217;in T\u00fcrkiye tar\u0131m\u0131 a\u00e7\u0131s\u0131ndan son derece \u00f6nemli bir kent oldu\u011funu s\u00f6yleyen Prof. Talu, &#8220;Mersin&#8217;de bir ba\u015flang\u0131\u00e7 yap\u0131yoruz. G\u0131da G\u00fcn\u00fc ve Etik G\u00fcn\u00fc&#8217;n\u00fcn ayn\u0131 g\u00fcne denk gelmesi ile tar\u0131m ve g\u0131da eti\u011fi toplant\u0131s\u0131n\u0131 Mersin gibi \u00e7ok \u00f6nemli bir yerde yapmay\u0131 \u00e7ok istedik. Bu konuda Mersin B\u00fcy\u00fck\u015fehir Belediyesi&#8217;nden ve oda \u015fubelerinden \u00e7ok destek g\u00f6rd\u00fck&#8221; ifadelerine yer verdi. Prof. Talu konu\u015fmas\u0131n\u0131n devam\u0131nda, etik ve g\u0131da g\u00fcn\u00fc temalar\u0131 \u00fczerinden de\u011ferli \u00f6rnekler verdi. Ya\u015fam ve g\u0131da ili\u015fkisine de de\u011finen Prof. Talu, g\u0131da olmadan toplumlar\u0131n gelece\u011finin g\u00fcven alt\u0131nda olamayaca\u011f\u0131n\u0131 s\u00f6yledi.<\/p>\n<p>Prof. \u00d6zkaya: &#8220;Hem etik, hem de g\u0131daya ula\u015f\u0131m olarak sorunlar ya\u015f\u0131yoruz&#8221;<\/p>\n<p>TMMOB Ziraat M\u00fchendisleri Odas\u0131 Mersin \u015eube Ba\u015fkan\u0131 Prof. Dr. Okan \u00d6zkaya, &#8220;D\u00fcnya genelinde milyonlarca insan\u0131 etkileyen g\u0131da g\u00fcvenli\u011fi, yetersiz beslenme, s\u00fcrd\u00fcr\u00fclebilir tar\u0131m gibi konular\u0131n \u00f6nemini hep beraber g\u00f6r\u00fcyoruz, ya\u015f\u0131yoruz. Hem etik, hem de g\u0131daya ula\u015f\u0131m olarak sorunlar ya\u015f\u0131yoruz&#8221; diye konu\u015ftu. Prof. \u00d6zkaya, konu\u015fmas\u0131n\u0131n devam\u0131nda insan i\u00e7in beslenme, a\u00e7l\u0131k, s\u00fcrd\u00fcr\u00fclebilir tar\u0131m ve etik \u00fczerine \u00f6nemli noktalara de\u011findi.<\/p>\n<p>De\u011firmenci: &#8220;A\u00e7l\u0131\u011f\u0131n, yoklu\u011fun ve yoksullu\u011fun son buldu\u011fu bir d\u00fcnya istiyoruz&#8221;<\/p>\n<p>TMMOB G\u0131da M\u00fchendisleri Odas\u0131 Mersin \u015eube Ba\u015fkan\u0131 Yusuf De\u011firmenci, g\u0131da hakk\u0131 ve etik konusunda \u00f6nemli de\u011ferlendirmeler yapt\u0131. BM G\u0131da ve Tar\u0131m \u00d6rg\u00fct\u00fc&#8217;n\u00fcn 2023 y\u0131l\u0131 raporunun a\u00e7l\u0131k verilerini payla\u015fan De\u011firmenci; TMMOB olarak a\u00e7l\u0131\u011f\u0131n, yoklu\u011fun ve yoksullu\u011fun son buldu\u011fu bir \u00fclke ve d\u00fcnyadan yana olduklar\u0131n\u0131 ifade ederek, &#8220;Bizden desteklerini hi\u00e7bir zaman esirgemeyen Mersin B\u00fcy\u00fck\u015fehir Belediye Ba\u015fkan\u0131m\u0131z ve b\u00fcrokratlar\u0131na da \u00e7ok te\u015fekk\u00fcr ediyoruz&#8221; dedi.<\/p>\n<p>Konu\u015fmac\u0131lar\u0131n T\u00fcrkiye&#8217;deki \u00e7ok de\u011ferli akademisyenlerden olu\u015fmas\u0131 sebebiyle hem \u00f6\u011frencileri, hem de sekt\u00f6rdeki ki\u015fileri bulu\u015fturan bir panel oldu\u011funu kaydeden De\u011firmenci, &#8220;D\u00fcnya Etik G\u00fcn\u00fc hem \u00fcretimin, hem de t\u00fcketimin ayn\u0131 anda \u00f6nem verdi\u011fi bir konu. D\u00fcnya G\u0131da G\u00fcn\u00fc&#8217;n\u00fcn ise g\u0131da hakk\u0131yla ilgili temas\u0131 var. Bu ikisini birle\u015ftiren, bizim i\u00e7in faydal\u0131 ve nitelikli bir panel oldu\u011funu d\u00fc\u015f\u00fcn\u00fcyoruz&#8221; diye konu\u015ftu.<\/p>\n<p>\u00d6zkaya: &#8220;Panelde, ortak akl\u0131n \u00fcr\u00fcn\u00fc d\u00fc\u015f\u00fcnceler sarf edildi&#8221;<\/p>\n<p>Tar\u0131m ve G\u0131da Eti\u011fi Derne\u011fi Ba\u015fkan Yard\u0131mc\u0131s\u0131 Petek Ataman da panele kat\u0131l\u0131m\u0131 \u00e7ok iyi buldu\u011funu belirterek, &#8220;D\u00fcnya Etik G\u00fcn\u00fc&#8217;yle D\u00fcnya G\u0131da G\u00fcn\u00fc her sene ayn\u0131 g\u00fcne denk gelmiyor. Bunun \u00e7ok g\u00fczel bir tesad\u00fcf oldu\u011funu d\u00fc\u015f\u00fcn\u00fcyorum. Etik gibi felsefe alan\u0131nda bir de\u011ferlendirmeler silsilesi olunca da \u00e7ok daha iyi oldu. Burada G\u0131da M\u00fchendisli\u011fi \u00f6\u011frencileri, Tar\u0131m \u0130l M\u00fcd\u00fcrl\u00fc\u011f\u00fc&#8217;nden, belediyeden yetkili ki\u015filer var. Bu sunumlardan, hepsinin uygulamaya y\u00f6nelik de\u011ferlendirece\u011fi bir \u015feyler \u00e7\u0131k\u0131yor. \u00c7\u00fcnk\u00fc burada ortak akl\u0131n \u00fcr\u00fcn\u00fc sarf ediliyor&#8221; dedi.<\/p>\n<p>G\u0131da M\u00fchendisli\u011fi \u00f6\u011frencileri de panele ilgi g\u00f6sterdi<\/p>\n<p>Mersin \u00dcniversitesi G\u0131da M\u00fchendisli\u011fi 3. s\u0131n\u0131f \u00f6\u011frencisi Eren Kirmit, panelin kendileri i\u00e7in \u00e7ok e\u011fitici oldu\u011funu s\u00f6yleyerek,  &#8220;G\u0131daya \u00f6nem vermemiz gerekti\u011fini d\u00fc\u015f\u00fcn\u00fcyorum. Artan n\u00fcfustan dolay\u0131, g\u0131daya ula\u015f\u0131m\u0131m\u0131z azal\u0131yor. Bu y\u00fczden g\u0131day\u0131 ve tar\u0131m alanlar\u0131n\u0131 korumal\u0131y\u0131z. Sadece bug\u00fcn de\u011fil, her g\u00fcn g\u0131da ve etik g\u00fcn\u00fcn\u00fc anmam\u0131z gerekti\u011fini d\u00fc\u015f\u00fcn\u00fcyorum. Mersin B\u00fcy\u00fck\u015fehir Belediye Ba\u015fkan\u0131m\u0131z Vahap Se\u00e7er ba\u015fta olmak \u00fczere, eme\u011fi ge\u00e7en herkese te\u015fekk\u00fcr ederim&#8221; ifadelerine yer verdi.<\/p>\n<p>Mersin \u00dcniversitesi G\u0131da M\u00fchendisli\u011fi 4. s\u0131n\u0131f \u00f6\u011frencisi \u0130pek Co\u015fkun ise, &#8220;Bizim i\u00e7in \u00e7ok bilgilendirici ve e\u011fitici bir panel oldu. Te\u015fekk\u00fcr ediyoruz&#8221;  dedi.<\/p>\n","protected":false},"excerpt":{"rendered":"<p>Mersin B\u00fcy\u00fck\u015fehir Belediyesi, TARGET, TMMOB G\u0131da M\u00fchendisleri Odas\u0131 Mersin \u015eubesi ve Ziraat M\u00fchendisleri Odas\u0131 taraf\u0131ndan, bu y\u0131l ayn\u0131 g\u00fcne denk gelen &#8216;D\u00fcnya G\u0131da G\u00fcn\u00fc&#8217; ve &#8216;D\u00fcnya Etik G\u00fcn\u00fc&#8217; kapsam\u0131nda, &#8216;D\u00fcnya &hellip; <a href=\"https:\/\/akdenizolaygazetesi.com\/?p=32511\" class=\"more-link\">Devam\u0131n\u0131 Oku&#8230;<\/a><\/p>\n","protected":false},"author":2,"featured_media":32512,"comment_status":"open","ping_status":"open","sticky":false,"template":"","format":"standard","meta":[],"categories":[1,2,3],"tags":[],"_links":{"self":[{"href":"https:\/\/akdenizolaygazetesi.com\/index.php?rest_route=\/wp\/v2\/posts\/32511"}],"collection":[{"href":"https:\/\/akdenizolaygazetesi.com\/index.php?rest_route=\/wp\/v2\/posts"}],"about":[{"href":"https:\/\/akdenizolaygazetesi.com\/index.php?rest_route=\/wp\/v2\/types\/post"}],"author":[{"embeddable":true,"href":"https:\/\/akdenizolaygazetesi.com\/index.php?rest_route=\/wp\/v2\/users\/2"}],"replies":[{"embeddable":true,"href":"https:\/\/akdenizolaygazetesi.com\/index.php?rest_route=%2Fwp%2Fv2%2Fcomments&post=32511"}],"version-history":[{"count":1,"href":"https:\/\/akdenizolaygazetesi.com\/index.php?rest_route=\/wp\/v2\/posts\/32511\/revisions"}],"predecessor-version":[{"id":32513,"href":"https:\/\/akdenizolaygazetesi.com\/index.php?rest_route=\/wp\/v2\/posts\/32511\/revisions\/32513"}],"wp:featuredmedia":[{"embeddable":true,"href":"https:\/\/akdenizolaygazetesi.com\/index.php?rest_route=\/wp\/v2\/media\/32512"}],"wp:attachment":[{"href":"https:\/\/akdenizolaygazetesi.com\/index.php?rest_route=%2Fwp%2Fv2%2Fmedia&parent=32511"}],"wp:term":[{"taxonomy":"category","embeddable":true,"href":"https:\/\/akdenizolaygazetesi.com\/index.php?rest_route=%2Fwp%2Fv2%2Fcategories&post=32511"},{"taxonomy":"post_tag","embeddable":true,"href":"https:\/\/akdenizolaygazetesi.com\/index.php?rest_route=%2Fwp%2Fv2%2Ftags&post=32511"}],"curies":[{"name":"wp","href":"https:\/\/api.w.org\/{rel}","templated":true}]}}