{"id":32516,"date":"2024-10-18T12:44:09","date_gmt":"2024-10-18T09:44:09","guid":{"rendered":"http:\/\/akdenizolaygazetesi.com\/?p=32516"},"modified":"2024-10-18T12:44:09","modified_gmt":"2024-10-18T09:44:09","slug":"baskan-secer-artik-mersinde-ozgurlukcu-sosyal-demokrat-bir-belediyecilik-hakim","status":"publish","type":"post","link":"https:\/\/akdenizolaygazetesi.com\/?p=32516","title":{"rendered":"BA\u015eKAN SE\u00c7ER: &#8220;ARTIK MERS\u0130N&#8217;DE \u00d6ZG\u00dcRL\u00dcK\u00c7\u00dc, SOSYAL DEMOKRAT B\u0130R BELED\u0130YEC\u0130L\u0130K HAK\u0130M&#8221;"},"content":{"rendered":"<p>Sosyal politikalar alan\u0131nda ger\u00e7ekle\u015ftirdi\u011fi hizmetlerle T\u00fcrkiye&#8217;ye \u00f6rnek olan Mersin B\u00fcy\u00fck\u015fehir Belediyesi&#8217;nin, yeni projeler olu\u015fturmak amac\u0131yla &#8216;Herkesin Kimsesi&#8217; slogan\u0131yla hayata ge\u00e7irdi\u011fi &#8216;Mersin Sosyal Politikalar Ofisi&#8217; , &#8217;17 Ekim D\u00fcnya Yoksullukla M\u00fccadele G\u00fcn\u00fc&#8217;nde a\u00e7\u0131ld\u0131.<\/p>\n<p>A\u00e7\u0131l\u0131\u015f t\u00f6reninde konu\u015fan Ba\u015fkan Se\u00e7er, belediyecili\u011fin; yol, konser, festival, bina yapmaktan ibaret olmad\u0131\u011f\u0131n\u0131n alt\u0131n\u0131 \u00e7izerek, &#8220;Sosyal belediyecilik; bir birey do\u011fmadan, topra\u011fa gidene kadar o bireyin yan\u0131nda olmakt\u0131r&#8221; dedi. Vatanda\u015flara hizmet ederken zor \u015fartlarda ve engellemelerle kar\u015f\u0131 kar\u015f\u0131ya kald\u0131klar\u0131n\u0131 ifade eden Ba\u015fkan Se\u00e7er, &#8220;Zor ko\u015fullarda, adaletsiz ve hukuksuz bir \u00fclkede hizmet yap\u0131yoruz&#8221; dedi. G\u00f6rev s\u00fcreleri boyunca s\u00fcrd\u00fcrd\u00fckleri &#8216;e\u015fit ve adil hizmet&#8217; anlay\u0131\u015f\u0131n\u0131n kar\u015f\u0131l\u0131\u011f\u0131n\u0131 se\u00e7imlerde ald\u0131klar\u0131n\u0131 s\u00f6yleyen Se\u00e7er, &#8220;31 Mart&#8217;ta sand\u0131klar; &#8216;Mersin&#8217;de adalet var&#8217; dedi&#8221; ifadelerini kulland\u0131.<\/p>\n<p>D\u00f6rt bir yan\u0131 farkl\u0131 k\u00fclt\u00fcr ve yap\u0131da olan Mersin&#8217;de her 10 ki\u015fiden 6&#8217;s\u0131n\u0131n oyunu alman\u0131n \u00f6nemli oldu\u011funu s\u00f6yleyen Se\u00e7er, &#8220;Farkl\u0131 renkleri kapsay\u0131c\u0131 anlay\u0131\u015f\u0131m\u0131z bize nas\u0131l yerel iktidar\u0131 getirdiyse; genel iktidar\u0131 da getirecek&#8221; ifadelerini kulland\u0131. Se\u00e7er, genel iktidar i\u00e7in b\u0131kmadan \u00e7al\u0131\u015facaklar\u0131n\u0131 ifade ederek, &#8220;\u0130ktidar kimsesizleri kimsesiz b\u0131rakt\u0131. Biz kimsesizlerin kimsesi oluyoruz. Yolsuzluklarla ve ayr\u0131mc\u0131l\u0131kla m\u00fccadele bizim d\u00fcsturumuz olacak&#8221; diye belirtti. 31 Mart se\u00e7imleriyle beraber vatanda\u015flar\u0131n ma\u011fduriyetinin sona erdi\u011fini s\u00f6zlerine ekleyen Se\u00e7er, &#8220;Art\u0131k Mersin&#8217;de \u00f6zg\u00fcrl\u00fck\u00e7\u00fc, kapsay\u0131c\u0131, insanlar\u0131 ay\u0131rmayan, insanlar\u0131 seven ve sayan, sosyal demokrat bir belediyecilik hakim&#8221;  dedi.<\/p>\n<p>Sosyal politikalar alan\u0131nda ger\u00e7ekle\u015ftirdi\u011fi hizmetlerle T\u00fcrkiye&#8217;ye \u00f6rnek olan Mersin B\u00fcy\u00fck\u015fehir Belediyesi&#8217;nin, yeni projeler olu\u015fturmak amac\u0131yla &#8216;Herkesin Kimsesi&#8217; slogan\u0131yla hayata ge\u00e7irdi\u011fi &#8216;Mersin Sosyal Politikalar Ofisi&#8217;, &#8217;17 Ekim D\u00fcnya Yoksullukla M\u00fccadele G\u00fcn\u00fc&#8217;nde ger\u00e7ekle\u015fti.  <\/p>\n<p>Akdeniz \u0130l\u00e7esi Hal Mahallesi&#8217;nde yer alan ofisin a\u00e7\u0131l\u0131\u015f\u0131 Mersin B\u00fcy\u00fck\u015fehir Belediye Ba\u015fkan\u0131 Vahap Se\u00e7er&#8217;in yan\u0131 s\u0131ra; Meral Se\u00e7er, Cumhuriyet Halk Partisi (CHP) Yerel Y\u00f6netimler ve Diren\u00e7li Kentlerden Sorumlu Genel Ba\u015fkan Yard\u0131mc\u0131s\u0131 ve \u0130stanbul Milletvekili G\u00f6kan Zeybek, CHP Kad\u0131n Kollar\u0131 Genel Ba\u015fkan\u0131 ve Osmaniye Milletvekili Asu Kaya, CHP Mersin Milletvekilleri, il\u00e7e belediye ba\u015fkanlar\u0131, CHP il\u00e7e ba\u015fkanlar\u0131, siyasi parti temsilcileri, sivil toplum kurulu\u015flar\u0131n\u0131n ve odalar\u0131n temsilcileri, farkl\u0131 b\u00fcy\u00fck\u015fehir ve il belediyelerinden daire ba\u015fkanlar\u0131 ve \u00e7ok say\u0131da yurtta\u015f\u0131n kat\u0131l\u0131m\u0131yla ger\u00e7ekle\u015fti.<\/p>\n<p>Ba\u015fkan Se\u00e7er: &#8220;Halk\u0131n belediyesi anlay\u0131\u015f\u0131n\u0131 tahkim etmek i\u00e7in buraday\u0131z&#8221;<\/p>\n<p>A\u00e7\u0131l\u0131\u015f\u0131n \u00f6zellikle D\u00fcnya Yoksullukla M\u00fccadele G\u00fcn\u00fc&#8217;nde yap\u0131ld\u0131\u011f\u0131n\u0131n \u00f6nemine dikkat \u00e7eken Ba\u015fkan Se\u00e7er, Mersin&#8217;de 5 y\u0131ld\u0131r ortaya koyduklar\u0131 t\u00fcm projelerin bu merkezde oldu\u011funu s\u00f6yleyerek,  &#8220;Mersin&#8217;de 5 y\u0131ld\u0131r ortaya koydu\u011fumuz; 7&#8217;den 70&#8217;e, bir bebe\u011fin do\u011fmadan, \u00f6l\u00fcm\u00fcne kadar ge\u00e7en s\u00fcrede; &#8216;belediye nedir, ne yapar, sosyal belediye nedir, halk\u00e7\u0131l\u0131k nedir, halk\u0131n belediyesi nedir?&#8217; anlay\u0131\u015f\u0131n\u0131 tahkim etmek, o anlay\u0131\u015f\u0131 yenilemek, bilmeyene anlatmak, bilmediklerimizi \u00f6\u011frenmek ve payla\u015fmak i\u00e7in buraday\u0131z&#8221; dedi. Sosyal demokrat bir d\u00fcnya g\u00f6r\u00fc\u015f\u00fcne sahip olduklar\u0131n\u0131n ve bu g\u00f6r\u00fc\u015fe uygun politikalar\u0131 benimsediklerinin alt\u0131n\u0131 \u00e7izen Se\u00e7er, &#8220;Biz d\u00fcnyaya soldan bakar\u0131z, hizmetlerimizi de o \u015fekilde yapar\u0131z. Onun i\u00e7in de sosyal demokrat d\u00fcnya anlay\u0131\u015f\u0131nda olan, sosyal belediyecili\u011fi ilke edinmi\u015f belediyelerden iyi \u00f6rnekleri alal\u0131m ve Mersin&#8217;e uyuyorsa uyarlayal\u0131m istiyoruz. Hem alal\u0131m hem verelim hem de bilgiyi payla\u015fal\u0131m. Bilgi payla\u015ft\u0131k\u00e7a zenginle\u015fir, halk ve insanl\u0131k yarar\u0131na olur&#8221; \u015feklinde konu\u015ftu.<\/p>\n<p>&#8220;T\u00fcrkiye&#8217;de her g\u00fcn; yoksulluk, hayat pahal\u0131l\u0131\u011f\u0131, sosyal devletin olmamas\u0131 konu\u015fuluyor&#8221;<\/p>\n<p>CHP Genel Ba\u015fkan Yard\u0131mc\u0131s\u0131 ve Yerel Y\u00f6netimlerden Sorumlu Genel Ba\u015fkan\u0131 G\u00f6kan Zeybek&#8217;in; bir \u00f6nceki ziyaretinde &#8216;Mersin&#8217;i, T\u00fcrkiye&#8217;ye daha \u00e7ok anlatmak istedikleri&#8217; s\u00f6z\u00fcn\u00fc hat\u0131rlatan Ba\u015fkan Se\u00e7er, &#8220;Zeybek; &#8216;Biz Mersin&#8217;i T\u00fcrkiye&#8217;ye anlatamad\u0131k. Biz Mersin&#8217;deki hizmetleri e\u011fer yeterince T\u00fcrkiye&#8217;ye tan\u0131tmak anlatmak istiyorsak bu toplant\u0131y\u0131 burada yapmam\u0131zda yarar var&#8217; dedi. 35 belediyemizin b\u00fcrokratlar\u0131 ve yetkilileri yap\u0131lacak \u00e7al\u0131\u015ftayda olacak ve biz sosyal politikalar\u0131 konu\u015faca\u011f\u0131z&#8221; diye konu\u015farak, ger\u00e7ekle\u015ftirecekleri \u00e7al\u0131\u015ftay\u0131n temas\u0131n\u0131n &#8216;Kad\u0131na y\u00f6nelik \u015fiddet ve toplumsal cinsiyet ba\u011flam\u0131nda sosyal politikalar&#8217; oldu\u011funu s\u00f6yledi. Se\u00e7er, &#8220;Her g\u00fcn T\u00fcrkiye&#8217;nin g\u00fcndeminde yoksulluk, hayat pahal\u0131l\u0131\u011f\u0131, sosyal devletin olmamas\u0131 konu\u015fuluyor&#8221; diyerek, B\u00fcy\u00fck\u015fehir&#8217;in bu sorun alanlar\u0131 \u00fczerine konu\u015ftu\u011funu ve hizmetler \u00fcretti\u011fini kaydetti.<\/p>\n<p>&#8220;Belediyecilik insanlar\u0131n ac\u0131s\u0131n\u0131 dindirmek, hastas\u0131na bakmak, karn\u0131n\u0131 doyurmakt\u0131r&#8221;<\/p>\n<p>B\u00fcy\u00fck\u015fehir&#8217;in projelerini 7&#8217;den 70&#8217;e t\u00fcm Mersin halk\u0131n\u0131n bildi\u011fini vurgulayan Se\u00e7er, &#8220;Projelerimiz Mersin halk\u0131n\u0131n ezberinde. Herkese dokunuyoruz; anne karn\u0131ndaki \u00e7ocu\u011fa s\u00fct\u00fc de g\u00f6nderiyoruz, ebediyete irtihal eden vatanda\u015fa cenaze hizmeti de veriyoruz. Sosyal belediyecilik; bir birey do\u011fmadan, topra\u011fa gidene kadar o bireyin yan\u0131nda olmakt\u0131r. Gerisi laf\u0131 g\u00fczaft\u0131r. Belediyecilik; yol, bina, konser ve festival yapmaktan ibaret de\u011fildir. Her zaman s\u00f6yl\u00fcyorum; belediyecilik insanlar\u0131n ac\u0131s\u0131n\u0131 dindirmek, onlar\u0131n mutlulu\u011funa mutluluk katmak, karn\u0131n\u0131 doyurmak, hastas\u0131na bakmak, \u00e7ocu\u011funu okutmakt\u0131r. Belediyecilik budur&#8221; \u015feklinde konu\u015ftu.<\/p>\n<p>&#8220;Adaletsiz, hukuksuz bir \u00fclkede hizmet yap\u0131yoruz&#8221;<\/p>\n<p>Yapt\u0131klar\u0131 hizmetin vatanda\u015f\u0131n verdi\u011fi vergilerden gelen paralarla oldu\u011funu s\u00f6zlerine ekleyen Ba\u015fkan Se\u00e7er, &#8220;Biz arac\u0131y\u0131z. Y\u00fck\u00fcm\u00fcz, sorumlulu\u011fumuz a\u011f\u0131r. T\u00fcy\u00fc bitmemi\u015f yetimin hakk\u0131na tenezz\u00fcl etmek haramd\u0131r. Biz emanet\u00e7iyiz. Sizin paran\u0131z\u0131 size veriyoruz. Yoksulluk boyutu \u00e7ok fazla. Biz belediye ba\u015fkanlar\u0131 olarak m\u00fcmk\u00fcn oldu\u011fu kadar siyasete m\u00fcdahale etmek istemiyoruz. &#8216;Belediye ba\u015fkanlar\u0131 i\u015fini yapacak&#8217; diyoruz. Biz i\u015fimizi yapaca\u011f\u0131z ama unutmay\u0131n ki bizler siyasi birer fig\u00fcr\u00fcz. Biz insanlara do\u011frular\u0131 ve ger\u00e7ekleri iyi anlatmak durumunday\u0131z. Biz e\u011fer belediye ba\u015fkanlar\u0131 olarak bug\u00fcn iktidar\u0131n belediyelerimize yapt\u0131\u011f\u0131 uygulamalar\u0131, engellemeleri, zorlamalar\u0131, s\u0131k\u0131nt\u0131lar\u0131 dile getirmezsek bunu kimse duymaz. Asla \u015fikayet etmiyoruz ama bir ger\u00e7e\u011fe i\u015faret ediyoruz; zor ko\u015fullarda, adaletsiz ve hukuksuz bir \u00fclkede hizmet yap\u0131yoruz. Biz adalet da\u011f\u0131tma iddias\u0131yla kar\u015f\u0131n\u0131za \u00e7\u0131k\u0131p burada g\u00fczel s\u00f6zler s\u00f6yl\u00fcyorsak \u00f6nce adaletli olacak olan bizleriz&#8221; dedi.<\/p>\n<p>&#8220;31 Mart&#8217;ta sand\u0131klar; &#8216;Mersin&#8217;de adalet var&#8217; dedi&#8221;<\/p>\n<p>G\u00f6rev s\u00fcreleri boyunca Anamur&#8217;dan Tarsus&#8217;a kadar her noktaya e\u015fit ve adil hizmet g\u00f6t\u00fcrd\u00fcklerini vurgulayan Se\u00e7er, bunun kar\u015f\u0131l\u0131\u011f\u0131n\u0131 da 31 Mart se\u00e7imlerinde ald\u0131klar\u0131n\u0131 ifade etti. Se\u00e7er, &#8220;31 Mart&#8217;ta sand\u0131klar; &#8216;Mersin&#8217;de adalet var&#8217; dedi. Mersin&#8217;de anlay\u0131\u015f, ho\u015fg\u00f6r\u00fcl\u00fc anlay\u0131\u015ft\u0131r. Mersin&#8217;de ayr\u0131mc\u0131l\u0131k olmayan bir hizmet, sevgi ve sayg\u0131 var. \u0130nsanlar renginden dolay\u0131 ayr\u0131lmaz, bunun tam tersi; hangi renkten olursan ol, ne olursan ol, kim olursan ol bizim g\u00f6nl\u00fcm\u00fcz geni\u015ftir. Herkesi sarar sarmalar\u0131z&#8221; ifadelerini kulland\u0131.<\/p>\n<p>&#8220;Farkl\u0131 renkleri kapsay\u0131c\u0131 anlay\u0131\u015f\u0131m\u0131z bize genel iktidar\u0131 da getirecek&#8221;<\/p>\n<p>D\u00f6rt bir yan\u0131 farkl\u0131 k\u00fclt\u00fcr ve yap\u0131da olan Mersin&#8217;de her 10 ki\u015fiden 6&#8217;s\u0131n\u0131n oyunu alman\u0131n \u00f6nemli oldu\u011funu s\u00f6zlerine ekleyen Se\u00e7er, &#8220;\u00d6nemli olan burada her 10 ki\u015fiden 6 ki\u015finin oyunu almak ve farkl\u0131 renkleri bir anlay\u0131\u015f etraf\u0131nda toplamakt\u0131r. Bu kapsay\u0131c\u0131 anlay\u0131\u015f\u0131m\u0131z bize nas\u0131l yerel iktidar\u0131 getirdiyse sizlerin de deste\u011fiyle genel iktidar\u0131 da getirecek. Bundan eminiz&#8221; dedi.<\/p>\n<p>&#8220;\u0130ktidar kimsesizleri kimsesiz b\u0131rakt\u0131. Biz kimsesizlerin kimsesi oluyoruz&#8221;<\/p>\n<p>Se\u00e7er, Mersin&#8217;den genel iktidar\u0131 i\u015faret ederek, bunun i\u00e7in de b\u0131kmadan \u00e7al\u0131\u015facaklar\u0131n\u0131 ifade etti ve &#8220;\u0130ktidar kimsesizleri kimsesiz b\u0131rakt\u0131. Biz kimsesizlerin kimsesi olaca\u011f\u0131z, oluyoruz, olmaya da devam edece\u011fiz. Mustafa Kemal Atat\u00fcrk&#8217;\u00fcn dedi\u011fi gibi; &#8216;Cumhuriyet bilhassa kimsesizlerin kimsesidir&#8217;. Biz de Atat\u00fcrk&#8217;\u00fcn yolundan gidiyoruz. O&#8217;nun dedi\u011fini diyece\u011fiz, O&#8217;nun uygulamalar\u0131n\u0131 hayata ge\u00e7irece\u011fiz. Daha g\u00fczel bir \u00fclkede ya\u015fayaca\u011f\u0131z, insanlar\u0131 ay\u0131rmayaca\u011f\u0131z. Yolsuzluklarla ve ayr\u0131mc\u0131l\u0131kla m\u00fccadele bizim d\u00fcsturumuz olacak. Mersinliler, biz Mersin olarak g\u00fc\u00e7l\u00fcy\u00fcz&#8221; diye belirtti. 5 y\u0131l boyunca t\u00fcm engellemelere ra\u011fmen \u015fikayet etmeden hizmetleri s\u00fcrd\u00fcklerinin alt\u0131n\u0131 \u00e7izen Se\u00e7er, &#8220;\u00c7almazsan\u0131z, \u00e7ald\u0131rmazsan\u0131z hizmeti yapars\u0131n\u0131z. Hi\u00e7 merak etmeyin B\u00fcy\u00fck\u015fehir ve il\u00e7e belediyeleri yan yanay\u0131z, biriz beraberiz. 31 Mart&#8217;la beraber vatanda\u015f\u0131n ma\u011fduriyeti sona ermi\u015ftir. Art\u0131k Mersin&#8217;de \u00f6zg\u00fcrl\u00fck\u00e7\u00fc, kapsay\u0131c\u0131, insanlar\u0131 seven, sayan ve ay\u0131rmayan bir y\u00f6netim hakimdir. Herkes 31 Mart&#8217;ta dersini ald\u0131. Art\u0131k burada, t\u00fcm memleket sath\u0131nda sosyal demokrat bir belediyecilik hakim&#8221;  dedi.<\/p>\n<p>Zeybek: &#8220;Her t\u00fcrl\u00fc engellemelere ra\u011fmen, kaynaklar\u0131m\u0131z\u0131 etkin ve verimli kullanaca\u011f\u0131z&#8221;<\/p>\n<p>CHP Yerel Y\u00f6netimler ve Diren\u00e7li Kentlerden Sorumlu Genel Ba\u015fkan Yard\u0131mc\u0131s\u0131 ve \u0130stanbul Milletvekili G\u00f6kan Zeybek de konu\u015fmas\u0131nda; Mersin B\u00fcy\u00fck\u015fehir taraf\u0131ndan do\u011fmam\u0131\u015f bebekler i\u00e7in yap\u0131lan hizmetlerden ilkokul \u00e7a\u011f\u0131ndaki \u00e7ocuklara, yap\u0131lan e\u011fitim desteklerinden g\u00f6\u00e7le bu kente gelmi\u015f olan ve derin yoksullu\u011fu ya\u015fayan ailelere verilen hizmetlere kadar her alanda yap\u0131lan hizmetleri aktarmak ve payda\u015flarla ortakla\u015f\u0131lmas\u0131n\u0131 sa\u011flamak i\u00e7in Mersin&#8217;de d\u00fczenleyecekleri \u00e7al\u0131\u015ftay hakk\u0131nda bilgi verdi. A\u00e7\u0131l\u0131\u015f\u0131 yap\u0131lan Sosyal Politikalar Ofisi&#8217;nin CHP&#8217;nin yerel y\u00f6netim anlay\u0131\u015f\u0131n\u0131n merkezini olu\u015fturdu\u011funu s\u00f6yleyen Zeybek, T\u00fcrkiye&#8217;de ayn\u0131 anda 60 bin \u00e7ocu\u011fun, farkl\u0131 g\u00fcnlerde ise 100 bin \u00e7ocu\u011fun CHP&#8217;li belediyelerin a\u00e7t\u0131\u011f\u0131 kre\u015flerden yararland\u0131\u011f\u0131na dikkat \u00e7ekti. \u00d6\u011frencilere verilen desteklerin devam edece\u011fini aktaran Zeybek, &#8220;\u00dclkeyi y\u00f6neten iktidar\u0131n yanl\u0131\u015f politikalar\u0131 ve her t\u00fcrl\u00fc engellemelerine ra\u011fmen, kaynaklar\u0131m\u0131z\u0131 etkin ve verimli kullanaca\u011f\u0131z&#8221; diye konu\u015ftu.<\/p>\n<p>&#8220;\u0130stanbul S\u00f6zle\u015fmesi&#8217;ni yeniden geri getirene kadar m\u00fccadelemizden asla geri ad\u0131m atmayaca\u011f\u0131z&#8221;<\/p>\n<p>Ya\u015fan\u0131lan derin yoksullu\u011fa kar\u015f\u0131n insanlar\u0131n \u00e7al\u0131\u015fma ya\u015fam\u0131na kat\u0131labilmeleri ile ilgili her t\u00fcrl\u00fc deste\u011fi vermeyi de s\u00fcrd\u00fcreceklerini belirten Zeybek, &#8220;Bu derin yoksulluk, i\u00e7inden ge\u00e7ti\u011fimiz bu ekonomik k\u0131ska\u00e7 i\u00e7inde ailesindeki en b\u00fcy\u00fck \u0131st\u0131rab\u0131 \u00e7eken, \u015fiddet g\u00f6ren, her t\u00fcrl\u00fc tacize u\u011frayan kad\u0131nlarla dayan\u0131\u015fmam\u0131z\u0131 g\u00fc\u00e7lendirece\u011fiz ve \u0130stanbul S\u00f6zle\u015fmesi&#8217;ni yeniden geri getirene kadar m\u00fccadelemizden asla geri ad\u0131m atmayaca\u011f\u0131z&#8221; dedi. Zeybek konu\u015fmas\u0131n\u0131, &#8220;Mersin B\u00fcy\u00fck\u015fehir Belediyemizin ba\u015fard\u0131klar\u0131n\u0131n t\u00fcm CHP&#8217;li belediyelere \u00f6rnek olmas\u0131 a\u00e7\u0131s\u0131ndan da bir d\u00fc\u015f\u00fcnce payla\u015f\u0131m\u0131 ve hizmetlerin birbirine aktar\u0131lmas\u0131 ile ilgili s\u00fcreci birlikte y\u00f6netece\u011fiz&#8221; diyerek sonland\u0131rd\u0131. <\/p>\n<p>Kaya: &#8220;Devletin yapmas\u0131 gerekenleri Vahap Ba\u015fkan\u0131m Mersin&#8217;de yapm\u0131\u015f&#8221;<\/p>\n<p>Konu\u015fmas\u0131na kendisinin de \u00c7ukurova insan\u0131 oldu\u011funu belirterek ve Ba\u015fkan Se\u00e7er&#8217;e yapt\u0131\u011f\u0131 hizmetler ile Mersin&#8217;in \u00e7ehresini de\u011fi\u015ftirmesinden dolay\u0131 te\u015fekk\u00fcr ederek ba\u015flayan CHP Kad\u0131n Kollar\u0131 Genel Ba\u015fkan\u0131 ve Osmaniye Milletvekili Asu Kaya ise &#8220;Vahap Ba\u015fkan\u0131m g\u00f6reve geldi\u011finden bu yana kad\u0131nlar ve \u00e7ocuklar i\u00e7in \u00e7ok g\u00fczel hizmetler yapm\u0131\u015f. T\u00fcm dezavantajl\u0131 ve k\u0131r\u0131lgan kesimler i\u00e7in ne yap\u0131lmas\u0131 gerekiyorsa, belediyenin imk\u00e2nlar\u0131 nelere yetiyorsa; asl\u0131nda devletin yapmas\u0131 gereken, devletin y\u00fck\u00fcml\u00fcl\u00fc\u011f\u00fcnde olan, sosyal devlet ilkesi minvalinde \u00e7al\u0131\u015ft\u0131\u011f\u0131n\u0131 ifade eden o devletin yerine, Vahap Se\u00e7er Ba\u015fkan\u0131m\u0131z Mersin&#8217;de t\u00fcm bunlar\u0131 yapm\u0131\u015f&#8221; dedi.<\/p>\n<p>Foggo: &#8220;Yoksulluk politik bir sorundur&#8221;<\/p>\n<p>D\u00fcnya Yoksullukla M\u00fccadele G\u00fcn\u00fc olmas\u0131 nedeniyle Ofis&#8217;in a\u00e7\u0131l\u0131\u015f\u0131n\u0131n daha da anlam kazand\u0131\u011f\u0131n\u0131 kaydederek konu\u015fmas\u0131na ba\u015flayan Sosyal Politikalar Ofisi Genel Koordinat\u00f6r\u00fc Hacer Foggo, &#8220;Yoksulluk politik bir sorundur&#8221; dedi. T\u00fcrkiye \u0130statistik Kurumu&#8217;nun (T\u00dc\u0130K) 2023 yoksulluk verilerini payla\u015fan Foggo, sosyal d\u0131\u015flanma riski alt\u0131nda bulunan insanlar\u0131n oran\u0131n\u0131n y\u00fczde 31 oldu\u011funa dikkat \u00e7ekti. Birle\u015fmi\u015f Milletler&#8217;in D\u00fcnya Yoksullukla M\u00fccadele G\u00fcn\u00fc 2024 temas\u0131n\u0131n &#8216;Yoksullara y\u00f6nelik kurumsal k\u00f6t\u00fc muamele&#8217; oldu\u011funa de\u011finen Foggo, &#8220;20 y\u0131l\u0131 a\u015fk\u0131nd\u0131r yoksullukla m\u00fccadele eden biri olarak yoksulluklar\u0131 nedeniyle sosyal d\u0131\u015flanma ya\u015fayanlar\u0131n bir\u00e7ok kamu kurumunda k\u00f6t\u00fc muameleye maruz kald\u0131klar\u0131na tan\u0131k oldum. Mersin B\u00fcy\u00fck\u015fehir Belediyesi&#8217;nin hemen hemen t\u00fcm sosyal politika projelerini yak\u0131ndan izleyen biri olarak yoksullardan, kad\u0131nlardan, \u00e7ocuklardan yana i\u00e7im \u00e7ok rahat&#8221; diyerek, bu anlay\u0131\u015fa uygun bir a\u00e7\u0131l\u0131\u015f ger\u00e7ekle\u015ftirdiklerini belirtti. Foggo, Sosyal Politikalar Ofisi&#8217;nin B\u00fcy\u00fck\u015fehir ekibinin sistematik e\u015fitsizli\u011fe kar\u015f\u0131; do\u011fumdan \u00f6l\u00fcme kadar her bireyi e\u015fit yurtta\u015f olarak g\u00f6rd\u00fc\u011f\u00fc projelere \u00e7at\u0131 kurulu\u015f olaca\u011f\u0131n\u0131 kaydetti.<\/p>\n<p>Programda ayr\u0131ca, Sosyal Politikalar Ofisi Program Y\u00fcr\u00fct\u00fcc\u00fcs\u00fc Melek Bahat da ofisin i\u015fleyi\u015fi hakk\u0131nda bir sunum ger\u00e7ekle\u015ftirdi. Programda, T\u0131rm\u0131l MERCEK Mesleki E\u011fitim ve Kurs Merkezleri&#8217;nde kaynak e\u011fitimi alan Sevgi \u00d6z, \u00c7ilek Kurs Merkezi Okuma Yazma E\u011fitimi&#8217;nden mezun olan Yeter Demir ve Tarsus Sar\u0131veli Mahallesi&#8217;nden Hadi Gel K\u00f6y\u00fcm\u00fcze Destek Verelim Projesi&#8217;nden faydalanan \u00fcretici Nazire \u015eim\u015fek de konu\u015fma yapt\u0131. Konu\u015fmalar\u0131n ard\u0131ndan Ba\u015fkan Se\u00e7er ve protokol \u00fcyeleri taraf\u0131ndan kurdele kesimi yap\u0131ld\u0131 ve Sosyal Politikalar Ofisi a\u00e7\u0131ld\u0131.<\/p>\n<p>Sosyal Politikalar Ofisi hakk\u0131nda&#8230;<\/p>\n<p>Sosyal Politikalar Ofisi; Mersin B\u00fcy\u00fck\u015fehir Belediyesi&#8217;nin Stratejik Plan\u0131&#8217;n\u0131n sosyal politikalar konusunda \u00e7al\u0131\u015fmalar\u0131na katk\u0131da bulunacak ve destekleyecek. Ofis; saha \u00e7al\u0131\u015fmalar\u0131 yapmak, e\u011fitimler vermek, politika \u00f6nerileri sunmak ve iyi \u00f6rnek modellerini yayg\u0131nla\u015ft\u0131rmak amac\u0131yla kuruldu. Ofis, Mersin&#8217;de sosyal de\u011fi\u015fimi sa\u011flayan \u00f6rnek projelerin farkl\u0131 il ve il\u00e7elerdeki yerel y\u00f6netimlere aktar\u0131lmas\u0131 ve uygulanmas\u0131 konusunda arac\u0131 olacak.  Ayr\u0131ca, yerel y\u00f6netimlerin yoksullu\u011fu \u00f6nlemek i\u00e7in yapt\u0131klar\u0131 projelere y\u00f6nelik ulusal ve uluslararas\u0131 \u00e7al\u0131\u015fmalar\u0131 da g\u00f6zeterek \u00f6nerilerde bulunacak olan ofis, yerel sorunlara, yerel \u00e7\u00f6z\u00fcmler \u00fcretilmesi dolay\u0131s\u0131yla hak temelli uygulamalar\u0131n g\u00f6r\u00fcn\u00fcr olmas\u0131n\u0131 ama\u00e7layacak. Yerel y\u00f6netimlerin yoksullukla m\u00fccadeleyi benimsemi\u015f temel akt\u00f6rlerden biri oldu\u011fu ger\u00e7e\u011fi ile kamu kurumlar\u0131 ile i\u015f birli\u011fi yaparak yoksullukla m\u00fccadele etmeyi g\u00f6zetecek olan ofis; ulusal ve uluslararas\u0131 yerel y\u00f6netimler, sivil toplum kurulu\u015flar\u0131 ile i\u015f birli\u011fi yaparak ulusal ve k\u00fcresel yoksullu\u011fun \u00f6nlenmesi i\u00e7in koordinasyon d\u00e2hilinde \u00e7al\u0131\u015facak.<\/p>\n","protected":false},"excerpt":{"rendered":"<p>Sosyal politikalar alan\u0131nda ger\u00e7ekle\u015ftirdi\u011fi hizmetlerle T\u00fcrkiye&#8217;ye \u00f6rnek olan Mersin B\u00fcy\u00fck\u015fehir Belediyesi&#8217;nin, yeni projeler olu\u015fturmak amac\u0131yla &#8216;Herkesin Kimsesi&#8217; slogan\u0131yla hayata ge\u00e7irdi\u011fi &#8216;Mersin Sosyal Politikalar Ofisi&#8217; , &#8217;17 Ekim D\u00fcnya Yoksullukla M\u00fccadele &hellip; <a href=\"https:\/\/akdenizolaygazetesi.com\/?p=32516\" class=\"more-link\">Devam\u0131n\u0131 Oku&#8230;<\/a><\/p>\n","protected":false},"author":2,"featured_media":32517,"comment_status":"open","ping_status":"open","sticky":false,"template":"","format":"standard","meta":[],"categories":[1,2,3],"tags":[],"_links":{"self":[{"href":"https:\/\/akdenizolaygazetesi.com\/index.php?rest_route=\/wp\/v2\/posts\/32516"}],"collection":[{"href":"https:\/\/akdenizolaygazetesi.com\/index.php?rest_route=\/wp\/v2\/posts"}],"about":[{"href":"https:\/\/akdenizolaygazetesi.com\/index.php?rest_route=\/wp\/v2\/types\/post"}],"author":[{"embeddable":true,"href":"https:\/\/akdenizolaygazetesi.com\/index.php?rest_route=\/wp\/v2\/users\/2"}],"replies":[{"embeddable":true,"href":"https:\/\/akdenizolaygazetesi.com\/index.php?rest_route=%2Fwp%2Fv2%2Fcomments&post=32516"}],"version-history":[{"count":1,"href":"https:\/\/akdenizolaygazetesi.com\/index.php?rest_route=\/wp\/v2\/posts\/32516\/revisions"}],"predecessor-version":[{"id":32518,"href":"https:\/\/akdenizolaygazetesi.com\/index.php?rest_route=\/wp\/v2\/posts\/32516\/revisions\/32518"}],"wp:featuredmedia":[{"embeddable":true,"href":"https:\/\/akdenizolaygazetesi.com\/index.php?rest_route=\/wp\/v2\/media\/32517"}],"wp:attachment":[{"href":"https:\/\/akdenizolaygazetesi.com\/index.php?rest_route=%2Fwp%2Fv2%2Fmedia&parent=32516"}],"wp:term":[{"taxonomy":"category","embeddable":true,"href":"https:\/\/akdenizolaygazetesi.com\/index.php?rest_route=%2Fwp%2Fv2%2Fcategories&post=32516"},{"taxonomy":"post_tag","embeddable":true,"href":"https:\/\/akdenizolaygazetesi.com\/index.php?rest_route=%2Fwp%2Fv2%2Ftags&post=32516"}],"curies":[{"name":"wp","href":"https:\/\/api.w.org\/{rel}","templated":true}]}}