{"id":3265,"date":"2020-11-04T18:23:44","date_gmt":"2020-11-04T15:23:44","guid":{"rendered":"http:\/\/mersinekonomipolitikagazetesi.com\/?p=3265"},"modified":"2020-11-04T18:23:44","modified_gmt":"2020-11-04T15:23:44","slug":"otomobil-gole-donen-yolda-mahsur-kaldi","status":"publish","type":"post","link":"https:\/\/akdenizolaygazetesi.com\/?p=3265","title":{"rendered":"Otomobil g\u00f6le d\u00f6nen yolda mahsur kald\u0131"},"content":{"rendered":"<p>Tuzla-Tarsus aras\u0131ndaki karayolundan ge\u00e7meye \u00e7al\u0131\u015f\u0131rken sulara g\u00f6m\u00fclen otomobilin s\u00fcr\u00fcc\u00fcs\u00fc kendi imkanlar\u0131yla ara\u00e7tan \u00e7\u0131k\u0131p olay yerinden ayr\u0131ld\u0131.<\/p>\n<p>Adana&#8217;da Seyhan Baraj G\u00f6l\u00fc kapaklar\u0131n\u0131n a\u00e7\u0131lmas\u0131 nedeniyle Seyhan Nehri&#8217;nin ta\u015fmas\u0131 sonucu Mersin\u2019in Tarsus il\u00e7esindeki tar\u0131m alanlar\u0131n\u0131n yan\u0131 s\u0131ra Adana Tuzla ile Tarsus aras\u0131ndaki karayolu da sular alt\u0131nda kald\u0131.\u00a0<br \/>\nGe\u00e7en hafta a\u015f\u0131r\u0131 ya\u011f\u0131\u015flar nedeniyle Seyhan Baraj G\u00f6l\u00fc&#8217;nden nehre b\u0131rak\u0131lan su miktar\u0131 art\u0131r\u0131l\u0131rken, Seyhan Nehri&#8217;nin ta\u015fmas\u0131 sonucu nehir yak\u0131nlar\u0131nda bulunan Tarsus&#8217;un Kefeli, \u00c7\u00f6pl\u00fc, \u00c7atalca, A\u011fz\u0131delik ve Baharl\u0131 mahallelerindeki ekili alan zarar g\u00f6rd\u00fc, ula\u015f\u0131m\u0131n sa\u011fland\u0131\u011f\u0131 karayolu kapand\u0131. Tuzla Tarsus il\u00e7e yolunun Tuzla k\u00f6pr\u00fcs\u00fc mevkisinde yolun yakla\u015f\u0131k 100-150 metrelik k\u0131sm\u0131 sular alt\u0131nda kalmas\u0131 nedeniyle al\u0131nan emniyet tedbirleri kapsam\u0131nda karayolu trafi\u011fe kapat\u0131l\u0131rken, s\u00fcr\u00fcc\u00fcs\u00fc \u00f6\u011frenilemeyen bir otomobil yolun ortas\u0131nda suyun i\u00e7inde kald\u0131.<br \/>\n\u00a0<br \/>\nS\u00fcr\u00fcc\u00fcs\u00fcn\u00fcn kendi imkanlar\u0131yla \u00e7\u0131kt\u0131\u011f\u0131 otomobilin, sudan \u00e7\u0131kar\u0131lmas\u0131 bekleniyor.<\/p>\n","protected":false},"excerpt":{"rendered":"<p>Tuzla-Tarsus aras\u0131ndaki karayolundan ge\u00e7meye \u00e7al\u0131\u015f\u0131rken sulara g\u00f6m\u00fclen otomobilin s\u00fcr\u00fcc\u00fcs\u00fc kendi imkanlar\u0131yla ara\u00e7tan \u00e7\u0131k\u0131p olay yerinden ayr\u0131ld\u0131. Adana&#8217;da Seyhan Baraj G\u00f6l\u00fc kapaklar\u0131n\u0131n a\u00e7\u0131lmas\u0131 nedeniyle Seyhan Nehri&#8217;nin ta\u015fmas\u0131 sonucu Mersin\u2019in Tarsus il\u00e7esindeki &hellip; <a href=\"https:\/\/akdenizolaygazetesi.com\/?p=3265\" class=\"more-link\">Devam\u0131n\u0131 Oku&#8230;<\/a><\/p>\n","protected":false},"author":1,"featured_media":0,"comment_status":"open","ping_status":"open","sticky":false,"template":"","format":"standard","meta":[],"categories":[],"tags":[],"_links":{"self":[{"href":"https:\/\/akdenizolaygazetesi.com\/index.php?rest_route=\/wp\/v2\/posts\/3265"}],"collection":[{"href":"https:\/\/akdenizolaygazetesi.com\/index.php?rest_route=\/wp\/v2\/posts"}],"about":[{"href":"https:\/\/akdenizolaygazetesi.com\/index.php?rest_route=\/wp\/v2\/types\/post"}],"author":[{"embeddable":true,"href":"https:\/\/akdenizolaygazetesi.com\/index.php?rest_route=\/wp\/v2\/users\/1"}],"replies":[{"embeddable":true,"href":"https:\/\/akdenizolaygazetesi.com\/index.php?rest_route=%2Fwp%2Fv2%2Fcomments&post=3265"}],"version-history":[{"count":0,"href":"https:\/\/akdenizolaygazetesi.com\/index.php?rest_route=\/wp\/v2\/posts\/3265\/revisions"}],"wp:attachment":[{"href":"https:\/\/akdenizolaygazetesi.com\/index.php?rest_route=%2Fwp%2Fv2%2Fmedia&parent=3265"}],"wp:term":[{"taxonomy":"category","embeddable":true,"href":"https:\/\/akdenizolaygazetesi.com\/index.php?rest_route=%2Fwp%2Fv2%2Fcategories&post=3265"},{"taxonomy":"post_tag","embeddable":true,"href":"https:\/\/akdenizolaygazetesi.com\/index.php?rest_route=%2Fwp%2Fv2%2Ftags&post=3265"}],"curies":[{"name":"wp","href":"https:\/\/api.w.org\/{rel}","templated":true}]}}