{"id":32818,"date":"2024-11-11T16:00:27","date_gmt":"2024-11-11T13:00:27","guid":{"rendered":"http:\/\/akdenizolaygazetesi.com\/?p=32818"},"modified":"2024-11-11T16:00:27","modified_gmt":"2024-11-11T13:00:27","slug":"baskan-tuncerden-belediye-personeline-rekor-promosyon-mujdesi","status":"publish","type":"post","link":"https:\/\/akdenizolaygazetesi.com\/?p=32818","title":{"rendered":"BA\u015eKAN TUNCER\u2019DEN BELED\u0130YE PERSONEL\u0130NE REKOR PROMOSYON M\u00dcJDES\u0130"},"content":{"rendered":"<p>BA\u015eKAN TUNCER&#8217;DEN BELED\u0130YE PERSONEL\u0130NE REKOR PROMOSYON M\u00dcJDES\u0130<\/p>\n<p>Mezitli Belediye Ba\u015fkan\u0131 Ahmet Serkan Tuncer, belediye \u00e7al\u0131\u015fanlar\u0131na y\u00f6nelik \u00f6nemli bir ad\u0131m atarak promosyon m\u00fcjdesi verdi. Ba\u015fkan Tuncer i\u015f\u00e7iye ve emek\u00e7iye destek olmak i\u00e7in b\u00fcy\u00fck u\u011fra\u015f ve \u00e7abalar\u0131yla pazarl\u0131k sonucu promosyonu 40 B\u0130N TL&#8217;yey\u00fckseltti. Bu vesileyle Mersin geneli en y\u00fcksek promosyon Mezitli Belediye Personellerine verilecek.<\/p>\n<p>&#8220;EMEK\u00c7\u0130LER\u0130M\u0130Z\u0130N YANINDA OLMAYA DEVAM EDECE\u011e\u0130Z&#8221;<\/p>\n<p>3 y\u0131ll\u0131k s\u00fcre ile imzalanan promosyon anla\u015fmas\u0131 ile ilgili a\u00e7\u0131klama yapan Ba\u015fkan Tuncer, emek\u00e7ilerin belediyenin bel kemi\u011fi oldu\u011funu vurgulad\u0131. &#8220;Bizim i\u00e7in \u00e7al\u0131\u015fanlar\u0131m\u0131z ve emek\u00e7ilerimiz b\u00fcy\u00fck bir \u00f6neme sahip. Bu nedenle, onlar\u0131 yaln\u0131z b\u0131rakmamak ve her t\u00fcrl\u00fc destekle yanlar\u0131nda olmak en b\u00fcy\u00fck sorumlulu\u011fumuz. Belediyemizin bu s\u00fcre\u00e7te emek\u00e7ilerimizin haklar\u0131n\u0131 savunmaya devam edece\u011finin garantisini veriyorum. \u0130\u015f Bankas\u0131 ile yapt\u0131\u011f\u0131m\u0131z anla\u015fma sonucu i\u015f\u00e7ilerimize 40 Bin TL promosyon verece\u011fiz. Hay\u0131rl\u0131 olsun,&#8221; dedi. Ba\u015fkan Tuncer, verilen bu deste\u011fin sadece ba\u015flang\u0131\u00e7 oldu\u011funu ve ilerleyen s\u00fcre\u00e7te emek\u00e7iler i\u00e7in daha fazla iyile\u015ftirici ad\u0131mlar at\u0131laca\u011f\u0131n\u0131 ifade etti.<\/p>\n<p>&#8220;EMEK DOSTU B\u0130R BELED\u0130YE OLARAK GURURLUYUZ&#8221;<\/p>\n<p>Ba\u015fkan Tuncer, belediye olarak emek\u00e7ilerin ya\u015fam standartlar\u0131n\u0131 y\u00fckseltmek ve daha iyi \u00e7al\u0131\u015fma ko\u015fullar\u0131 sa\u011flamak i\u00e7in \u0131srarc\u0131 olduklar\u0131n\u0131 belirtti. &#8220;Emek dostu bir belediye olarak att\u0131\u011f\u0131m\u0131z her ad\u0131mda, \u00e7al\u0131\u015fanlar\u0131m\u0131z\u0131n ve emek\u00e7ilerimizin refah\u0131n\u0131 d\u00fc\u015f\u00fcnerek hareket ediyoruz. Onlar\u0131n daha adil, insanca ko\u015fullarda \u00e7al\u0131\u015fmas\u0131n\u0131 sa\u011flamak bizim en temel g\u00f6revlerimizden biri,&#8221; dedi.<\/p>\n<p>Yap\u0131lan promosyon anla\u015fmas\u0131, belediyede \u00e7al\u0131\u015fan i\u015f\u00e7iler i\u00e7in ekonomik olarak bir nefes alma imk\u00e2n\u0131 sunarken, Ba\u015fkan Tuncer&#8217;in emek\u00e7ilerin yan\u0131nda olma konusunda ne kadar kararl\u0131 oldu\u011funun bir g\u00f6stergesi oldu. <\/p>\n","protected":false},"excerpt":{"rendered":"<p>BA\u015eKAN TUNCER&#8217;DEN BELED\u0130YE PERSONEL\u0130NE REKOR PROMOSYON M\u00dcJDES\u0130 Mezitli Belediye Ba\u015fkan\u0131 Ahmet Serkan Tuncer, belediye \u00e7al\u0131\u015fanlar\u0131na y\u00f6nelik \u00f6nemli bir ad\u0131m atarak promosyon m\u00fcjdesi verdi. Ba\u015fkan Tuncer i\u015f\u00e7iye ve emek\u00e7iye destek olmak &hellip; <a href=\"https:\/\/akdenizolaygazetesi.com\/?p=32818\" class=\"more-link\">Devam\u0131n\u0131 Oku&#8230;<\/a><\/p>\n","protected":false},"author":2,"featured_media":32819,"comment_status":"open","ping_status":"open","sticky":false,"template":"","format":"standard","meta":[],"categories":[1,2,3],"tags":[],"_links":{"self":[{"href":"https:\/\/akdenizolaygazetesi.com\/index.php?rest_route=\/wp\/v2\/posts\/32818"}],"collection":[{"href":"https:\/\/akdenizolaygazetesi.com\/index.php?rest_route=\/wp\/v2\/posts"}],"about":[{"href":"https:\/\/akdenizolaygazetesi.com\/index.php?rest_route=\/wp\/v2\/types\/post"}],"author":[{"embeddable":true,"href":"https:\/\/akdenizolaygazetesi.com\/index.php?rest_route=\/wp\/v2\/users\/2"}],"replies":[{"embeddable":true,"href":"https:\/\/akdenizolaygazetesi.com\/index.php?rest_route=%2Fwp%2Fv2%2Fcomments&post=32818"}],"version-history":[{"count":1,"href":"https:\/\/akdenizolaygazetesi.com\/index.php?rest_route=\/wp\/v2\/posts\/32818\/revisions"}],"predecessor-version":[{"id":32820,"href":"https:\/\/akdenizolaygazetesi.com\/index.php?rest_route=\/wp\/v2\/posts\/32818\/revisions\/32820"}],"wp:featuredmedia":[{"embeddable":true,"href":"https:\/\/akdenizolaygazetesi.com\/index.php?rest_route=\/wp\/v2\/media\/32819"}],"wp:attachment":[{"href":"https:\/\/akdenizolaygazetesi.com\/index.php?rest_route=%2Fwp%2Fv2%2Fmedia&parent=32818"}],"wp:term":[{"taxonomy":"category","embeddable":true,"href":"https:\/\/akdenizolaygazetesi.com\/index.php?rest_route=%2Fwp%2Fv2%2Fcategories&post=32818"},{"taxonomy":"post_tag","embeddable":true,"href":"https:\/\/akdenizolaygazetesi.com\/index.php?rest_route=%2Fwp%2Fv2%2Ftags&post=32818"}],"curies":[{"name":"wp","href":"https:\/\/api.w.org\/{rel}","templated":true}]}}