{"id":32823,"date":"2024-11-12T15:59:32","date_gmt":"2024-11-12T12:59:32","guid":{"rendered":"http:\/\/akdenizolaygazetesi.com\/?p=32823"},"modified":"2024-11-12T15:59:32","modified_gmt":"2024-11-12T12:59:32","slug":"akdenizde-minik-yildizlar-icin-sinema-molasi","status":"publish","type":"post","link":"https:\/\/akdenizolaygazetesi.com\/?p=32823","title":{"rendered":"AKDEN\u0130ZDE M\u0130N\u0130K YILDIZLAR \u0130\u00c7\u0130N S\u0130NEMA MOLASI"},"content":{"rendered":"<p>Akdeniz Belediyesi, okullar\u0131n ara tatile girmesiyle birlikte Akdenizli \u00e7ocuklar i\u00e7in a\u00e7\u0131k havada \u00e7izgi film g\u00f6sterimlerinden olu\u015fan bir etkinlik dizisi ba\u015flatt\u0131.<\/p>\n<p>K\u00fclt\u00fcr ve Sosyal \u0130\u015fler M\u00fcd\u00fcrl\u00fc\u011f\u00fc\u2019n\u00fcn organizesinde, ilki G\u00fcne\u015f Mahallesi\u2019nde ger\u00e7ekle\u015ftirilen \u201cPeter Pan \u2013 Sihirli D\u00fcnya\u201d adl\u0131 \u00e7izgi filmi, mahalleli y\u00fczlerce \u00e7ocuk sevin\u00e7 ve heyecan i\u00e7erisinde izledi. Film s\u0131ras\u0131nda alan\u0131 dolduran y\u00fczlerce \u00e7ocu\u011fa patlam\u0131\u015f m\u0131s\u0131r ve meyve suyu da ikram edildi. Film g\u00f6sterimi s\u0131ras\u0131nda \u00e7ocuklar\u0131n\u0131 yaln\u0131z b\u0131rakmayan ebeveynler de etkinlik i\u00e7in Akdeniz Belediyesi\u2019ne te\u015fekk\u00fcr etti.<\/p>\n<p>Bug\u00fcn de Karaduvar\u2019da g\u00f6sterim olacak<\/p>\n<p>\u00c7izgi film sinema g\u00f6sterimi, ikinci g\u00fcnde \u00c7ilek Mahallesi\u2019nde d\u00fczenlenirken, etkinlik dizisi bug\u00fcn de (11 Kas\u0131m 2024) ak\u015fam saat 19:00\u2019da Karaduvar Mahallesi K\u00fclt\u00fcr ve Sanat Evi yan\u0131nda yer alan hal\u0131 sahada, a\u00e7\u0131k havada k\u00fc\u00e7\u00fck \u00e7ocuklar i\u00e7in organize edilecek. <\/p>\n<p>Film g\u00f6sterim program\u0131<\/p>\n<p>\u00d6te yandan; Akdeniz Belediyesi\u2019nin, okullar\u0131n ara tatile girmesiyle birlikte k\u00fc\u00e7\u00fck \u00f6\u011frenciler i\u00e7in ba\u015flatt\u0131\u011f\u0131 ve toplam 9 mahalleyi kapsayan minik y\u0131ld\u0131zlar i\u00e7in sinema molas\u0131 etkinlik dizisi \u015f\u00f6yle:<\/p>\n<p>12 Kas\u0131m 2024 Sal\u0131: Turgut Reis Mahallesi K\u00fclt\u00fcr ve Sanat Evi \u00f6n\u00fc<br \/>\n13 Kas\u0131m 2024 \u00c7ar\u015famba: \u00c7ay Mahallesi K\u00fclt\u00fcr ve Sanat Evi bah\u00e7esi<br \/>\n14 Kas\u0131m 2024 Per\u015fembe: Yeni Mahalle Zafer Park\u0131 yan\u0131 futbol sahas\u0131<br \/>\n15 Kas\u0131m 2024 Cuma: Kazanl\u0131 Mahallesi futbol sahas\u0131<br \/>\n16 Kas\u0131m 2024 Cumartesi: Adanal\u0131o\u011flu Mahallesi K\u00fclt\u00fcr ve Sanat Evi arkas\u0131 \/ Adanal\u0131o\u011flu Park\u0131<br \/>\n17 Kas\u0131m 2024 Pazar: Huzurkent Mahalle Meydan\u0131<\/p>\n","protected":false},"excerpt":{"rendered":"<p>Akdeniz Belediyesi, okullar\u0131n ara tatile girmesiyle birlikte Akdenizli \u00e7ocuklar i\u00e7in a\u00e7\u0131k havada \u00e7izgi film g\u00f6sterimlerinden olu\u015fan bir etkinlik dizisi ba\u015flatt\u0131. K\u00fclt\u00fcr ve Sosyal \u0130\u015fler M\u00fcd\u00fcrl\u00fc\u011f\u00fc\u2019n\u00fcn organizesinde, ilki G\u00fcne\u015f Mahallesi\u2019nde ger\u00e7ekle\u015ftirilen &hellip; <a href=\"https:\/\/akdenizolaygazetesi.com\/?p=32823\" class=\"more-link\">Devam\u0131n\u0131 Oku&#8230;<\/a><\/p>\n","protected":false},"author":2,"featured_media":32824,"comment_status":"open","ping_status":"open","sticky":false,"template":"","format":"standard","meta":[],"categories":[1,2,3],"tags":[],"_links":{"self":[{"href":"https:\/\/akdenizolaygazetesi.com\/index.php?rest_route=\/wp\/v2\/posts\/32823"}],"collection":[{"href":"https:\/\/akdenizolaygazetesi.com\/index.php?rest_route=\/wp\/v2\/posts"}],"about":[{"href":"https:\/\/akdenizolaygazetesi.com\/index.php?rest_route=\/wp\/v2\/types\/post"}],"author":[{"embeddable":true,"href":"https:\/\/akdenizolaygazetesi.com\/index.php?rest_route=\/wp\/v2\/users\/2"}],"replies":[{"embeddable":true,"href":"https:\/\/akdenizolaygazetesi.com\/index.php?rest_route=%2Fwp%2Fv2%2Fcomments&post=32823"}],"version-history":[{"count":1,"href":"https:\/\/akdenizolaygazetesi.com\/index.php?rest_route=\/wp\/v2\/posts\/32823\/revisions"}],"predecessor-version":[{"id":32825,"href":"https:\/\/akdenizolaygazetesi.com\/index.php?rest_route=\/wp\/v2\/posts\/32823\/revisions\/32825"}],"wp:featuredmedia":[{"embeddable":true,"href":"https:\/\/akdenizolaygazetesi.com\/index.php?rest_route=\/wp\/v2\/media\/32824"}],"wp:attachment":[{"href":"https:\/\/akdenizolaygazetesi.com\/index.php?rest_route=%2Fwp%2Fv2%2Fmedia&parent=32823"}],"wp:term":[{"taxonomy":"category","embeddable":true,"href":"https:\/\/akdenizolaygazetesi.com\/index.php?rest_route=%2Fwp%2Fv2%2Fcategories&post=32823"},{"taxonomy":"post_tag","embeddable":true,"href":"https:\/\/akdenizolaygazetesi.com\/index.php?rest_route=%2Fwp%2Fv2%2Ftags&post=32823"}],"curies":[{"name":"wp","href":"https:\/\/api.w.org\/{rel}","templated":true}]}}