{"id":32826,"date":"2024-11-12T16:00:44","date_gmt":"2024-11-12T13:00:44","guid":{"rendered":"http:\/\/akdenizolaygazetesi.com\/?p=32826"},"modified":"2024-11-12T16:00:44","modified_gmt":"2024-11-12T13:00:44","slug":"meski-kasim-ayi-olagan-genel-kurulunun-1-birlesimi-yapildi","status":"publish","type":"post","link":"https:\/\/akdenizolaygazetesi.com\/?p=32826","title":{"rendered":"MESK\u0130 KASIM AYI OLA\u011eAN GENEL KURULU\u2019NUN 1. B\u0130RLE\u015e\u0130M\u0130 YAPILDI"},"content":{"rendered":"<p>MESK\u0130 Genel M\u00fcd\u00fcrl\u00fc\u011f\u00fc&#8217;n\u00fcn Kas\u0131m Ay\u0131 Ola\u011fan Genel Kurul Toplant\u0131s\u0131&#8217;n\u0131n 1. Birle\u015fimi ger\u00e7ekle\u015ftirildi. Toplant\u0131da toplam 8 madde g\u00f6r\u00fc\u015f\u00fclerek, ilgili komisyonlara sevk edildi.<\/p>\n<p>Mersin B\u00fcy\u00fck\u015fehir Belediyesi Mersin Su ve Kanalizasyon \u0130daresi(MESK\u0130) Genel M\u00fcd\u00fcrl\u00fc\u011f\u00fc&#8217;n\u00fcn 2023 Y\u0131l\u0131 Kas\u0131m Ay\u0131 Ola\u011fan Genel Kurul Toplant\u0131s\u0131&#8217;n\u0131n 1. Birle\u015fimi ger\u00e7ekle\u015ftirildi. Mersin B\u00fcy\u00fck\u015fehir Belediye Kas\u0131m Ay\u0131 Ola\u011fan Meclis Toplant\u0131s\u0131&#8217;n\u0131n ard\u0131ndan ba\u015flayan toplant\u0131da toplam 8 madde g\u00f6r\u00fc\u015f\u00fcld\u00fc.<\/p>\n<p>MESK\u0130 Genel M\u00fcd\u00fcrl\u00fc\u011f\u00fc Ge\u00e7ici \u0130\u015f\u00e7i Vize Cetveli, MESK\u0130 Genel M\u00fcd\u00fcrl\u00fc\u011f\u00fc&#8217;nde 657 say\u0131l\u0131 Kanun kapsam\u0131nda &#8220;Koruma ve G\u00fcvenlik G\u00f6revlisi&#8221; kadrosunda g\u00f6rev yapan memurlara Mersin n\u00fcfusuna g\u00f6re ayl\u0131k fazla \u00e7al\u0131\u015fma \u00fccretinin \u00fcst miktar tutar\u0131n\u0131n 01.01.2025 tarihinden ge\u00e7erli olmak \u00fczere \u00f6denebilmesi, Kadro Derece ve Kadro \u0130ptal \u0130hdas De\u011fi\u015fikli\u011fi Cetvelleri, Tarifeler ve Abone Hizmetleri Y\u00f6netmeli\u011finde De\u011fi\u015fiklik Yap\u0131lmas\u0131na Dair Y\u00f6netmelik Tasla\u011f\u0131, 2025-2029 D\u00f6nemi Stratejik Plan Tasla\u011f\u0131, 2025 Mali Y\u0131l\u0131 \u00dccret Tarifesi, 2025 Mali Y\u0131l\u0131 Performans Program\u0131 ile 2025-2026-2027 d\u00f6nemini kapsayan B\u00fct\u00e7e Tasar\u0131s\u0131 maddeleri ilgili komisyonlara sevk edildi.<\/p>\n","protected":false},"excerpt":{"rendered":"<p>MESK\u0130 Genel M\u00fcd\u00fcrl\u00fc\u011f\u00fc&#8217;n\u00fcn Kas\u0131m Ay\u0131 Ola\u011fan Genel Kurul Toplant\u0131s\u0131&#8217;n\u0131n 1. Birle\u015fimi ger\u00e7ekle\u015ftirildi. Toplant\u0131da toplam 8 madde g\u00f6r\u00fc\u015f\u00fclerek, ilgili komisyonlara sevk edildi. Mersin B\u00fcy\u00fck\u015fehir Belediyesi Mersin Su ve Kanalizasyon \u0130daresi(MESK\u0130) Genel &hellip; <a href=\"https:\/\/akdenizolaygazetesi.com\/?p=32826\" class=\"more-link\">Devam\u0131n\u0131 Oku&#8230;<\/a><\/p>\n","protected":false},"author":2,"featured_media":32827,"comment_status":"open","ping_status":"open","sticky":false,"template":"","format":"standard","meta":[],"categories":[1,2,3],"tags":[],"_links":{"self":[{"href":"https:\/\/akdenizolaygazetesi.com\/index.php?rest_route=\/wp\/v2\/posts\/32826"}],"collection":[{"href":"https:\/\/akdenizolaygazetesi.com\/index.php?rest_route=\/wp\/v2\/posts"}],"about":[{"href":"https:\/\/akdenizolaygazetesi.com\/index.php?rest_route=\/wp\/v2\/types\/post"}],"author":[{"embeddable":true,"href":"https:\/\/akdenizolaygazetesi.com\/index.php?rest_route=\/wp\/v2\/users\/2"}],"replies":[{"embeddable":true,"href":"https:\/\/akdenizolaygazetesi.com\/index.php?rest_route=%2Fwp%2Fv2%2Fcomments&post=32826"}],"version-history":[{"count":1,"href":"https:\/\/akdenizolaygazetesi.com\/index.php?rest_route=\/wp\/v2\/posts\/32826\/revisions"}],"predecessor-version":[{"id":32828,"href":"https:\/\/akdenizolaygazetesi.com\/index.php?rest_route=\/wp\/v2\/posts\/32826\/revisions\/32828"}],"wp:featuredmedia":[{"embeddable":true,"href":"https:\/\/akdenizolaygazetesi.com\/index.php?rest_route=\/wp\/v2\/media\/32827"}],"wp:attachment":[{"href":"https:\/\/akdenizolaygazetesi.com\/index.php?rest_route=%2Fwp%2Fv2%2Fmedia&parent=32826"}],"wp:term":[{"taxonomy":"category","embeddable":true,"href":"https:\/\/akdenizolaygazetesi.com\/index.php?rest_route=%2Fwp%2Fv2%2Fcategories&post=32826"},{"taxonomy":"post_tag","embeddable":true,"href":"https:\/\/akdenizolaygazetesi.com\/index.php?rest_route=%2Fwp%2Fv2%2Ftags&post=32826"}],"curies":[{"name":"wp","href":"https:\/\/api.w.org\/{rel}","templated":true}]}}