{"id":32829,"date":"2024-11-12T16:02:18","date_gmt":"2024-11-12T13:02:18","guid":{"rendered":"http:\/\/akdenizolaygazetesi.com\/?p=32829"},"modified":"2024-11-12T16:02:18","modified_gmt":"2024-11-12T13:02:18","slug":"mersin-buyuksehir-belediye-meclisinin-kasim-ayi-1-birlesimi-gerceklestirildi","status":"publish","type":"post","link":"https:\/\/akdenizolaygazetesi.com\/?p=32829","title":{"rendered":"MERS\u0130N B\u00dcY\u00dcK\u015eEH\u0130R BELED\u0130YE MECL\u0130S\u0130\u2019N\u0130N KASIM AYI 1. B\u0130RLE\u015e\u0130M\u0130 GER\u00c7EKLE\u015eT\u0130R\u0130LD\u0130"},"content":{"rendered":"<p>Mersin B\u00fcy\u00fck\u015fehir Belediye Meclisi&#8217;nin 2024 Y\u0131l\u0131 Kas\u0131m Ay\u0131 Ola\u011fan Toplant\u0131s\u0131&#8217;n\u0131n 1. Birle\u015fimi, Mersin B\u00fcy\u00fck\u015fehir Belediye Ba\u015fkan\u0131 Vahap Se\u00e7er ba\u015fkanl\u0131\u011f\u0131nda ger\u00e7ekle\u015ftirildi.<\/p>\n<p>Esenyurt Belediye Ba\u015fkan\u0131 Prof. Dr. Ahmet \u00d6zer&#8217;in tutuklanmas\u0131 ve belediyeye kayy\u0131m atanmas\u0131na y\u00f6nelik de\u011ferlendirmelerde bulunan Se\u00e7er, bu tutumun hukuktan uzakla\u015farak al\u0131nm\u0131\u015f bir tedbir oldu\u011funu vurgulayarak, &#8220;Hi\u00e7bir iktidar iktidar\u0131n\u0131n devam\u0131 i\u00e7in hukuktan uzakla\u015farak, yarg\u0131y\u0131 devreye sokarak iktidar\u0131n devam\u0131 i\u00e7in baz\u0131 tedbirler alma cihetine gitmez. Bu, her \u015feyden \u00f6nce bizim demokrasimize, millet iradesine vurulmu\u015f ciddi bir darbedir&#8221; dedi.<\/p>\n<p>Se\u00e7er, Mersin&#8217;in kozmopolit yap\u0131s\u0131 gere\u011fi k\u00fc\u00e7\u00fck T\u00fcrkiye oldu\u011funu belirterek, \u00fclkeyi kalk\u0131nd\u0131rabilmek i\u00e7in Mersin&#8217;de oldu\u011fu gibi t\u00fcm T\u00fcrkiye&#8217;de karde\u015fli\u011fin ve bar\u0131\u015f\u0131n sa\u011flanmas\u0131 gerekti\u011fini kaydetti. Se\u00e7er, &#8220;Mersin k\u00fc\u00e7\u00fck T\u00fcrkiye&#8217;dir. Mersin&#8217;in sosyal bar\u0131\u015f\u0131 T\u00fcrkiye&#8217;nin sosyal bar\u0131\u015f\u0131d\u0131r. Onun i\u00e7in farkl\u0131l\u0131klar\u0131m\u0131z\u0131 bir zenginlik olarak g\u00f6relim. Bug\u00fcne kadar nas\u0131l bir arada ya\u015fad\u0131ysak bundan sonra da bir arada ya\u015faman\u0131n \u015fartlar\u0131n\u0131 zorlamak zorunday\u0131z&#8221; ifadelerine yer verdi.<\/p>\n<p>Metro projesiyle ilgili Hazine ve Maliye Bakanl\u0131\u011f\u0131&#8217;ndan hen\u00fcz bir d\u00f6n\u00fc\u015f yap\u0131lmad\u0131\u011f\u0131n\u0131n alt\u0131n\u0131 \u00e7izen<\/p>\n<p>Se\u00e7er, &#8220;Biz metrodan vazge\u00e7medik. Bir\u00e7ok sorunu a\u015ft\u0131k fakat Ankara b\u00fcrokrasisini a\u015famad\u0131k. 530 milyon Euro&#8217;luk proje, 850 milyon Euro&#8217;ya \u00e7\u0131kt\u0131. Hat uzad\u0131\u011f\u0131 ya da proje de\u011fi\u015fti\u011fi i\u00e7in maliyet artmad\u0131, ekonomi \u00e7\u00f6kt\u00fc&#8221; diye konu\u015ftu.<\/p>\n<p>Se\u00e7er, Projenin Cumhurba\u015fkanl\u0131\u011f\u0131 Strateji ve B\u00fct\u00e7e Ba\u015fkanl\u0131\u011f\u0131&#8217;nda onay bekledi\u011fini ve onay\u0131n gelmesi durumundan hafif rayl\u0131 sistemle Mersinlileri h\u0131zl\u0131ca tan\u0131\u015ft\u0131racaklar\u0131n\u0131 belirterek, &#8220;Hafif rayl\u0131 sistemin kredisini bulduk, bir imza bekliyor. Cumhurba\u015fkanl\u0131\u011f\u0131 yat\u0131r\u0131m program\u0131na al\u0131n\u0131rsa, bir kredi marifetiyle \u00e7ok h\u0131zl\u0131 \u015fekilde yapaca\u011f\u0131z. \u0130kinci be\u015f y\u0131ll\u0131k g\u00f6rev s\u00fcrecimizde, Mersinlileri rayl\u0131 sisteme bindirece\u011fiz&#8221; dedi.<\/p>\n<p>Mersin B\u00fcy\u00fck\u015fehir Belediye Meclisi&#8217;nin 2024 Y\u0131l\u0131 Kas\u0131m Ay\u0131 Ola\u011fan Toplant\u0131s\u0131&#8217;n\u0131n 1. Birle\u015fimi, Mersin B\u00fcy\u00fck\u015fehir Belediye Ba\u015fkan\u0131 Vahap Se\u00e7er ba\u015fkanl\u0131\u011f\u0131nda ger\u00e7ekle\u015ftirildi. Kongre ve Sergi Saray\u0131 \u00c7ok Ama\u00e7l\u0131 Salon&#8217;da ger\u00e7ekle\u015ftirilen Meclis Toplant\u0131s\u0131&#8217;nda komisyonlara havale edilen 16, birimlerden gelen 53 ve g\u00fcndem d\u0131\u015f\u0131 2 madde madde olmak \u00fczere toplam 71 madde g\u00f6r\u00fc\u015f\u00fcld\u00fc.<\/p>\n<p>G\u00fcndem d\u0131\u015f\u0131 maddeler b\u00f6l\u00fcm\u00fcnde konu\u015fan Ba\u015fkan Se\u00e7er, s\u00f6zlerine Ulu \u00d6nder Gazi Mustafa Kemal Atat\u00fcrk&#8217;\u00fc anarak ba\u015flad\u0131.<\/p>\n<p>Se\u00e7er: &#8220;Biz vatan\u0131m\u0131z\u0131 \u00e7ok seviyoruz, onun i\u00e7in \u00e7ok \u00e7al\u0131\u015f\u0131yoruz&#8221;<\/p>\n<p>Se\u00e7er, 10 Kas\u0131m Atat\u00fcrk&#8217;\u00fc Anma G\u00fcn\u00fc ve Atat\u00fcrk Haftas\u0131 dolay\u0131s\u0131yla Cumhuriyetin kurucusu, Ulu \u00d6nder Gazi Mustafa Kemal Atat\u00fcrk&#8217;\u00fcn aram\u0131zdan ayr\u0131l\u0131\u015f\u0131n\u0131n 86. y\u0131l d\u00f6n\u00fcm\u00fcnde O&#8217;nu sayg\u0131, sevgi, minnet ve \u00f6zlemle and\u0131klar\u0131n\u0131 ifade ederek, &#8220;Ulu \u00d6nder&#8217;e minnetlerimi sunuyor, vasiyeti olarak kabul etti\u011fimiz daha \u00e7ok \u00e7al\u0131\u015farak, Mersin&#8217;imize ve \u00fclkemize sahip \u00e7\u0131kmaya devam edece\u011fiz. Atat\u00fcrk&#8217;\u00fcn \u00e7ok veciz s\u00f6zleri vard\u0131r ama bir siyaset\u00e7i olarak bir s\u00f6z\u00fc beni \u00e7ok etkiler; &#8216;Vatan\u0131n\u0131 en \u00e7ok seven vazifesini en iyi yapand\u0131r.&#8217; O nedenle vatan sevgimizi test etmek isteyenlere, retorikle bize milliyet\u00e7ilik dersi vermek isteyenlere de cevab\u0131m; biz vatan\u0131m\u0131z\u0131 \u00e7ok seviyoruz, onun i\u00e7in \u00e7ok \u00e7al\u0131\u015f\u0131yoruz. Gecemizi g\u00fcnd\u00fcz\u00fcm\u00fcze kat\u0131yoruz bu b\u00f6yle devam edecek. Ulu \u00d6nder&#8217;in bize emanet etti\u011fi vatan\u0131m\u0131z\u0131 \u00e7ocuklar\u0131m\u0131za \u00e7ok daha y\u00fcksek mertebelerde b\u0131rakaca\u011f\u0131z&#8221; dedi.<\/p>\n<p>Se\u00e7er&#8217;den kayy\u0131m tepkisi: &#8220;Bu, her \u015feyden \u00f6nce bizim demokrasimize, millet iradesine vurulmu\u015f ciddi bir darbedir&#8221;<\/p>\n<p>Se\u00e7er, Esenyurt Belediye Ba\u015fkan\u0131 Prof. Dr. Ahmet \u00d6zerin tutuklanmas\u0131 ve belediyeye kayy\u0131m atanmas\u0131 ile ilgili Meclis&#8217;te yap\u0131lan de\u011ferlendirmelere ili\u015fkin, &#8220;Meselemiz burada birbirimizi rencide etme meselesi de\u011fil. Meselemiz rencide edilen millet iradesini ve demokrasiyi savunmak, evrensel hukuk anlay\u0131\u015f\u0131m\u0131z\u0131n tahrip olmas\u0131n\u0131 engellemektir. Benim burada oturuyor olmam ya da sizlerin Meclis \u00fcyesi olmas\u0131 durumu bizlere bu makamda su\u00e7 i\u015flemi hakk\u0131n\u0131 vermez. Ama bizim kar\u015f\u0131 \u00e7\u0131kt\u0131\u011f\u0131m\u0131z konu \u015fu; hi\u00e7bir iktidar da iktidar\u0131n\u0131n devam\u0131 i\u00e7in hukuktan uzakla\u015farak, yarg\u0131y\u0131 devreye sokarak baz\u0131 tedbirler alma cihetine gitmez. Bu, her \u015feyden \u00f6nce bizim demokrasimize, millet iradesine vurulmu\u015f ciddi bir darbedir&#8221; diye konu\u015ftu.<\/p>\n<p>&#8220;Mersin&#8217;in sosyal bar\u0131\u015f\u0131, T\u00fcrkiye&#8217;nin sosyal bar\u0131\u015f\u0131d\u0131r&#8221;<\/p>\n<p>Mahkemelerin ayr\u0131m yapmadan herkese e\u015fit mesafede durmas\u0131 gerekti\u011fini, hukuki gerek\u00e7elere uygun hareket edilmesi gerekti\u011fini s\u00f6zlerine ekleyen Se\u00e7er, &#8220;Fet\u00f6 meselesinden sonra Cumhurba\u015fkan\u0131 kararnamesi ile \u0130\u00e7i\u015fleri Bakanl\u0131\u011f\u0131 mahkeme karar\u0131 olmadan kayy\u0131m atayabiliyor. Bizim \u015fiddetle kar\u015f\u0131 \u00e7\u0131kt\u0131\u011f\u0131m\u0131z bu. T\u00fcrkiye g\u00fc\u00e7l\u00fc bir \u00fclkedir. Bin y\u0131llard\u0131r bu topraklarda karde\u015f\u00e7e ya\u015fam\u0131\u015f insanlar\u0131z. \u00d6zellikle bu konular\u0131n Mersin&#8217;de konu\u015fulmas\u0131 \u00e7ok daha farkl\u0131 bir \u00f6nem arz ediyor. Mersin k\u00fc\u00e7\u00fck T\u00fcrkiye&#8217;dir. Mersin&#8217;in sosyal bar\u0131\u015f\u0131 T\u00fcrkiye&#8217;nin sosyal bar\u0131\u015f\u0131d\u0131r. Onun i\u00e7in farkl\u0131l\u0131klar\u0131m\u0131z\u0131 bir zenginlik olarak g\u00f6relim. Bug\u00fcne kadar nas\u0131l bir arada ya\u015fad\u0131ysak bundan sonra da bir arada ya\u015faman\u0131n \u015fartlar\u0131n\u0131 zorlamak zorunday\u0131z. Bu \u00fclkeyi b\u00f6yle kalk\u0131nd\u0131rabiliriz&#8221; ifadelerini kulland\u0131.<\/p>\n<p>&#8220;HPV ile m\u00fccadelede a\u015f\u0131 uygulamas\u0131n\u0131 hayata ge\u00e7irdik&#8221;<\/p>\n<p>B\u00fcy\u00fck\u015fehir&#8217;in ge\u00e7ti\u011fimiz g\u00fcnlerde hayata ge\u00e7irdi\u011fi ve halk sa\u011fl\u0131\u011f\u0131 i\u00e7in \u00f6rnek te\u015fkil edecek projesini hat\u0131rlatan Se\u00e7er, belediyenin sosyal desteklerinden faydalanan ailelerinin 9-14 ya\u015f aras\u0131ndaki k\u0131z \u00e7ocuklar\u0131na \u00fccretsiz olarak HPV a\u015f\u0131s\u0131 uygulamaya ba\u015flad\u0131klar\u0131n\u0131 dile getirerek, ko\u015fullar\u0131 sa\u011flayan ailelerimiz, B\u00fcy\u00fck\u015fehir&#8217;in web sitesi \u00fczerinden ba\u015fvurular\u0131n\u0131 ger\u00e7ekle\u015ftirebileceklerini aktard\u0131.<\/p>\n<p>&#8220;\u0130l\u00e7e belediyeleri ile e\u015f g\u00fcd\u00fcm sa\u011flad\u0131\u011f\u0131m\u0131z noktada Mersin \u00e7ok daha temiz bir kent olacak&#8221;<\/p>\n<p>Mersin&#8217;de en b\u00fcy\u00fck problemlerden bir tanesinin \u00e7evre sorunu oldu\u011funa dikkat \u00e7eken Se\u00e7er, &#8220;A\u00e7\u0131klardan ge\u00e7en ya da demirleyen gemiler deniz kirlili\u011fine neden oluyor gibi g\u00f6r\u00fcnse de deniz kirlili\u011finin y\u00fczde 80&#8217;i karasal kaynakl\u0131. Bu konuda il\u00e7e belediye ba\u015fkanlar\u0131m\u0131zdan baz\u0131 taleplerimiz var. 15 metre ve \u00fczeri caddeler B\u00fcy\u00fck\u015fehir&#8217;in sorumluluk alanlar\u0131nda ama ara sokaklar, sahiller, hangi il\u00e7e s\u0131n\u0131rlar\u0131ndaysa il\u00e7e belediyelerinin sorumlulu\u011fundad\u0131r. \u00c7evre Bakanl\u0131\u011f\u0131&#8217;n\u0131n bu konudaki talimatlar\u0131n\u0131 zaman zaman arkada\u015flar\u0131m\u0131z tekrar hat\u0131rlat\u0131yorlar&#8221; diye konu\u015ftu.<\/p>\n<p>Deniz kirlili\u011fine neden olan etmenlerin ortadan kald\u0131r\u0131lmas\u0131 ve \u00f6nlenmesi i\u00e7in yeni bir sistem kurduklar\u0131n\u0131 s\u00f6yleyen Se\u00e7er, \u00c7evre Bakanl\u0131\u011f\u0131&#8217;ndan deniz denetimi yetkisi alan 2 belediyeden biri olduklar\u0131n\u0131 s\u00f6yledi. Se\u00e7er, &#8220;Yak\u0131n tarihte de talebimiz \u00fczerine koordinatlar\u0131m\u0131z geni\u015fletildi. Yakla\u015f\u0131k olarak 90 milyon TL&#8217;nin \u00fczerinde bir yat\u0131r\u0131mla Kula k\u00f6y\u00fcnden \u00c7e\u015fmeli&#8217;ye kadar b\u00fct\u00fcn bu b\u00f6l\u00fcm\u00fc kapsayan dijital kameralar vas\u0131tayla art\u0131k gemi denetimlerini dijital ortamda yap\u0131yoruz. Bunun da semeresini \u00e7ok k\u0131sa bir zamanda g\u00f6rmeye ba\u015flayaca\u011f\u0131z. Denetimlerimiz daha rahat ve efektif oluyor. Biz bu konuda \u00fczerimize d\u00fc\u015feni yapmaya devam edece\u011fiz. \u0130l\u00e7e belediyeleri ile \u00e7evre temizli\u011fi konusunda bir konsens\u00fcs, e\u015f g\u00fcd\u00fcm sa\u011flad\u0131\u011f\u0131m\u0131z noktada Mersin \u00e7ok daha temiz bir kent olacak&#8221; ifadelerine yer verdi.<\/p>\n<p>&#8220;Metro projesinde Ankara b\u00fcrokrasisini a\u015famad\u0131k&#8221;<\/p>\n<p>Metro projesinin s\u00fcreciyle ilgili yap\u0131lan ele\u015ftirilere y\u00f6nelik a\u00e7\u0131klamalarda bulunan Se\u00e7er, projenin hayata ge\u00e7mesi i\u00e7in uzun s\u00fcredir m\u00fccadele verdiklerini vurgulad\u0131. Se\u00e7er, &#8220;Biz metrodan vazge\u00e7medik. Ge\u00e7mi\u015f d\u00f6nemde temel att\u0131k, fakat i\u015f parayla ilgili konulara geldi\u011fi zaman yine ge\u00e7mi\u015f d\u00f6nem meclisinde b\u00fct\u00fcn kap\u0131lar surat\u0131m\u0131za kapand\u0131. Bir\u00e7ok sorunu a\u015ft\u0131k fakat Ankara b\u00fcrokrasisini a\u015famad\u0131k &#8220;dedi.<\/p>\n<p>&#8220;530 Milyon Euro&#8217;luk proje, 850 Milyon Euro&#8217;ya \u00e7\u0131kt\u0131&#8221;<\/p>\n<p>Metro projesiyle ilgili A\u011fustos Ay\u0131 Meclis Toplant\u0131s\u0131&#8217;nda idareye verilen bor\u00e7lanma yetkisine dair Hazine ve Maliye Bakanl\u0131\u011f\u0131&#8217;ndan hen\u00fcz bir d\u00f6n\u00fc\u015f yap\u0131lmad\u0131\u011f\u0131n\u0131n alt\u0131n\u0131 \u00e7izen Se\u00e7er, projenin ilk sunuldu\u011fu g\u00fcnden bug\u00fcne gelene kadar maliyetinin artt\u0131\u011f\u0131n\u0131 da s\u00f6zlerine ekleyerek, &#8221; 530 milyon Euro&#8217;luk proje, 850 milyon Euro&#8217;ya \u00e7\u0131kt\u0131. Hat uzad\u0131\u011f\u0131 ya da proje de\u011fi\u015fti\u011fi i\u00e7in maliyet artmad\u0131, ekonomi \u00e7\u00f6kt\u00fc. Sadece TL de\u011fil d\u00f6viz baz\u0131nda da bir de\u011fer kayb\u0131 olmas\u0131, i\u015fimizi g\u00fc\u00e7le\u015ftiriyor&#8221; diye konu\u015ftu.<\/p>\n<p>Projeyi yapmak istedikleri tarihlerde Cumhurba\u015fkanl\u0131\u011f\u0131 Strateji ve B\u00fct\u00e7e Ba\u015fkanl\u0131\u011f\u0131&#8217;ndan gerekli onaylar\u0131 alamad\u0131klar\u0131n\u0131 ve artan maliyetlerden dolay\u0131 planlanan b\u00fct\u00e7enin \u00e7ok artt\u0131\u011f\u0131n\u0131 vurgulayan Se\u00e7er, &#8220;Hi\u00e7 olmazsa hafif rayl\u0131 sisteme ba\u015flayal\u0131m d\u00fc\u015f\u00fcncesi ile bu plan\u0131m\u0131z\u0131 2025 program\u0131na da ald\u0131k. Cumhurba\u015fkanl\u0131\u011f\u0131 Strateji ve B\u00fct\u00e7e Ba\u015fkanl\u0131\u011f\u0131nda onaylad\u0131\u011f\u0131 anda biz yakla\u015f\u0131k olarak 120 milyon TL maliyet g\u00f6rd\u00fc\u011f\u00fcm\u00fcz Eski Otogar-\u015eehir Hastanesi-Yeni Otogar hatt\u0131na hemen ba\u015flayabiliriz&#8221; ifadelerini kulland\u0131.<\/p>\n<p>&#8220;\u0130kinci be\u015f y\u0131ll\u0131k s\u00fcrecimizde Mersinlileri rayl\u0131 sisteme bindirece\u011fiz&#8221;<\/p>\n<p>Se\u00e7er, projelerin kolay olmad\u0131\u011f\u0131n\u0131 ancak mali onay\u0131n verilmesi durumunda Mersinlileri hafif rayl\u0131 sistemle en k\u0131sa s\u00fcrede tan\u0131\u015ft\u0131racaklar\u0131n\u0131 belirterek, &#8221; &#8216;Mersin&#8217;de rayl\u0131 sistemler d\u00f6nemini ba\u015flat\u0131yoruz&#8217; dedik. \u0130stanbul bu i\u015fe bir as\u0131r \u00f6nce ba\u015flam\u0131\u015f, 200 km rayl\u0131 sisteme sahip bir kent. Kolay de\u011fil fakat h\u0131zl\u0131 bir \u015fekilde ger\u00e7ekle\u015ftirebilece\u011fimiz hafif rayl\u0131 sistemin kredisini bulduk, bir imza bekliyor. Cumhurba\u015fkanl\u0131\u011f\u0131 yat\u0131r\u0131m program\u0131na al\u0131n\u0131rsa, bir kredi marifetiyle \u00e7ok h\u0131zl\u0131 \u015fekilde yapaca\u011f\u0131z. \u0130kinci be\u015f y\u0131ll\u0131k g\u00f6rev s\u00fcrecimizde, Mersinlileri rayl\u0131 sisteme bindirece\u011fiz&#8221; s\u00f6zlerine yer verdi.<\/p>\n<p>&#8220;Hazine&#8217;de bekleyen bor\u00e7lanma yetkisi imzalar\u0131m\u0131z\u0131n gecikmeden verilmesini istiyoruz&#8221;<\/p>\n<p>Metro ile ilgili sosyal medyada yap\u0131lan yanl\u0131\u015f payla\u015f\u0131mlar ve de\u011ferlendirmeler \u00fczerine konu\u015fan Se\u00e7er, &#8220;Vazge\u00e7ti\u011fimiz yok. Hi\u00e7bir konu\u015fmamda da b\u00f6yle bir \u015fey s\u00f6ylemedim. B\u00f6yle bir fikir ortaya koymad\u0131m. O projemiz devam ediyor. Aksine \u00fczerine koydu\u011fumuzu s\u00f6yl\u00fcyorum. O projenin \u00fczerine 3 proje daha yapt\u0131k. \u0130lk etapta Eski Otogar-Yeni Otogar hatt\u0131n\u0131 yapmak istiyoruz. Cumhur \u0130ttifak\u0131&#8217;ndan yat\u0131r\u0131m program\u0131na al\u0131nmas\u0131 i\u00e7in destek istiyoruz. Bundan daha net bir \u015fey olabilir mi? Hazine&#8217;de bekleyen bor\u00e7lanma yetkisi imzalar\u0131m\u0131z\u0131n da gecikmeden verilmesini istiyoruz&#8221; dedi.<\/p>\n<p>&#8220;G\u00fclnar&#8217;da su sorunu sorun olmaktan \u00e7\u0131kacak&#8221;<\/p>\n<p>Konu\u015fmas\u0131n\u0131n son b\u00f6l\u00fcm\u00fcnde G\u00fclnar Il\u0131s\u0131 \u0130\u00e7me Suyu Projesi hakk\u0131nda da Meclis \u00fcyelerine bilgi veren Se\u00e7er, ge\u00e7ti\u011fimiz g\u00fcnlerde \u0130ller bankas\u0131 yetkilileri ile g\u00f6r\u00fc\u015ferek, projenin tamamlanmas\u0131 i\u00e7in gerekli finansman konusunda netice ald\u0131klar\u0131n\u0131 kaydetti. Se\u00e7er, &#8220;Bir mani olmazsa May\u0131s ay\u0131n\u0131n sonunda G\u00fclnar&#8217;da su sorunu, sorun olmaktan \u00e7\u0131kacak. Il\u0131su suyunu G\u00fclnar&#8217;a ak\u0131taca\u011f\u0131z&#8221; diye konu\u015ftu.<\/p>\n<p>Mersin B\u00fcy\u00fck\u015fehir Belediye Meclisi&#8217;nin Kas\u0131m Ay\u0131 1. Birle\u015fimi Toplant\u0131s\u0131 g\u00fcndem maddelerinin g\u00f6r\u00fc\u015f\u00fclmesinin ard\u0131ndan sona erdi.<\/p>\n","protected":false},"excerpt":{"rendered":"<p>Mersin B\u00fcy\u00fck\u015fehir Belediye Meclisi&#8217;nin 2024 Y\u0131l\u0131 Kas\u0131m Ay\u0131 Ola\u011fan Toplant\u0131s\u0131&#8217;n\u0131n 1. Birle\u015fimi, Mersin B\u00fcy\u00fck\u015fehir Belediye Ba\u015fkan\u0131 Vahap Se\u00e7er ba\u015fkanl\u0131\u011f\u0131nda ger\u00e7ekle\u015ftirildi. Esenyurt Belediye Ba\u015fkan\u0131 Prof. Dr. Ahmet \u00d6zer&#8217;in tutuklanmas\u0131 ve belediyeye &hellip; <a href=\"https:\/\/akdenizolaygazetesi.com\/?p=32829\" class=\"more-link\">Devam\u0131n\u0131 Oku&#8230;<\/a><\/p>\n","protected":false},"author":2,"featured_media":32830,"comment_status":"open","ping_status":"open","sticky":false,"template":"","format":"standard","meta":[],"categories":[1,2,3],"tags":[],"_links":{"self":[{"href":"https:\/\/akdenizolaygazetesi.com\/index.php?rest_route=\/wp\/v2\/posts\/32829"}],"collection":[{"href":"https:\/\/akdenizolaygazetesi.com\/index.php?rest_route=\/wp\/v2\/posts"}],"about":[{"href":"https:\/\/akdenizolaygazetesi.com\/index.php?rest_route=\/wp\/v2\/types\/post"}],"author":[{"embeddable":true,"href":"https:\/\/akdenizolaygazetesi.com\/index.php?rest_route=\/wp\/v2\/users\/2"}],"replies":[{"embeddable":true,"href":"https:\/\/akdenizolaygazetesi.com\/index.php?rest_route=%2Fwp%2Fv2%2Fcomments&post=32829"}],"version-history":[{"count":1,"href":"https:\/\/akdenizolaygazetesi.com\/index.php?rest_route=\/wp\/v2\/posts\/32829\/revisions"}],"predecessor-version":[{"id":32831,"href":"https:\/\/akdenizolaygazetesi.com\/index.php?rest_route=\/wp\/v2\/posts\/32829\/revisions\/32831"}],"wp:featuredmedia":[{"embeddable":true,"href":"https:\/\/akdenizolaygazetesi.com\/index.php?rest_route=\/wp\/v2\/media\/32830"}],"wp:attachment":[{"href":"https:\/\/akdenizolaygazetesi.com\/index.php?rest_route=%2Fwp%2Fv2%2Fmedia&parent=32829"}],"wp:term":[{"taxonomy":"category","embeddable":true,"href":"https:\/\/akdenizolaygazetesi.com\/index.php?rest_route=%2Fwp%2Fv2%2Fcategories&post=32829"},{"taxonomy":"post_tag","embeddable":true,"href":"https:\/\/akdenizolaygazetesi.com\/index.php?rest_route=%2Fwp%2Fv2%2Ftags&post=32829"}],"curies":[{"name":"wp","href":"https:\/\/api.w.org\/{rel}","templated":true}]}}