{"id":32867,"date":"2024-11-14T15:55:42","date_gmt":"2024-11-14T12:55:42","guid":{"rendered":"http:\/\/akdenizolaygazetesi.com\/?p=32867"},"modified":"2024-11-14T15:55:42","modified_gmt":"2024-11-14T12:55:42","slug":"buyuksehir-kariyer-merkezi-kampuste","status":"publish","type":"post","link":"https:\/\/akdenizolaygazetesi.com\/?p=32867","title":{"rendered":"B\u00dcY\u00dcK\u015eEH\u0130R KAR\u0130YER MERKEZ\u0130 KAMP\u00dcSTE"},"content":{"rendered":"<p>\u00dcniversitelerin a\u00e7\u0131lmas\u0131 ve akademik takvimin belirlenmesi ile birlikte Mersin B\u00fcy\u00fck\u015fehir Belediyesi Kariyer Merkezi, kurumsal hizmetlerini tan\u0131tmak ve \u00fcniversitelilerin kariyer yolculuklar\u0131na destek olmak amac\u0131yla stant \u00e7al\u0131\u015fmas\u0131 ger\u00e7ekle\u015ftirdi.<\/p>\n<p>Mersin B\u00fcy\u00fck\u015fehir Belediyesi Kariyer Merkezi, \u00fcniversitelilerin kariyer planlamalar\u0131na ve istihdam edilebilirliklerine katk\u0131 sa\u011flamaya devam ediyor.<\/p>\n<p>\u00dcniversitelerin a\u00e7\u0131lmas\u0131 ve akademik takvimin belirlenmesi ile birlikte Mersin B\u00fcy\u00fck\u015fehir Belediyesi Kariyer Merkezi, kurumsal hizmetlerini tan\u0131tmak ve \u00fcniversitelilerin kariyer yolculuklar\u0131na destek olmak amac\u0131yla stant \u00e7al\u0131\u015fmas\u0131 ger\u00e7ekle\u015ftirdi.<\/p>\n<p>Kariyer Merkezi; \u00fcniversitelilerin i\u015f g\u00fcc\u00fc piyasas\u0131 hakk\u0131nda bilgi edinmeleri, profesyonel y\u00f6neticilerle ve kurumsal firmalarla network sa\u011flamalar\u0131 konusunda \u00f6nemli bir misyon \u00fcstleniyor.<\/p>\n<p>\u00dcniversiteliler, B\u00fcy\u00fck\u015fehir Kariyer Merkezi ile geleceklerini \u015fekillendiriyor<\/p>\n<p>Toros \u00dcniversitesi Mezitli Kamp\u00fcs\u00fc, \u00c7a\u011f \u00dcniversitesi Kamp\u00fcs\u00fc ve Toros \u00dcniversitesi 45 Evler Kamp\u00fcs\u00fc&#8217;nde ger\u00e7ekle\u015ftirilen stant \u00e7al\u0131\u015fmalar\u0131nda, &#8216;Rehberlik ve Dan\u0131\u015fmanl\u0131k Hizmetleri, Kariyer Planlama E\u011fitimleri, \u0130\u015f Arama Becerileri E\u011fitimleri, Denizk\u0131z\u0131 Turizm A.\u015e&#8217;ye ba\u011fl\u0131 kafelerde yar\u0131 zamanl\u0131 i\u015f f\u0131rsatlar\u0131 ve staj imkanlar\u0131&#8217; hakk\u0131nda da bilgilendirme yap\u0131ld\u0131.<\/p>\n<p>\u00dcniversite \u00f6\u011frencilerine, e\u011fitim mod\u00fclleri de tan\u0131t\u0131ld\u0131<\/p>\n<p>\u00dcniversitelilere y\u00f6nelik bilgilendirme \u00e7al\u0131\u015fmalar\u0131 ve Kariyer Merkezi&#8217;nin sundu\u011fu hizmetler stantta uzmanlar taraf\u0131ndan detayl\u0131 bir \u015fekilde tan\u0131t\u0131l\u0131rken, hizmetlere y\u00f6nelik tan\u0131t\u0131c\u0131 bro\u015f\u00fcrler de \u00f6\u011frencilere da\u011f\u0131t\u0131ld\u0131.<\/p>\n<p>Yap\u0131lan stant \u00e7al\u0131\u015fmas\u0131 ile e\u015f zamanl\u0131 olarak, isteyen \u00fcniversitelilere y\u00f6nelik Kariyer Merkezi taraf\u0131ndan kurgulanan e\u011fitimlerden \u00f6rnekler sunuldu. 100&#8217;den fazla \u00fcniversite \u00f6\u011frencisinin kat\u0131ld\u0131\u011f\u0131 e\u011fitimlerin, periyodik olarak \u00f6\u011frencilere sunulmas\u0131 hedefleniyor.<\/p>\n","protected":false},"excerpt":{"rendered":"<p>\u00dcniversitelerin a\u00e7\u0131lmas\u0131 ve akademik takvimin belirlenmesi ile birlikte Mersin B\u00fcy\u00fck\u015fehir Belediyesi Kariyer Merkezi, kurumsal hizmetlerini tan\u0131tmak ve \u00fcniversitelilerin kariyer yolculuklar\u0131na destek olmak amac\u0131yla stant \u00e7al\u0131\u015fmas\u0131 ger\u00e7ekle\u015ftirdi. Mersin B\u00fcy\u00fck\u015fehir Belediyesi Kariyer &hellip; <a href=\"https:\/\/akdenizolaygazetesi.com\/?p=32867\" class=\"more-link\">Devam\u0131n\u0131 Oku&#8230;<\/a><\/p>\n","protected":false},"author":2,"featured_media":32868,"comment_status":"open","ping_status":"open","sticky":false,"template":"","format":"standard","meta":[],"categories":[1,2,3],"tags":[],"_links":{"self":[{"href":"https:\/\/akdenizolaygazetesi.com\/index.php?rest_route=\/wp\/v2\/posts\/32867"}],"collection":[{"href":"https:\/\/akdenizolaygazetesi.com\/index.php?rest_route=\/wp\/v2\/posts"}],"about":[{"href":"https:\/\/akdenizolaygazetesi.com\/index.php?rest_route=\/wp\/v2\/types\/post"}],"author":[{"embeddable":true,"href":"https:\/\/akdenizolaygazetesi.com\/index.php?rest_route=\/wp\/v2\/users\/2"}],"replies":[{"embeddable":true,"href":"https:\/\/akdenizolaygazetesi.com\/index.php?rest_route=%2Fwp%2Fv2%2Fcomments&post=32867"}],"version-history":[{"count":1,"href":"https:\/\/akdenizolaygazetesi.com\/index.php?rest_route=\/wp\/v2\/posts\/32867\/revisions"}],"predecessor-version":[{"id":32869,"href":"https:\/\/akdenizolaygazetesi.com\/index.php?rest_route=\/wp\/v2\/posts\/32867\/revisions\/32869"}],"wp:featuredmedia":[{"embeddable":true,"href":"https:\/\/akdenizolaygazetesi.com\/index.php?rest_route=\/wp\/v2\/media\/32868"}],"wp:attachment":[{"href":"https:\/\/akdenizolaygazetesi.com\/index.php?rest_route=%2Fwp%2Fv2%2Fmedia&parent=32867"}],"wp:term":[{"taxonomy":"category","embeddable":true,"href":"https:\/\/akdenizolaygazetesi.com\/index.php?rest_route=%2Fwp%2Fv2%2Fcategories&post=32867"},{"taxonomy":"post_tag","embeddable":true,"href":"https:\/\/akdenizolaygazetesi.com\/index.php?rest_route=%2Fwp%2Fv2%2Ftags&post=32867"}],"curies":[{"name":"wp","href":"https:\/\/api.w.org\/{rel}","templated":true}]}}