{"id":32876,"date":"2024-11-14T15:59:34","date_gmt":"2024-11-14T12:59:34","guid":{"rendered":"http:\/\/akdenizolaygazetesi.com\/?p=32876"},"modified":"2024-11-14T15:59:34","modified_gmt":"2024-11-14T12:59:34","slug":"deva-partili-ekmen-konteyner-limani-ile-ilgili-tartismalari-bitirin","status":"publish","type":"post","link":"https:\/\/akdenizolaygazetesi.com\/?p=32876","title":{"rendered":"DEVA Partili Ekmen: Konteyner Liman\u0131 ile ilgili tart\u0131\u015fmalar\u0131 bitirin"},"content":{"rendered":"<p>DEVA Partisi Genel Ba\u015fkan Yard\u0131mc\u0131s\u0131 Mehmet Emin Ekmen, Ticaret Bakanl\u0131\u011f\u0131n\u0131n 2025 y\u0131l\u0131 b\u00fct\u00e7esi \u00fczerinde yapt\u0131\u011f\u0131 konu\u015fmada, konteyner liman\u0131n\u0131n Mersin\u2019e neden yap\u0131lmas\u0131 gerekti\u011fini gerek\u00e7eleriyle a\u00e7\u0131klad\u0131. Ana Konteyner Liman\u0131 ile ilgili tart\u0131\u015fmalar\u0131n art\u0131k netlik kazanmas\u0131 gerekti\u011fini belirten Ekmen, liman\u0131n Mersin\u2019e yap\u0131lmas\u0131n\u0131n \u00f6nemini vurgulayarak, \u201cAdana Yumurtal\u0131k liman\u0131 \u00e7ok b\u00fcy\u00fck bir petrokimya havzas\u0131na d\u00f6n\u00fc\u015ft\u00fc. Petrokimyayla ilgili yat\u0131r\u0131mlar orada yap\u0131labilir. Gerek gemilerin yana\u015fma kapasitesi, gerek mevcut Mersin Liman\u0131&#8217;n\u0131n ihracattaki pay\u0131 nedeniyle Mersin Ana Konteyner Liman\u0131&#8217;n\u0131n tekrar g\u00fcndeme al\u0131nmal\u0131 ve belirsizlik giderilmeli\u201d dedi. <\/p>\n<p>DEVA Partisi Genel Ba\u015fkan Yard\u0131mc\u0131s\u0131 ve Mersin Milletvekili Mehmet Emin Ekmen, TBMM Plan B\u00fct\u00e7e Komisyonu\u2019nda Ticaret Bakanl\u0131\u011f\u0131\u2019n\u0131n 2025 y\u0131l\u0131 b\u00fct\u00e7esi \u00fczerinde Bakan \u00d6mer Bolat ve b\u00fcrokratlar\u0131na hitap ederek de\u011ferlendirmelerde bulundu. Mersin\u2019in ekonomi ve ticaretteki bir\u00e7ok sorununu g\u00fcndeme getiren Ekmen, Mersin\u2019in Ana Konteyner Liman\u0131 ile ilgili devam eden s\u00fcrece de\u011finerek, konteyner liman\u0131n Mersin\u2019e yap\u0131lmas\u0131 konusundaki ger\u00e7ekleri tek tek s\u0131ralad\u0131. <\/p>\n<p>Mersin en \u00e7ok vergi \u00f6deyen 6 kentten birisi<\/p>\n<p>Mersin y\u0131llard\u0131r en \u00e7ok vergi \u00f6deyen 6 kent aras\u0131nda oldu\u011funu s\u00f6yleyen Ekmen, daha fazla vergi \u00f6demesi i\u00e7in Mersin&#8217;e birtak\u0131m  yat\u0131r\u0131m desteklerinin yap\u0131lmas\u0131 gerekti\u011fini dile getirdi. Ticaret Bakanl\u0131\u011f\u0131 ile Mersin Ekonomi Platformu\u2019nun birlikte y\u00fcr\u00fctt\u00fc\u011f\u00fc \u00e7al\u0131\u015fmalar\u0131n iktidar\u0131n politikalar\u0131na d\u00f6n\u00fc\u015fmesi gerekti\u011fini aktaran Ekmen, Bakanl\u0131k ve Mersin Ekonomi Platformu\u2019nun \u00e7al\u0131\u015fmalar\u0131n\u0131 yak\u0131ndan takip etti\u011fini belirtti.<\/p>\n<p>100 kilometre arayla iki liman yap\u0131lmas\u0131 ne kadar verimli olur?<\/p>\n<p>Mersin\u2019in birinci ana g\u00fcndeminin ana konteyner liman\u0131 oldu\u011funa vurgu yapan Ekmen, 10, 11, 12\u2019nci kalk\u0131nma planlar\u0131nda Mersin Ana Konteyn\u0131r Liman\u0131\u2019n\u0131n tamamlanaca\u011f\u0131na dair vaatlerin yer ald\u0131\u011f\u0131n\u0131 hat\u0131rlatarak, \u201cAma son \u00fc\u00e7 y\u0131ld\u0131r Adana Yumurtal\u0131k&#8217;ta da bir ana konteyner liman\u0131 yap\u0131laca\u011f\u0131na dair Ula\u015ft\u0131rma Bakanl\u0131\u011f\u0131 belgelerine yans\u0131yan birtak\u0131m hususlar var. \u00dclkemizin i\u00e7 ve d\u0131\u015f ticaret hacmini en iyi bilen Bakan\u0131m\u0131zs\u0131n\u0131z. 100 kilometre arayla 11 milyon ve 12 milyon TEU kapasitede iki ayr\u0131 liman yap\u0131lmas\u0131n\u0131n ne kadar verimli oldu\u011funu takdirinize sunuyoruz\u201d ifadelerini kulland\u0131.<\/p>\n<p>Kafa kar\u0131\u015f\u0131kl\u0131\u011f\u0131 ortadan kald\u0131r\u0131lmal\u0131d\u0131r<\/p>\n<p>Ekmen, konteyner liman\u0131n Mersin\u2019e yap\u0131lmas\u0131 konusundaki ger\u00e7ekleri s\u0131ralayarak, \u015f\u00f6yle devam etti: <\/p>\n<p>\u201cKonteyner liman\u0131n\u0131n do\u011fru zeminde tart\u0131\u015f\u0131larak, bir\u00e7ok sebepten dolay\u0131 Mersin\u2019de yap\u0131lmas\u0131n\u0131n daha do\u011fru olaca\u011f\u0131n\u0131 d\u00fc\u015f\u00fcn\u00fcyoruz. \u00c7\u00fcnk\u00fc Yumurtal\u0131k \u00e7ok b\u00fcy\u00fck bir petrokimya havzas\u0131na d\u00f6n\u00fc\u015ft\u00fc. Petrokimyayla ilgili yat\u0131r\u0131mlar orada yap\u0131labilir. Gerek gemilerin yana\u015fma kapasitesi, gerek mevcut Mersin Liman\u0131&#8217;n\u0131n ihracatta temsil etti\u011fi yer a\u00e7\u0131s\u0131ndan Mersin Ana Konteyner Liman\u0131&#8217;n\u0131n tekrardan g\u00fcndeme al\u0131nmal\u0131, proje ihale a\u015famas\u0131na getirilmeli. Yumurtal\u0131k ile Mersin aras\u0131ndaki belirsizlik kafa kar\u0131\u015f\u0131kl\u0131\u011f\u0131 yaratmaktad\u0131r. Bu durumu g\u00fcndemden d\u00fc\u015f\u00fcr\u00fcrerek kamuoyuna a\u00e7\u0131k ve net bir vizyon, bir perspektif verilmesi gerekti\u011fini d\u00fc\u015f\u00fcnmekteyiz.\u201d<\/p>\n","protected":false},"excerpt":{"rendered":"<p>DEVA Partisi Genel Ba\u015fkan Yard\u0131mc\u0131s\u0131 Mehmet Emin Ekmen, Ticaret Bakanl\u0131\u011f\u0131n\u0131n 2025 y\u0131l\u0131 b\u00fct\u00e7esi \u00fczerinde yapt\u0131\u011f\u0131 konu\u015fmada, konteyner liman\u0131n\u0131n Mersin\u2019e neden yap\u0131lmas\u0131 gerekti\u011fini gerek\u00e7eleriyle a\u00e7\u0131klad\u0131. Ana Konteyner Liman\u0131 ile ilgili tart\u0131\u015fmalar\u0131n &hellip; <a href=\"https:\/\/akdenizolaygazetesi.com\/?p=32876\" class=\"more-link\">Devam\u0131n\u0131 Oku&#8230;<\/a><\/p>\n","protected":false},"author":2,"featured_media":32816,"comment_status":"open","ping_status":"open","sticky":false,"template":"","format":"standard","meta":[],"categories":[1,2,3],"tags":[],"_links":{"self":[{"href":"https:\/\/akdenizolaygazetesi.com\/index.php?rest_route=\/wp\/v2\/posts\/32876"}],"collection":[{"href":"https:\/\/akdenizolaygazetesi.com\/index.php?rest_route=\/wp\/v2\/posts"}],"about":[{"href":"https:\/\/akdenizolaygazetesi.com\/index.php?rest_route=\/wp\/v2\/types\/post"}],"author":[{"embeddable":true,"href":"https:\/\/akdenizolaygazetesi.com\/index.php?rest_route=\/wp\/v2\/users\/2"}],"replies":[{"embeddable":true,"href":"https:\/\/akdenizolaygazetesi.com\/index.php?rest_route=%2Fwp%2Fv2%2Fcomments&post=32876"}],"version-history":[{"count":1,"href":"https:\/\/akdenizolaygazetesi.com\/index.php?rest_route=\/wp\/v2\/posts\/32876\/revisions"}],"predecessor-version":[{"id":32877,"href":"https:\/\/akdenizolaygazetesi.com\/index.php?rest_route=\/wp\/v2\/posts\/32876\/revisions\/32877"}],"wp:featuredmedia":[{"embeddable":true,"href":"https:\/\/akdenizolaygazetesi.com\/index.php?rest_route=\/wp\/v2\/media\/32816"}],"wp:attachment":[{"href":"https:\/\/akdenizolaygazetesi.com\/index.php?rest_route=%2Fwp%2Fv2%2Fmedia&parent=32876"}],"wp:term":[{"taxonomy":"category","embeddable":true,"href":"https:\/\/akdenizolaygazetesi.com\/index.php?rest_route=%2Fwp%2Fv2%2Fcategories&post=32876"},{"taxonomy":"post_tag","embeddable":true,"href":"https:\/\/akdenizolaygazetesi.com\/index.php?rest_route=%2Fwp%2Fv2%2Ftags&post=32876"}],"curies":[{"name":"wp","href":"https:\/\/api.w.org\/{rel}","templated":true}]}}