{"id":32878,"date":"2024-11-14T16:00:41","date_gmt":"2024-11-14T13:00:41","guid":{"rendered":"http:\/\/akdenizolaygazetesi.com\/?p=32878"},"modified":"2024-11-14T16:00:41","modified_gmt":"2024-11-14T13:00:41","slug":"yenisehirde-sessiz-cop-toplama-donemi-basladi","status":"publish","type":"post","link":"https:\/\/akdenizolaygazetesi.com\/?p=32878","title":{"rendered":"Yeni\u015fehir\u2019de sessiz \u00e7\u00f6p toplama d\u00f6nemi ba\u015flad\u0131"},"content":{"rendered":"<p>Mersin Yeni\u015fehir Belediyesi, kent sakinlerinin ya\u015fam kalitesini art\u0131rmak ve g\u00fcr\u00fclt\u00fc kirlili\u011fini azaltmak amac\u0131yla \u00e7\u00f6p toplama i\u015flemlerine y\u00f6nelik yeni bir uygulama ba\u015flatt\u0131. Yeni\u015fehir Belediyesi \u00e7\u00f6p toplama i\u015flemlerinde g\u00fcr\u00fclt\u00fc olu\u015fumunu engellemeyi hedefledi\u011fi yenilik\u00e7i uygulama ile yeni nesil konteynerler ve sessiz \u00e7\u00f6p toplama ara\u00e7lar\u0131n\u0131 devreye soktu. Yeni\u015fehir Belediye Ba\u015fkan\u0131 Abdullah \u00d6zyi\u011fit, \u201cVatanda\u015flar\u0131m\u0131z\u0131n huzurla ya\u015fad\u0131\u011f\u0131, temiz ve modern bir Yeni\u015fehir vizyonumuz do\u011frultusunda \u00f6rnek te\u015fkil eden ad\u0131mlar atmaya devam edece\u011fiz.\u201d dedi.<br \/>\nMersin Yeni\u015fehir Belediyesi yeni sistemde &#8220;\u00c7ok Ama\u00e7l\u0131 \u00c7evre Temizleme Arac\u0131 (\u00c7A\u00c7A)\u201d olarak bilinen sessiz \u00e7\u00f6p toplama ara\u00e7lar\u0131n\u0131 kullanarak \u00e7\u00f6pleri kent sakinlerinin huzurunu bozmadan topluyor. \u00c7A\u00c7A ara\u00e7lar\u0131, \u00e7\u00f6pleri bom sistemiyle alarak yeni nesil konteynerlerden bo\u015falt\u0131yor; b\u00f6ylece daha sessiz ve \u00e7evre dostu bir \u00e7\u00f6p toplama i\u015flemi sa\u011flan\u0131yor.<br \/>\nYeni nesil konteynerler kullan\u0131l\u0131yor<br \/>\nPedall\u0131 mekanizmaya sahip ve kapal\u0131 tasar\u0131mlar\u0131 sayesinde k\u00f6t\u00fc kokular\u0131 engelleyen yeni nesil konteynerler, ana arterler ve yo\u011fun kullan\u0131m alanlar\u0131 ba\u015fta olmak \u00fczere Yeni\u015fehir\u2019in bir\u00e7ok noktas\u0131na yerle\u015ftirildi. Bu konteynerlerin 3 bin 750 litre kapasitesi sayesinde \u00e7\u00f6p toplama i\u015flemleri daha az s\u0131kl\u0131kla yap\u0131larak hem zaman hem de kaynak tasarrufu sa\u011flan\u0131yor.<br \/>\nYeni\u015fehir Belediyesi bu yeni uygulama ile sadece kent esteti\u011fini ve hijyeni sa\u011flamakla kalmay\u0131p, ayn\u0131 zamanda vatanda\u015flar\u0131n rahat bir ya\u015fam s\u00fcrmesine katk\u0131da bulunuyor. Kent genelinde ba\u015flat\u0131lan sessiz \u00e7\u00f6p toplama ve yeni nesil konteyner uygulamas\u0131 Yeni\u015fehir Belediyesinin halk\u0131n ya\u015fam kalitesini art\u0131rmay\u0131 ama\u00e7layan \u00e7evre odakl\u0131 projelerin bir par\u00e7as\u0131 olarak dikkat \u00e7ekiyor.<br \/>\nBa\u015fkan \u00d6zyi\u011fit, \u201cYenilik\u00e7i \u00e7\u00f6z\u00fcmler \u00fcretmeye devam edece\u011fiz\u201d<br \/>\nYeni nesil \u00e7\u00f6p toplama uygulamalar\u0131 hakk\u0131nda konu\u015fan Yeni\u015fehir Belediye Ba\u015fkan\u0131 Abdullah \u00d6zyi\u011fit,  Yeni\u015fehir\u2019in temiz, d\u00fczenli ve ya\u015fanabilir bir kent olmas\u0131 i\u00e7in \u00e7al\u0131\u015fmaya, yenilik\u00e7i \u00e7\u00f6z\u00fcmler \u00fcretmeye devam edeceklerini ifade ederek \u015funlar\u0131 dile getirdi: \u201cYeni\u015fehir Belediyesi olarak hem\u015fehrilerimizin huzurunu ve sa\u011fl\u0131\u011f\u0131n\u0131 her zaman \u00f6n planda tutuyoruz. Bu ama\u00e7la hayata ge\u00e7irdi\u011fimiz sessiz \u00e7\u00f6p toplama sistemi ile \u00f6zellikle gece saatlerinde olu\u015fan g\u00fcr\u00fclt\u00fcy\u00fc en aza indiriyor, b\u00f6ylece vatanda\u015flar\u0131m\u0131z\u0131n rahats\u0131z olmadan dinlenebilmesini sa\u011fl\u0131yoruz. \u00c7A\u00c7A ara\u00e7lar\u0131, yeni nesil konteynerlerle entegre olarak sessizce \u00e7al\u0131\u015f\u0131yor ve \u00e7\u00f6pleri bom sistemiyle topluyor.  Bu sistemi daha fazla b\u00f6lgeye yaymak ve kentimizin tamam\u0131nda uygulamak istiyoruz. Ayr\u0131ca, sessiz toplama ara\u00e7lar\u0131m\u0131z\u0131n say\u0131s\u0131n\u0131 art\u0131rarak sistemin kapsam\u0131n\u0131 geni\u015fletmeyi hedefliyoruz.\u201d <\/p>\n","protected":false},"excerpt":{"rendered":"<p>Mersin Yeni\u015fehir Belediyesi, kent sakinlerinin ya\u015fam kalitesini art\u0131rmak ve g\u00fcr\u00fclt\u00fc kirlili\u011fini azaltmak amac\u0131yla \u00e7\u00f6p toplama i\u015flemlerine y\u00f6nelik yeni bir uygulama ba\u015flatt\u0131. Yeni\u015fehir Belediyesi \u00e7\u00f6p toplama i\u015flemlerinde g\u00fcr\u00fclt\u00fc olu\u015fumunu engellemeyi hedefledi\u011fi &hellip; <a href=\"https:\/\/akdenizolaygazetesi.com\/?p=32878\" class=\"more-link\">Devam\u0131n\u0131 Oku&#8230;<\/a><\/p>\n","protected":false},"author":2,"featured_media":32879,"comment_status":"open","ping_status":"open","sticky":false,"template":"","format":"standard","meta":[],"categories":[1,2,3],"tags":[],"_links":{"self":[{"href":"https:\/\/akdenizolaygazetesi.com\/index.php?rest_route=\/wp\/v2\/posts\/32878"}],"collection":[{"href":"https:\/\/akdenizolaygazetesi.com\/index.php?rest_route=\/wp\/v2\/posts"}],"about":[{"href":"https:\/\/akdenizolaygazetesi.com\/index.php?rest_route=\/wp\/v2\/types\/post"}],"author":[{"embeddable":true,"href":"https:\/\/akdenizolaygazetesi.com\/index.php?rest_route=\/wp\/v2\/users\/2"}],"replies":[{"embeddable":true,"href":"https:\/\/akdenizolaygazetesi.com\/index.php?rest_route=%2Fwp%2Fv2%2Fcomments&post=32878"}],"version-history":[{"count":1,"href":"https:\/\/akdenizolaygazetesi.com\/index.php?rest_route=\/wp\/v2\/posts\/32878\/revisions"}],"predecessor-version":[{"id":32880,"href":"https:\/\/akdenizolaygazetesi.com\/index.php?rest_route=\/wp\/v2\/posts\/32878\/revisions\/32880"}],"wp:featuredmedia":[{"embeddable":true,"href":"https:\/\/akdenizolaygazetesi.com\/index.php?rest_route=\/wp\/v2\/media\/32879"}],"wp:attachment":[{"href":"https:\/\/akdenizolaygazetesi.com\/index.php?rest_route=%2Fwp%2Fv2%2Fmedia&parent=32878"}],"wp:term":[{"taxonomy":"category","embeddable":true,"href":"https:\/\/akdenizolaygazetesi.com\/index.php?rest_route=%2Fwp%2Fv2%2Fcategories&post=32878"},{"taxonomy":"post_tag","embeddable":true,"href":"https:\/\/akdenizolaygazetesi.com\/index.php?rest_route=%2Fwp%2Fv2%2Ftags&post=32878"}],"curies":[{"name":"wp","href":"https:\/\/api.w.org\/{rel}","templated":true}]}}