{"id":32881,"date":"2024-11-14T16:02:01","date_gmt":"2024-11-14T13:02:01","guid":{"rendered":"http:\/\/akdenizolaygazetesi.com\/?p=32881"},"modified":"2024-11-14T16:02:01","modified_gmt":"2024-11-14T13:02:01","slug":"baskan-yildiz-halkin-butcesini-halk-icin-kullaniyoruz","status":"publish","type":"post","link":"https:\/\/akdenizolaygazetesi.com\/?p=32881","title":{"rendered":"Ba\u015fkan Y\u0131ld\u0131z, \u201cHalk\u0131n b\u00fct\u00e7esini, halk i\u00e7in kullan\u0131yoruz\u201d"},"content":{"rendered":"\n<p>Toroslar Belediye Ba\u015fkan\u0131 Abdurrahman Y\u0131ld\u0131z, \u00f6nceliklerinin temizlik hizmetleri oldu\u011funu belirterek &#8220;2025 b\u00fct\u00e7emizi de bu \u00f6nceliklere g\u00f6re yapt\u0131k. Halk\u0131n b\u00fct\u00e7esini halk i\u00e7in kullanaca\u011f\u0131m\u0131za s\u00f6z verdik. Bu s\u00f6z\u00fcm\u00fcz\u00fcn arkas\u0131nday\u0131z&#8221; dedi.  Mahallede Temizlik Var kampanyas\u0131n\u0131 s\u00fcrd\u00fcrd\u00fcklerini kaydeden Ba\u015fkan Y\u0131ld\u0131z, &#8220;Toroslar&#8217;\u0131n her bir soka\u011f\u0131 tertemiz olana kadar bu \u00e7al\u0131\u015fmalar\u0131m\u0131z s\u00fcrecek&#8221; ifadelerini kulland\u0131.<\/p>\n<p>Toroslar Belediye Ba\u015fkan\u0131 Abdurrahman Y\u0131ld\u0131z&#8217;\u0131n yurtta\u015flar aras\u0131nda temizlik konusunda fark\u0131ndal\u0131k yaratmak amac\u0131yla ba\u015flatt\u0131\u011f\u0131 &#8220;Mahallede Temizlik Var&#8221; kampanyas\u0131 bu hafta Mevlana Mahallesinde devam etti.<\/p>\n<p>Mahalle sakinleriyle birlikte cadde ve sokaklar\u0131 gezip temizlik \u00e7al\u0131\u015fmalar\u0131na kat\u0131lan Ba\u015fkan Abdurrahman Y\u0131ld\u0131z, mahallede s\u00fcp\u00fcrme, y\u0131kama, budama, ila\u00e7lama, at\u0131k at\u0131lan arazileri temizleme \u00e7al\u0131\u015fmas\u0131 yapan ekiplerin \u00e7al\u0131\u015fmalar\u0131n\u0131 da yerinde inceledi.<\/p>\n<p>&#8220;S\u00d6Z\u00dcM\u00dcZ\u00dcN ARKASINDAYIZ&#8221;<\/p>\n<p>Ba\u015fkan Y\u0131ld\u0131z, etkinlik sonunda yapt\u0131\u011f\u0131 a\u00e7\u0131klamada, di\u011fer t\u00fcm mahallelerde oldu\u011fu gibi Mevlana Mahallesinde de temizlik konusunda fark\u0131ndal\u0131k yaratmak istediklerini s\u00f6yledi.<\/p>\n<p>Toroslar&#8217;da temizlik hizmetlerinin uzun y\u0131llar ihmal edildi\u011fini, 1 Nisan 2024&#8217;ten itibaren bu alandaki eksikleri giderek \u00e7al\u0131\u015fmalara imza att\u0131klar\u0131n\u0131 ifade eden Ba\u015fkan Y\u0131ld\u0131z, &#8220;\u0130\u00e7inde bulundu\u011fumuz d\u00f6nemin b\u00fct\u00e7esini bizden \u00f6nceki arkada\u015flar\u0131m\u0131z haz\u0131rlam\u0131\u015ft\u0131 ve onlar\u0131n \u00f6ncelikleri farkl\u0131yd\u0131. 2025 y\u0131l\u0131 b\u00fct\u00e7esini biz yapt\u0131k; bizim \u00f6nceliklerimizle haz\u0131rlad\u0131k. Bizim \u00f6nceliklerimiz, Toroslar&#8217;\u0131n her bir kuru\u015funun, her bir delikli kuru\u015funun, her bir mal\u0131n\u0131n, m\u00fclk\u00fcn\u00fcn, aletinin, edevat\u0131n\u0131n, 350 bin Toroslar halk\u0131n\u0131n hizmetine girece\u011fi \u015fekilde bir b\u00fct\u00e7e haz\u0131rlamakt\u0131. 2025 y\u0131l\u0131 b\u00fct\u00e7emizde, b\u00fct\u00e7emizin y\u00fczde 75&#8217;ine yak\u0131n bir k\u0131sm\u0131n\u0131 temel belediyecilik hizmetlerinin \u00e7\u00f6z\u00fclmesi i\u00e7in ay\u0131rd\u0131k. Temizlik i\u015flerinin b\u00fct\u00e7esini bu \u00e7er\u00e7evede \u00e7ok y\u00fcksek tuttuk. Fen i\u015flerinin b\u00fct\u00e7esini de y\u00fcksek tuttuk. Park ve Bah\u00e7eler M\u00fcd\u00fcrl\u00fc\u011f\u00fc&#8217;n\u00fcn b\u00fct\u00e7esini de \u00e7ok y\u00fcksek tuttuk. \u00c7\u00fcnk\u00fc bu hizmetler, bug\u00fcne kadar Toroslar&#8217;da ciddi anlamda ihmal edilmi\u015fti. Biz geldi\u011fimiz g\u00fcnden bu yana, bu hizmetlerimizi, bu sorunlar\u0131m\u0131z\u0131 2025 y\u0131l\u0131 i\u00e7erisinde \u00f6nemli oranda \u00e7\u00f6zece\u011fimize dair s\u00f6z vermi\u015ftik. S\u00f6z\u00fcm\u00fcz\u00fcn arkas\u0131nday\u0131z. Olu\u015fturdu\u011fumuz 2025 y\u0131l\u0131 b\u00fct\u00e7esiyle, Toroslar\u0131m\u0131zdaki problemli kald\u0131r\u0131mlar, problemli yollar, problemli parklar ve bah\u00e7elerle ilgili en acilinden ba\u015flayarak sorunlar\u0131m\u0131z\u0131 \u00e7\u00f6zece\u011fiz. 2025 y\u0131l\u0131 b\u00fct\u00e7emiz bunu yapmaya muktedir. Biz bu iradeye sahibiz. Yani halk\u0131n b\u00fct\u00e7esinin halk i\u00e7in harcanmas\u0131 konusundaki irademiz net, a\u00e7\u0131k ve s\u00f6z\u00fcm\u00fcz\u00fcn arkas\u0131nday\u0131z&#8221; dedi.<\/p>\n<p>&#8220;MOLOZ VE BUDAMA ATIKLARI \u0130\u00c7\u0130N \u00c7A\u011eRI MERKEZ\u0130M\u0130Z\u0130 ARAYIN&#8221;<\/p>\n<p>Mahallede Temizlik Var kampanyas\u0131n\u0131 haftalard\u0131r s\u00fcrd\u00fcrd\u00fcklerini belirten Ba\u015fkan Y\u0131ld\u0131z, &#8220;Toroslar\u0131m\u0131z\u0131n her bir k\u00f6\u015fesi tertemiz oluncaya kadar bu kampanyalar\u0131m\u0131z\u0131 s\u00fcrd\u00fcrece\u011fiz. Halk\u0131m\u0131z\u0131n da bu \u00e7er\u00e7evede hassasiyetini daha fazla art\u0131rarak, \u00e7\u00f6plerini konteynerlere atmalar\u0131, sokaklar\u0131n\u0131, caddelerini, ya\u015fam alanlar\u0131n\u0131 temiz tutmalar\u0131, budad\u0131klar\u0131 a\u011fa\u00e7lar\u0131, kestikleri veya \u00e7\u0131kard\u0131klar\u0131 molozlar\u0131 mutlaka belediyemize bildirmelerini ve belli bir bilgi dahilinde bu i\u015fleri yapmalar\u0131 gerekti\u011fini bir kez daha alt\u0131n\u0131 \u00e7izerek rica ediyorum&#8221; dedi.<\/p>\n<p>Ba\u015fkan Y\u0131ld\u0131z, a\u011fa\u00e7 budama at\u0131\u011f\u0131 ya da moloz at\u0131\u011f\u0131 olan yurtta\u015flar\u0131n 444 41 33 \u00e7a\u011fr\u0131 merkezini aramas\u0131n\u0131 istedi.<\/p>\n<p>&#8220;TOROSLAR TERTEM\u0130Z OLANA KADAR KAMPANYAMIZ DEVAM EDECEK&#8221;<\/p>\n<p>Y\u0131ld\u0131z, &#8220;A\u011fa\u00e7 budamaya karar verdi\u011finizde, molozunuzu kap\u0131n\u0131z\u0131n \u00f6n\u00fcne koydu\u011funuz andan itibaren \u00e7a\u011fr\u0131 merkezimizi ararsan\u0131z belediyemiz gelip alacakt\u0131r. Dallar\u0131n\u0131z kesildi\u011fi andan itibaren gelip alacakt\u0131r. E\u011fer haberimiz olmadan, belediyeye bilgi verilmeden bu i\u015flemleri yaparsak, g\u00fcnlerce kap\u0131m\u0131z\u0131n \u00f6n\u00fcnde molozlar kalabiliyor. Dallar da kalabiliyor. Bu da, hem \u00e7evresel bir kirlili\u011fe sebep oluyor hem de kurtlanmaya ve sineklenmeye yol a\u00e7abiliyor. Mutlaka \u00e7\u00f6plerimiz konteynerlerimize atarken po\u015fetleyerek atmam\u0131z gerekti\u011fini bir kez daha vurgulamak istiyorum. \u00c7\u00fcnk\u00fc hakikaten, \u00f6zellikle yaz aylar\u0131nda bizi \u00e7ok rahats\u0131z eden sineklerin \u00f6nemli bir k\u0131sm\u0131n\u0131n buradan olu\u015ftu\u011funun fark\u0131nday\u0131z. Ezc\u00fcmle, Toroslar p\u0131r\u0131l p\u0131r\u0131l oluncaya kadar, 350 bin Torosluyla birlikte omuz omuza Toroslar&#8217;\u0131 tertemiz yapma konusunda s\u00f6z verdik. S\u00f6z\u00fcm\u00fcz\u00fcn arkas\u0131nday\u0131z&#8221; ifadelerini kulland\u0131.<\/p>\n<p>MAHALLE MUHTARINDAN TE\u015eEKK\u00dcR<\/p>\n<p>Mevlana Mahallesi Muhtar\u0131 Murat Y\u0131ld\u0131rak da mahallesinde y\u00fcr\u00fct\u00fclen temizlik kampanyas\u0131 i\u00e7in Ba\u015fkan Y\u0131ld\u0131z&#8217;a ve eme\u011fi ge\u00e7en herkese te\u015fekk\u00fcr ederek, &#8220;\u0130yi temizlik do\u011fru at\u0131k \u00fcretmekten ba\u015flar. Bug\u00fcn, Toroslar Belediye Ba\u015fkan\u0131m\u0131z Say\u0131n Abdurrahman Y\u0131ld\u0131z, ba\u015fkan yard\u0131mc\u0131lar\u0131, meclis \u00fcyelerimiz, belediye personelimiz, k\u0131ymetli muhtarlar\u0131m\u0131z ve de\u011ferli mahalle sakinlerimizle birlikte, &#8220;Mahallemizde Temizlik Var&#8221; kampanyas\u0131n\u0131 Mevlana Mahallemizde ger\u00e7ekle\u015ftirdik. T\u00fcm ekip arkada\u015flar\u0131m\u0131zla birlikte soka\u011f\u0131m\u0131z\u0131 daha g\u00fczel, ya\u015fanabilir, \u00f6rnek sokaklar haline getirmek i\u00e7in hep beraber ad\u0131m at\u0131yoruz. Bu kampanyaya t\u00fcm mahalle sakinlerimizi davet ediyorum. Ba\u015fkan\u0131m\u0131n huzurunda temizlik i\u00e7in hepinizi davet ediyorum. Ya Allah, bismillah diyerek, ba\u015fkan\u0131ma ve ekibine mahallem ad\u0131na, \u015fahs\u0131m ad\u0131na te\u015fekk\u00fcr ediyorum&#8221; dedi.<\/p>\n","protected":false},"excerpt":{"rendered":"<p>Toroslar Belediye Ba\u015fkan\u0131 Abdurrahman Y\u0131ld\u0131z, \u00f6nceliklerinin temizlik hizmetleri oldu\u011funu belirterek &#8220;2025 b\u00fct\u00e7emizi de bu \u00f6nceliklere g\u00f6re yapt\u0131k. Halk\u0131n b\u00fct\u00e7esini halk i\u00e7in kullanaca\u011f\u0131m\u0131za s\u00f6z verdik. Bu s\u00f6z\u00fcm\u00fcz\u00fcn arkas\u0131nday\u0131z&#8221; dedi. Mahallede Temizlik &hellip; <a href=\"https:\/\/akdenizolaygazetesi.com\/?p=32881\" class=\"more-link\">Devam\u0131n\u0131 Oku&#8230;<\/a><\/p>\n","protected":false},"author":2,"featured_media":32882,"comment_status":"open","ping_status":"open","sticky":false,"template":"","format":"standard","meta":[],"categories":[1,2,3],"tags":[],"_links":{"self":[{"href":"https:\/\/akdenizolaygazetesi.com\/index.php?rest_route=\/wp\/v2\/posts\/32881"}],"collection":[{"href":"https:\/\/akdenizolaygazetesi.com\/index.php?rest_route=\/wp\/v2\/posts"}],"about":[{"href":"https:\/\/akdenizolaygazetesi.com\/index.php?rest_route=\/wp\/v2\/types\/post"}],"author":[{"embeddable":true,"href":"https:\/\/akdenizolaygazetesi.com\/index.php?rest_route=\/wp\/v2\/users\/2"}],"replies":[{"embeddable":true,"href":"https:\/\/akdenizolaygazetesi.com\/index.php?rest_route=%2Fwp%2Fv2%2Fcomments&post=32881"}],"version-history":[{"count":1,"href":"https:\/\/akdenizolaygazetesi.com\/index.php?rest_route=\/wp\/v2\/posts\/32881\/revisions"}],"predecessor-version":[{"id":32883,"href":"https:\/\/akdenizolaygazetesi.com\/index.php?rest_route=\/wp\/v2\/posts\/32881\/revisions\/32883"}],"wp:featuredmedia":[{"embeddable":true,"href":"https:\/\/akdenizolaygazetesi.com\/index.php?rest_route=\/wp\/v2\/media\/32882"}],"wp:attachment":[{"href":"https:\/\/akdenizolaygazetesi.com\/index.php?rest_route=%2Fwp%2Fv2%2Fmedia&parent=32881"}],"wp:term":[{"taxonomy":"category","embeddable":true,"href":"https:\/\/akdenizolaygazetesi.com\/index.php?rest_route=%2Fwp%2Fv2%2Fcategories&post=32881"},{"taxonomy":"post_tag","embeddable":true,"href":"https:\/\/akdenizolaygazetesi.com\/index.php?rest_route=%2Fwp%2Fv2%2Ftags&post=32881"}],"curies":[{"name":"wp","href":"https:\/\/api.w.org\/{rel}","templated":true}]}}