{"id":32887,"date":"2024-11-15T15:17:33","date_gmt":"2024-11-15T12:17:33","guid":{"rendered":"http:\/\/akdenizolaygazetesi.com\/?p=32887"},"modified":"2024-11-15T15:17:33","modified_gmt":"2024-11-15T12:17:33","slug":"buyuksehir-kirsal-mahalle-bulusmalari-bu-kez-turunclu-mahallesinde-gerceklesti","status":"publish","type":"post","link":"https:\/\/akdenizolaygazetesi.com\/?p=32887","title":{"rendered":"B\u00dcY\u00dcK\u015eEH\u0130R KIRSAL MAHALLE BULU\u015eMALARI BU KEZ TURUN\u00c7LU MAHALLES\u0130\u2019NDE GER\u00c7EKLE\u015eT\u0130"},"content":{"rendered":"<p>Mersin B\u00fcy\u00fck\u015fehir Belediyesi Kad\u0131n ve Aile Hizmetleri Dairesi Ba\u015fkanl\u0131\u011f\u0131&#8217;n\u0131n \u00f6nc\u00fcl\u00fc\u011f\u00fcnde d\u00fczenlenen K\u0131rsal Mahalle Bulu\u015fmalar\u0131&#8217;n\u0131n yeni noktas\u0131, Yeni\u015fehir il\u00e7esine ba\u011fl\u0131 Turun\u00e7lu Mahallesi oldu. Mersin merkez il\u00e7eler ile Tarsus&#8217;tan vatanda\u015flar\u0131n kat\u0131l\u0131m sa\u011flad\u0131\u011f\u0131 programda, b\u00f6lgedeki \u00fcretici kad\u0131nlar kendi yeti\u015ftirdikleri ve el eme\u011fi \u00fcr\u00fcnlerinin sat\u0131\u015f\u0131n\u0131 yapt\u0131. Hem \u00fcreticiler hem de kat\u0131l\u0131mc\u0131lar\u0131n bir araya gelerek sosyalle\u015fti\u011fi bulu\u015fmalar, kentin farkl\u0131 noktalar\u0131nda devam edecek.<\/p>\n<p>Mersin B\u00fcy\u00fck\u015fehir Belediyesi&#8217;nin K\u0131rsal Mahalle Bulu\u015fmalar\u0131, yeni bulu\u015fma noktalar\u0131yla devam ediyor. Merkez ile k\u0131rsal\u0131 bir araya getiren etkinliklerde hem \u00fcretici kad\u0131nlar hem de kat\u0131l\u0131mc\u0131lar keyifli bir g\u00fcn ge\u00e7iyor. K\u0131rsal Mahalle Bulu\u015fmalar\u0131&#8217;n\u0131n yeni noktas\u0131, Yeni\u015fehir il\u00e7esine ba\u011fl\u0131 Turun\u00e7lu Mahallesi oldu.<\/p>\n<p>Mersinliler k\u0131rsal mahalle bulu\u015fmalar\u0131n\u0131 \u00e7ok seviyor<\/p>\n<p>B\u00fcy\u00fck\u015fehir Belediyesi Kad\u0131n ve Aile Hizmetleri Dairesi Ba\u015fkanl\u0131\u011f\u0131 koordinesinde d\u00fczenli olarak ger\u00e7ekle\u015ftirilen K\u0131rsal Mahalle Bulu\u015fmalar\u0131&#8217;nda, merkezdeki vatanda\u015flarla k\u0131rsal mahallelerde ya\u015fayan vatanda\u015flar bir araya geliyor. Merkezden gelen misafirler, \u00fcretici kad\u0131nlar\u0131n b\u00f6lgeye has \u00fcretti\u011fi \u00fcr\u00fcnlerden sat\u0131n alarak hem katk\u0131da bulunuyor hem sosyalle\u015fiyor hem de kentin farkl\u0131 mahallelerini tan\u0131m\u0131\u015f oluyor. Mersin merkezdeki mahalleler ile Tarsus&#8217;tan kad\u0131nlar\u0131n da kat\u0131ld\u0131\u011f\u0131 programda; Turun\u00e7lu Mahallesi&#8217;ndeki \u00fcretici kad\u0131nlar, B\u00fcy\u00fck\u015fehir&#8217;in kurdu\u011fu stantlarda b\u00f6lgeye \u00f6zg\u00fc nar, nar ek\u015fisi, sirke, zeytin, zeytinya\u011f\u0131 ve baharat gibi \u00fcr\u00fcnlerin sat\u0131\u015f\u0131n\u0131 yapt\u0131. Vatanda\u015flar al\u0131\u015fveri\u015flerinin ard\u0131ndan, t\u00fcrk\u00fcler e\u015fli\u011finde halay \u00e7ekti. Ekipler ayr\u0131ca \u00e7ocuklar i\u00e7in de boyama etkinlikleri ger\u00e7ekle\u015ftirerek, pamuk \u015fekeri ikram etti.  <\/p>\n<p>Muhtar \u00c7elik: &#8220;\u00dcretici kad\u0131nlar a\u00e7\u0131s\u0131ndan \u00e7ok g\u00fczel bir program&#8221;<\/p>\n<p>Bah\u00e7elievler Mahalle Muhtar\u0131 G\u00fclcan \u00c7elik, K\u0131rsal Mahalle Bulu\u015fmalar\u0131&#8217;n\u0131 de\u011ferlendirerek, &#8220;Kad\u0131nlar a\u00e7\u0131s\u0131ndan \u00e7ok g\u00fczel bir program yap\u0131l\u0131yor. Biz de genelde mahalle sakini olarak hepsine kat\u0131lmaya \u00e7al\u0131\u015f\u0131yoruz. K\u00f6yl\u00fcye de destek olunuyor. Bu y\u00fczden \u00e7ok \u00f6nemli bir proje. Bu projeye devam edilmesi de \u00e7ok \u00f6nemli&#8221; dedi.<\/p>\n<p>Kendi mahalle sakinlerinin de etkinlikleri merakla bekledi\u011fini s\u00f6yleyen Muhtar \u00c7elik, &#8220;Beni aray\u0131p, &#8216;muhtar\u0131m k\u00f6yde etkinlik var m\u0131, gidelim de k\u00f6y \u00fcr\u00fcnleri alal\u0131m&#8217; diyen \u00e7ok insan var.<\/p>\n<p>Bu insanlar ne kadar \u015fehre gelip, orada belirli yerlerde stant a\u00e7salar da, buraya gelip yerinde almalar\u0131 daha \u00f6nemli&#8221; diye konu\u015ftu.<\/p>\n<p>Kad\u0131nlar hem sosyalle\u015fme hem de gelir elde etme f\u0131rsat\u0131 yakal\u0131yor<\/p>\n<p>Sat\u0131\u015fa sundu\u011fu \u00fcr\u00fcnleri tan\u0131tan Salise S\u00f6yler, &#8220;Bu etkinlik \u00e7ok g\u00fczel. Nar ek\u015fisi var, nar ve narenciye var. Merkezden kad\u0131nlar geldi. Biz de onlara \u00fcr\u00fcnlerimizi sat\u0131yoruz. G\u00fczel, e\u011flenceli ge\u00e7iyor. Ba\u015fkan\u0131m\u0131z Vahap Se\u00e7er bize \u00e7ok destek oluyor. \u00dcr\u00fcnleri gelen misafirlere sat\u0131yoruz. Ailemize katk\u0131s\u0131 oluyor&#8221; ifadelerini kulland\u0131.<\/p>\n<p>Meryem Demir, etkinli\u011fi \u00e7ok be\u011fendi\u011fini ifade ederek, &#8220;Yeti\u015ftirdi\u011fimiz narlar\u0131, limonlar\u0131 getirdik, \u00fcr\u00fcnlerimizi sat\u0131yoruz. Kekik suyumuz, nar ek\u015fimiz, sal\u00e7am\u0131z var. Onlar\u0131 sat\u0131yoruz. B\u00f6yle sosyalle\u015fmek, birbirimizle kayna\u015fmak da \u00e7ok g\u00fczel. B\u00fcy\u00fck\u015fehir Belediyesi&#8217;ne te\u015fekk\u00fcr ederiz&#8221; dedi.<\/p>\n<p>\u00dcreticilerden Hatice O\u011fuz, &#8220;\u00dcr\u00fcnlerimizi tan\u0131t\u0131yoruz. Nar ek\u015fimiz, zeytinya\u011f\u0131m\u0131z, baharatlar\u0131m\u0131z hepsi kendi el eme\u011fimiz. Hepsi do\u011fal \u00fcr\u00fcnler. Hem e\u011fleniyoruz hem de sat\u0131\u015f\u0131m\u0131z\u0131 yap\u0131yoruz. Vahap Ba\u015fkan\u0131m\u0131z her zaman k\u00f6yl\u00fcn\u00fcn yan\u0131nda, her zaman destek \u00e7\u0131k\u0131yor&#8221; dedi.<\/p>\n<p>Merkezden kat\u0131l\u0131m sa\u011flayan vatanda\u015flardan Nihal \u015eahino\u011flu, K\u0131rsal Mahalle Bulu\u015fmalar\u0131&#8217;na s\u00fcrekli kat\u0131lmaya \u00e7al\u0131\u015ft\u0131\u011f\u0131n\u0131 ve gitti\u011fi her yerde b\u00f6lgeye \u00f6zg\u00fc \u00fcr\u00fcnleri ald\u0131\u011f\u0131n\u0131 anlatarak, &#8220;Vahap Ba\u015fkan\u0131m\u0131za te\u015fekk\u00fcr ediyoruz. Her zaman kat\u0131l\u0131yorum, \u00e7ok g\u00fczel ge\u00e7iyor. Biz kad\u0131nlar i\u00e7in \u00e7ok iyi bir etkinlik&#8221; diye konu\u015ftu.<\/p>\n<p>K\u0131rsal Mahalle Bulu\u015fmalar\u0131&#8217;na Tarsus&#8217;tan kat\u0131lan Zekiye Yolb\u00fcken, &#8220;Bu etkinliklerin amac\u0131 \u00e7ok g\u00fczel. Bilhassa evde oturan kad\u0131nlar i\u00e7in&#8230; Kad\u0131nlar kendilerini eve kapatm\u0131\u015flar, d\u0131\u015far\u0131 \u00e7\u0131kam\u0131yorlard\u0131. Bu etkinlik onlara ila\u00e7 gibi geliyor. S\u00fcrekli gelmek istiyorlar. Biz de \u00e7ok memnunuz. Her etkinli\u011fe kat\u0131l\u0131yor ve her gitti\u011fimiz k\u00f6yde al\u0131\u015fveri\u015f yap\u0131yoruz&#8221; ifadelerine yer verdi.<\/p>\n<p>Mukaddes Demir ise k\u0131rsal mahallelerde kad\u0131nlarla bir araya gelerek, hep birlikte g\u00fczel bir g\u00fcn ge\u00e7irdiklerini ifade ederek, &#8220;Her gitti\u011fimiz yerde al\u0131\u015fveri\u015f yap\u0131yoruz. \u00dcr\u00fcnler \u00e7ok g\u00fczel,  tavsiye ederiz. Ba\u015fkan\u0131m\u0131z da hem \u00fcreticilere hem bizlere \u00e7ok \u00f6zen g\u00f6steriyor&#8221;  dedi.<\/p>\n","protected":false},"excerpt":{"rendered":"<p>Mersin B\u00fcy\u00fck\u015fehir Belediyesi Kad\u0131n ve Aile Hizmetleri Dairesi Ba\u015fkanl\u0131\u011f\u0131&#8217;n\u0131n \u00f6nc\u00fcl\u00fc\u011f\u00fcnde d\u00fczenlenen K\u0131rsal Mahalle Bulu\u015fmalar\u0131&#8217;n\u0131n yeni noktas\u0131, Yeni\u015fehir il\u00e7esine ba\u011fl\u0131 Turun\u00e7lu Mahallesi oldu. Mersin merkez il\u00e7eler ile Tarsus&#8217;tan vatanda\u015flar\u0131n kat\u0131l\u0131m sa\u011flad\u0131\u011f\u0131 &hellip; <a href=\"https:\/\/akdenizolaygazetesi.com\/?p=32887\" class=\"more-link\">Devam\u0131n\u0131 Oku&#8230;<\/a><\/p>\n","protected":false},"author":2,"featured_media":32885,"comment_status":"open","ping_status":"open","sticky":false,"template":"","format":"standard","meta":[],"categories":[1,2,3],"tags":[],"_links":{"self":[{"href":"https:\/\/akdenizolaygazetesi.com\/index.php?rest_route=\/wp\/v2\/posts\/32887"}],"collection":[{"href":"https:\/\/akdenizolaygazetesi.com\/index.php?rest_route=\/wp\/v2\/posts"}],"about":[{"href":"https:\/\/akdenizolaygazetesi.com\/index.php?rest_route=\/wp\/v2\/types\/post"}],"author":[{"embeddable":true,"href":"https:\/\/akdenizolaygazetesi.com\/index.php?rest_route=\/wp\/v2\/users\/2"}],"replies":[{"embeddable":true,"href":"https:\/\/akdenizolaygazetesi.com\/index.php?rest_route=%2Fwp%2Fv2%2Fcomments&post=32887"}],"version-history":[{"count":1,"href":"https:\/\/akdenizolaygazetesi.com\/index.php?rest_route=\/wp\/v2\/posts\/32887\/revisions"}],"predecessor-version":[{"id":32888,"href":"https:\/\/akdenizolaygazetesi.com\/index.php?rest_route=\/wp\/v2\/posts\/32887\/revisions\/32888"}],"wp:featuredmedia":[{"embeddable":true,"href":"https:\/\/akdenizolaygazetesi.com\/index.php?rest_route=\/wp\/v2\/media\/32885"}],"wp:attachment":[{"href":"https:\/\/akdenizolaygazetesi.com\/index.php?rest_route=%2Fwp%2Fv2%2Fmedia&parent=32887"}],"wp:term":[{"taxonomy":"category","embeddable":true,"href":"https:\/\/akdenizolaygazetesi.com\/index.php?rest_route=%2Fwp%2Fv2%2Fcategories&post=32887"},{"taxonomy":"post_tag","embeddable":true,"href":"https:\/\/akdenizolaygazetesi.com\/index.php?rest_route=%2Fwp%2Fv2%2Ftags&post=32887"}],"curies":[{"name":"wp","href":"https:\/\/api.w.org\/{rel}","templated":true}]}}