{"id":32889,"date":"2024-11-15T15:21:21","date_gmt":"2024-11-15T12:21:21","guid":{"rendered":"http:\/\/akdenizolaygazetesi.com\/?p=32889"},"modified":"2024-11-15T15:21:21","modified_gmt":"2024-11-15T12:21:21","slug":"tarsus-festivalinin-yarattigi-sinerji-esnafa-olumlu-yansidi","status":"publish","type":"post","link":"https:\/\/akdenizolaygazetesi.com\/?p=32889","title":{"rendered":"TARSUS FEST\u0130VAL\u0130\u2019N\u0130N YARATTI\u011eI S\u0130NERJ\u0130 ESNAFA OLUMLU YANSIDI"},"content":{"rendered":"<p>Mersin B\u00fcy\u00fck\u015fehir Belediyesi K\u00fclt\u00fcr ve Sosyal \u0130\u015fler Dairesi Ba\u015fkanl\u0131\u011f\u0131&#8217;n\u0131n koordinesinde bu y\u0131l &#8216;Tarihin \u0130zinde, Efsaneler \u0130\u00e7inde&#8217; slogan\u0131yla 1-2-3 Kas\u0131m tarihlerinde ger\u00e7ekle\u015ftirilen &#8216;3. Uluslararas\u0131 Tarsus Festivali&#8217;nin yaratt\u0131\u011f\u0131 sinerji, esnaf\u0131n ve vatanda\u015flar\u0131n b\u00fcy\u00fck be\u011fenisini kazand\u0131. Konserlerden sergilere, belgesel g\u00f6sterimlerinden s\u00f6yle\u015filere, dans g\u00f6sterilerinden \u00e7ocuklara y\u00f6nelik de\u011fi\u015fik aktiviteleri bar\u0131nd\u0131ran festivalin B\u00fcy\u00fck\u015fehir Belediyesi taraf\u0131ndan Tarsus&#8217;a kazand\u0131r\u0131lm\u0131\u015f olmas\u0131, vatanda\u015flar taraf\u0131ndan memnuniyetle kar\u015f\u0131lan\u0131yor.<\/p>\n<p>Kentin d\u00f6rt bir noktas\u0131nda ger\u00e7ekle\u015fen programlarla on binlerce ki\u015finin kat\u0131ld\u0131\u011f\u0131 &#8216;3. Uluslararas\u0131 Tarsus Festivali&#8217;, kent ekonomisinin kalk\u0131nmas\u0131na ve s\u0131k\u0131nt\u0131l\u0131 s\u00fcre\u00e7 ya\u015fayan esnaf\u0131n da ciddi i\u015f potansiyeli yakalamas\u0131n\u0131 sa\u011flad\u0131. Tarsus&#8217;un y\u00f6resel lezzetlerinin \u00f6n plana \u00e7\u0131kmas\u0131n\u0131n yan\u0131 s\u0131ra, tarihi ve k\u00fclt\u00fcrel de\u011ferlere dokunu\u015flar\u0131n yap\u0131lmas\u0131na imkan veren festival, sanatsal faaliyetlerin de her sene daha da artmas\u0131na olanak sa\u011fl\u0131yor. \u0130lk 2 y\u0131la oranla bu y\u0131l festival co\u015fkusunda art\u0131\u015f ya\u015fand\u0131\u011f\u0131na vurgu yapan Tarsuslular, \u00f6n\u00fcm\u00fczdeki y\u0131l co\u015fkunun ve kat\u0131l\u0131m\u0131n daha yo\u011fun olaca\u011f\u0131na kesin g\u00f6zle bak\u0131yorlar.<\/p>\n<p>G\u00fcl: &#8220;Festival sayesinde Tarsus, uyudu\u011fu uykudan uyand\u0131&#8221;<\/p>\n<p>Tarsus&#8217;un vazge\u00e7ilmez lezzetlerinden olan f\u0131nd\u0131k lahmacun ustas\u0131 Murat G\u00fcl, festivalin kente \u00e7ok \u015fey katt\u0131\u011f\u0131n\u0131 belirterek, &#8220;Tarsus y\u0131llard\u0131r bir uykudayd\u0131. Sa\u011f olsun Ba\u015fkan\u0131m\u0131z Vahap Se\u00e7er sayesinde, bu uykudan uyand\u0131. \u015eimdi t\u00fcm T\u00fcrkiye Tarsus&#8217;u konu\u015fuyor. Bu festivaller sayesinde her sene kendimizi geli\u015ftiriyoruz&#8221; dedi.<\/p>\n<p>Evcimen: &#8220;Esnaf\u0131m\u0131z da faydaland\u0131 ve festival s\u00fcresince g\u00fczel i\u015f yapt\u0131&#8221;<\/p>\n<p>Tarsus&#8217;un en eski humus ustalar\u0131 aras\u0131nda yer alan ve 64 y\u0131ld\u0131r bu mesle\u011fi icra eden Salim Evcimen, festivalin kentin tan\u0131t\u0131m\u0131na b\u00fcy\u00fck katk\u0131 sa\u011flad\u0131\u011f\u0131n\u0131 belirterek, &#8220;Ge\u00e7 kal\u0131nm\u0131\u015f bir olay asl\u0131nda. Yap\u0131ld\u0131\u011f\u0131 da \u00e7ok iyi oldu. Tarsus&#8217;un tan\u0131t\u0131m\u0131 bak\u0131m\u0131ndan \u00f6nemli. Esnaf\u0131m\u0131z da faydaland\u0131 ve festivalde g\u00fczel i\u015f yapt\u0131&#8221; \u015feklinde konu\u015ftu.<\/p>\n<p>Karaba\u015f: &#8220;Co\u011frafi a\u00e7\u0131dan gezilecek \u00e7ok yerlerimiz var&#8221;<\/p>\n<p>Y\u00f6reye has Tarsus Kebab\u0131 ustalar\u0131ndan Musa Karaba\u015f, bu y\u0131lki festivalin daha da co\u015fkulu ge\u00e7ti\u011fini kaydederek, &#8220;Festival, ekonomi anlam\u0131nda da Tarsus&#8217;a \u00e7ok g\u00fczel bir katk\u0131 sundu. Bunda en b\u00fcy\u00fck pay Ba\u015fkan\u0131m\u0131z Vahap Se\u00e7er&#8217;e ait. Co\u011frafi a\u00e7\u0131dan gezilecek \u00e7ok yerlerimiz var. Gelen insanlar bunun i\u00e7in de geliyor. Gelmi\u015fken, gastronomi ile ikisi birle\u015fince \u00e7ok g\u00fczel bir manzara \u00e7\u0131k\u0131yor ortaya. Tarsus esnaf\u0131n\u0131n geneli \u00e7ok memnun&#8221; ifadelerini kulland\u0131.<\/p>\n<p>Demir: &#8220;Portakal \u00c7i\u00e7e\u011fi Festivali&#8217;nden fark\u0131 yoktu&#8221;<\/p>\n<p>Tarihi K\u0131rkka\u015f\u0131k Bedesteni esnaflar\u0131ndan Serpil Demir; bu y\u0131lki festivalin, ilk 2 seneye g\u00f6re daha g\u00fczel ge\u00e7ti\u011fini s\u00f6yleyerek, &#8220;D\u00fczenlenen etkinlikler sayesinde her yer doluydu. Portakal \u00c7i\u00e7e\u011fi Festivali&#8217;nden fark\u0131 yoktu. 4. festivalin \u00e7ok daha kalabal\u0131k olaca\u011f\u0131n\u0131 tahmin ediyorum. \u00c7ok g\u00fczel reklam ve tan\u0131t\u0131m yap\u0131ld\u0131&#8221; diye konu\u015ftu. <\/p>\n<p>Kaya: &#8220;Festivalin ilerleyen zamanlarda \u00e7ok daha b\u00fcy\u00fcyece\u011fini d\u00fc\u015f\u00fcn\u00fcyorum&#8221;<\/p>\n<p>Tarsus&#8217;un do\u011fas\u0131yla, tarihiyle ve k\u00fclt\u00fcr\u00fcyle \u00e7ok kadim bir \u015fehir oldu\u011funu vurgulayan \u00c7etin Kaya, &#8220;Tarsus&#8217;ta yerle\u015fmi\u015f bir k\u00fclt\u00fcr var. Dolay\u0131s\u0131yla festivali ba\u015far\u0131l\u0131 buluyor ve ilerleyen zamanlarda \u00e7ok daha b\u00fcy\u00fcyece\u011fini d\u00fc\u015f\u00fcn\u00fcyorum. \u00c7\u00fcnk\u00fc Tarsus&#8217;ta bu potansiyel var&#8221; dedi.<\/p>\n<p>Y\u0131lmaz: &#8220;Tarsus, gastronomi alan\u0131nda \u00e7ok g\u00fczel lezzetlere sahip&#8221;<\/p>\n<p>Festivalin sadece Tarsus&#8217;un de\u011fil, \u00c7ukurova B\u00f6lgesi&#8217;nin tan\u0131t\u0131m\u0131na da katk\u0131s\u0131 oldu\u011funu belirten esnaflardan \u0130nci Y\u0131lmaz, &#8220;Tarsus kozmopolit bir yap\u0131ya sahip. Gastronomi alan\u0131nda da \u00e7ok g\u00fczel lezzetlere sahip. \u00c7ok fazla bilinmiyor, ama bu tarz festivaller tan\u0131t\u0131mda etkili oluyor. \u0130nsanlar\u0131n birbiriyle etkile\u015fimi, kayna\u015fmas\u0131 ve buralar\u0131 tan\u0131mas\u0131 i\u00e7in de \u00e7ok verimli oldu\u011funu d\u00fc\u015f\u00fcn\u00fcyorum. Festival art\u0131k k\u00f6kle\u015fiyor ve her ge\u00e7en y\u0131l daha da iyi olacak gibi g\u00f6r\u00fcn\u00fcyor&#8221; yorumunu yapt\u0131.<\/p>\n<p>K\u00fcn: &#8220;Festival co\u015fkusundan en \u00e7ok \u00e7ocuklar faydaland\u0131&#8221;<\/p>\n<p>Tarsus&#8217;un d\u00f6rt bir noktas\u0131nda ya\u015fanan festival co\u015fkusundan en \u00e7ok \u00e7ocuklar\u0131n faydaland\u0131\u011f\u0131na dikkati \u00e7eken \u015eaban K\u00fcn ise, &#8220;Toplumumuzun buna ihtiyac\u0131 vard\u0131. Herkes de\u015farj oldu ve \u00e7ocuklar i\u00e7in yap\u0131lan etkinlikler kayda de\u011fer ve \u00e7ok g\u00fczeldi. \u00c7ocuklar\u0131n o co\u015fkusunu, verilen o hizmeti ben herkesin g\u00f6rmesini ve izlemesini isterdim&#8221; ifadelerini kulland\u0131.<\/p>\n","protected":false},"excerpt":{"rendered":"<p>Mersin B\u00fcy\u00fck\u015fehir Belediyesi K\u00fclt\u00fcr ve Sosyal \u0130\u015fler Dairesi Ba\u015fkanl\u0131\u011f\u0131&#8217;n\u0131n koordinesinde bu y\u0131l &#8216;Tarihin \u0130zinde, Efsaneler \u0130\u00e7inde&#8217; slogan\u0131yla 1-2-3 Kas\u0131m tarihlerinde ger\u00e7ekle\u015ftirilen &#8216;3. Uluslararas\u0131 Tarsus Festivali&#8217;nin yaratt\u0131\u011f\u0131 sinerji, esnaf\u0131n ve vatanda\u015flar\u0131n &hellip; <a href=\"https:\/\/akdenizolaygazetesi.com\/?p=32889\" class=\"more-link\">Devam\u0131n\u0131 Oku&#8230;<\/a><\/p>\n","protected":false},"author":2,"featured_media":32890,"comment_status":"open","ping_status":"open","sticky":false,"template":"","format":"standard","meta":[],"categories":[1,2,3],"tags":[],"_links":{"self":[{"href":"https:\/\/akdenizolaygazetesi.com\/index.php?rest_route=\/wp\/v2\/posts\/32889"}],"collection":[{"href":"https:\/\/akdenizolaygazetesi.com\/index.php?rest_route=\/wp\/v2\/posts"}],"about":[{"href":"https:\/\/akdenizolaygazetesi.com\/index.php?rest_route=\/wp\/v2\/types\/post"}],"author":[{"embeddable":true,"href":"https:\/\/akdenizolaygazetesi.com\/index.php?rest_route=\/wp\/v2\/users\/2"}],"replies":[{"embeddable":true,"href":"https:\/\/akdenizolaygazetesi.com\/index.php?rest_route=%2Fwp%2Fv2%2Fcomments&post=32889"}],"version-history":[{"count":1,"href":"https:\/\/akdenizolaygazetesi.com\/index.php?rest_route=\/wp\/v2\/posts\/32889\/revisions"}],"predecessor-version":[{"id":32891,"href":"https:\/\/akdenizolaygazetesi.com\/index.php?rest_route=\/wp\/v2\/posts\/32889\/revisions\/32891"}],"wp:featuredmedia":[{"embeddable":true,"href":"https:\/\/akdenizolaygazetesi.com\/index.php?rest_route=\/wp\/v2\/media\/32890"}],"wp:attachment":[{"href":"https:\/\/akdenizolaygazetesi.com\/index.php?rest_route=%2Fwp%2Fv2%2Fmedia&parent=32889"}],"wp:term":[{"taxonomy":"category","embeddable":true,"href":"https:\/\/akdenizolaygazetesi.com\/index.php?rest_route=%2Fwp%2Fv2%2Fcategories&post=32889"},{"taxonomy":"post_tag","embeddable":true,"href":"https:\/\/akdenizolaygazetesi.com\/index.php?rest_route=%2Fwp%2Fv2%2Ftags&post=32889"}],"curies":[{"name":"wp","href":"https:\/\/api.w.org\/{rel}","templated":true}]}}