{"id":32899,"date":"2024-11-15T15:25:11","date_gmt":"2024-11-15T12:25:11","guid":{"rendered":"http:\/\/akdenizolaygazetesi.com\/?p=32899"},"modified":"2024-11-15T15:25:11","modified_gmt":"2024-11-15T12:25:11","slug":"bu-genclerin-umutlari-tukeniyor","status":"publish","type":"post","link":"https:\/\/akdenizolaygazetesi.com\/?p=32899","title":{"rendered":"\u201cBu Gen\u00e7lerin Umutlar\u0131 T\u00fckeniyor!\u201d"},"content":{"rendered":"<p>Mersin Milletvekili G\u00fclcan K\u0131\u015f, TBMM&#8217;de yapt\u0131\u011f\u0131 konu\u015fmada atanamayan m\u00fchendis ve mimarlar\u0131n ya\u015fad\u0131\u011f\u0131 sorunlara dikkat \u00e7ekti. G\u00fclcan K\u0131\u015f, binlerce gen\u00e7 m\u00fchendisin ve mimar\u0131n y\u0131llarca e\u011fitim ald\u0131ktan sonra i\u015fsizlikle kar\u015f\u0131 kar\u015f\u0131ya b\u0131rak\u0131ld\u0131\u011f\u0131n\u0131 belirtti. Kamuda yetersiz al\u0131mlar\u0131n, \u00f6zel sekt\u00f6rde ise d\u00fc\u015f\u00fck \u00fccretlerin ve k\u00f6t\u00fc \u00e7al\u0131\u015fma ko\u015fullar\u0131n\u0131n gen\u00e7 meslekta\u015flar\u0131n\u0131n umutlar\u0131n\u0131 t\u00fcketti\u011fini ifade eden G\u00fclcan K\u0131\u015f, bu durumun \u00fclkenin kalk\u0131nmas\u0131n\u0131 da olumsuz etkiledi\u011fini vurgulad\u0131.<\/p>\n<p>Kamu al\u0131mlar\u0131n\u0131n art\u0131r\u0131lmas\u0131 ve \u00f6zel sekt\u00f6rde adil \u00e7al\u0131\u015fma ko\u015fullar\u0131n\u0131n sa\u011flanmas\u0131 gerekti\u011fini belirten G\u00fclcan K\u0131\u015f, \u015funlar\u0131 s\u00f6yledi:<\/p>\n<p>&#8220;Atanamayan m\u00fchendislerimiz, projelerle ve \u00fcretimle g\u00fcndeme gelmelidir, i\u015fsizlikle de\u011fil. Bu gen\u00e7 meslekta\u015flar\u0131m\u0131n bilgi ve yetenekleri heba edilmemeli, hak ettikleri istihdam f\u0131rsatlar\u0131na kavu\u015fturulmal\u0131d\u0131r. Atanamayan m\u00fchendis ve mimarlar\u0131n sesi olmak zorunday\u0131z. AKP iktidar\u0131 bu mesleklere hak etti\u011fi sayg\u0131y\u0131 ve ekonomik deste\u011fi ne zaman verecek?&#8221;<\/p>\n<p>Toplumsal kalk\u0131nman\u0131n teknik personelin eme\u011fini g\u00f6z ard\u0131 ederek m\u00fcmk\u00fcn olmad\u0131\u011f\u0131n\u0131 s\u00f6yleyen G\u00fclcan K\u0131\u015f, h\u00fck\u00fcmete \u00e7a\u011fr\u0131da bulunarak bu ma\u011fduriyetin sona erdirilmesi i\u00e7in acil ad\u0131mlar at\u0131lmas\u0131 gerekti\u011fini belirtti. G\u00fclcan K\u0131\u015f&#8217;\u0131n a\u00e7\u0131klamalar\u0131, atanamayan m\u00fchendis ve mimarlar\u0131n ya\u015fad\u0131\u011f\u0131 sorunlara bir kez daha dikkat \u00e7ekti.<\/p>\n","protected":false},"excerpt":{"rendered":"<p>Mersin Milletvekili G\u00fclcan K\u0131\u015f, TBMM&#8217;de yapt\u0131\u011f\u0131 konu\u015fmada atanamayan m\u00fchendis ve mimarlar\u0131n ya\u015fad\u0131\u011f\u0131 sorunlara dikkat \u00e7ekti. G\u00fclcan K\u0131\u015f, binlerce gen\u00e7 m\u00fchendisin ve mimar\u0131n y\u0131llarca e\u011fitim ald\u0131ktan sonra i\u015fsizlikle kar\u015f\u0131 kar\u015f\u0131ya b\u0131rak\u0131ld\u0131\u011f\u0131n\u0131 &hellip; <a href=\"https:\/\/akdenizolaygazetesi.com\/?p=32899\" class=\"more-link\">Devam\u0131n\u0131 Oku&#8230;<\/a><\/p>\n","protected":false},"author":2,"featured_media":32900,"comment_status":"open","ping_status":"open","sticky":false,"template":"","format":"standard","meta":[],"categories":[1,2,3],"tags":[],"_links":{"self":[{"href":"https:\/\/akdenizolaygazetesi.com\/index.php?rest_route=\/wp\/v2\/posts\/32899"}],"collection":[{"href":"https:\/\/akdenizolaygazetesi.com\/index.php?rest_route=\/wp\/v2\/posts"}],"about":[{"href":"https:\/\/akdenizolaygazetesi.com\/index.php?rest_route=\/wp\/v2\/types\/post"}],"author":[{"embeddable":true,"href":"https:\/\/akdenizolaygazetesi.com\/index.php?rest_route=\/wp\/v2\/users\/2"}],"replies":[{"embeddable":true,"href":"https:\/\/akdenizolaygazetesi.com\/index.php?rest_route=%2Fwp%2Fv2%2Fcomments&post=32899"}],"version-history":[{"count":1,"href":"https:\/\/akdenizolaygazetesi.com\/index.php?rest_route=\/wp\/v2\/posts\/32899\/revisions"}],"predecessor-version":[{"id":32901,"href":"https:\/\/akdenizolaygazetesi.com\/index.php?rest_route=\/wp\/v2\/posts\/32899\/revisions\/32901"}],"wp:featuredmedia":[{"embeddable":true,"href":"https:\/\/akdenizolaygazetesi.com\/index.php?rest_route=\/wp\/v2\/media\/32900"}],"wp:attachment":[{"href":"https:\/\/akdenizolaygazetesi.com\/index.php?rest_route=%2Fwp%2Fv2%2Fmedia&parent=32899"}],"wp:term":[{"taxonomy":"category","embeddable":true,"href":"https:\/\/akdenizolaygazetesi.com\/index.php?rest_route=%2Fwp%2Fv2%2Fcategories&post=32899"},{"taxonomy":"post_tag","embeddable":true,"href":"https:\/\/akdenizolaygazetesi.com\/index.php?rest_route=%2Fwp%2Fv2%2Ftags&post=32899"}],"curies":[{"name":"wp","href":"https:\/\/api.w.org\/{rel}","templated":true}]}}