{"id":32919,"date":"2024-11-18T16:15:28","date_gmt":"2024-11-18T13:15:28","guid":{"rendered":"http:\/\/akdenizolaygazetesi.com\/?p=32919"},"modified":"2024-11-18T16:15:28","modified_gmt":"2024-11-18T13:15:28","slug":"toroslar-belediye-baskani-yildiz-kirsal-mahallelerde-yurttaslarla-bulustu","status":"publish","type":"post","link":"https:\/\/akdenizolaygazetesi.com\/?p=32919","title":{"rendered":"TOROSLAR BELED\u0130YE BA\u015eKANI YILDIZ, KIRSAL MAHALLELERDE YURTTA\u015eLARLA BULU\u015eTU"},"content":{"rendered":"<p>Toroslar Belediye Ba\u015fkan\u0131 Abdurrahman Y\u0131ld\u0131z,  &#8220;Bu belediyenin hizmeti MHP&#8217;liye ayr\u0131, AK Partiliye ayr\u0131, CHP&#8217;liye ayr\u0131 gitmez. Adil hizmet verece\u011fiz. B\u00fct\u00fcn yurtta\u015flar aras\u0131nda e\u015fit bir hizmet da\u011f\u0131l\u0131m\u0131 yapaca\u011f\u0131z. Toroslar&#8217;\u0131n her delikli kuru\u015funu her bir yurtta\u015f aras\u0131nda adil ve e\u015fit bir \u015fekilde b\u00f6l\u00fc\u015ft\u00fcrece\u011fiz. Derdim bu. 2 milyar 300 milyon lira b\u00fct\u00e7emiz var. B\u00fct\u00fcn para vatanda\u015f\u0131n paras\u0131. Bu paray\u0131 harcarken de vatanda\u015fla konu\u015fal\u0131m istiyoruz. Onun \u00f6ncelikli harcama kalemi neyse onu \u00f6\u011frenelim. Onun \u00fczerine bir \u015feyler \u00fcretelim istiyoruz&#8221; dedi.<\/p>\n<p>Ba\u015fkan Y\u0131ld\u0131z, belediyenin temizlik i\u015f\u00e7isi say\u0131s\u0131n\u0131 art\u0131rd\u0131klar\u0131n\u0131, bundan sonra her mahallede her soka\u011fa bir temizlik g\u00f6revlisi d\u00fc\u015fece\u011fini s\u00f6yledi. Ba\u015fkan Y\u0131ld\u0131z, ge\u00e7ti\u011fimiz \u00fcretim ve hasat sezonunda \u00e7ift\u00e7iyi ma\u011fdur eden Akdeniz sine\u011fi zararl\u0131s\u0131na kar\u015f\u0131 ortak m\u00fccadele edilece\u011fini de kaydetti.<\/p>\n<p>Toroslar Belediye Ba\u015fkan\u0131 Abdurrahman Y\u0131ld\u0131z, k\u0131rsal mahallelere giderek y\u0131l\u0131n 12 ay\u0131nda bu mahallelerde ya\u015fayan ve tar\u0131msal \u00fcretim yapan yurtta\u015flarla bir araya geldi, taleplerini dinledi. Ba\u015fkan Y\u0131ld\u0131z, k\u0131rsal mahalle gezileri kapsam\u0131nda bu hafta De\u011fnek, Sadiye, Alanyal\u0131, De\u011firmendere, Horozlu, Kurudere, \u00c7a\u011flarca ve G\u00fczelyayla mahallelerinde yurtta\u015flarla bir araya geldi.<\/p>\n<p>Ba\u015fkan Y\u0131ld\u0131z, &#8220;Yaz\u0131n buraya geldi\u011fimizde yurtta\u015flar\u0131m\u0131z ba\u011f bah\u00e7eyle u\u011fra\u015ft\u0131klar\u0131 i\u00e7in onlarla kar\u015f\u0131la\u015fma imkanlar\u0131m\u0131z olmuyor. Gezilerimizde daha \u00e7ok k\u00f6yde 12 ay boyunca ya\u015fayan yurtta\u015flar\u0131m\u0131zla bir araya gelmek istiyoruz. Yazl\u0131k\u00e7\u0131lar\u0131n da hepsi ba\u015f\u0131m\u0131z\u0131n \u00fcst\u00fcnde, yeri var. Ama esas olarak yerle\u015fik ya\u015fayan insanlarla sohbet etmek istiyoruz. Gelmemizin ana sebeplerinden birisi bu. Bir di\u011fer sebep ise, Ekim ay\u0131 itibar\u0131yla Toroslar Belediyesi&#8217;nin 2025 y\u0131l\u0131nda harcayabilece\u011fi b\u00fct\u00e7eyi belirledik. Bu b\u00fct\u00e7e, Toroslar halk\u0131n\u0131n paras\u0131d\u0131r ve dolay\u0131s\u0131yla her bir kuru\u015fun, halk\u0131n talepleri do\u011frultusunda harcanmas\u0131 gerekti\u011fini d\u00fc\u015f\u00fcn\u00fcyoruz. Hem merkez mahallelerimizde hem de k\u0131rsal mahallelerimizde yani k\u00f6ylerimizde bunu konu\u015fmak istiyoruz. Bizim \u00f6nceliklerimiz ger\u00e7ekten orada ya\u015fayan yurtta\u015flar\u0131m\u0131z\u0131n \u00f6ncelikleriyle \u00f6rt\u00fc\u015f\u00fcyor mu? Ayn\u0131 \u015feyleri mi d\u00fc\u015f\u00fcn\u00fcyoruz, ayn\u0131 \u015feyleri mi tasarl\u0131yoruz diye bunlar\u0131 konu\u015fmaya geldik&#8221; dedi.<\/p>\n<p>TARIM \u00c7ALI\u015eTAYI HAZIRLIKLARI S\u00dcR\u00dcYOR<\/p>\n<p>K\u0131rsal mahalle gezilerindeki bir di\u011fer g\u00fcndemlerinin de \u00f6n\u00fcm\u00fczdeki g\u00fcnlerde yapacaklar\u0131 Tar\u0131m \u00c7al\u0131\u015ftay\u0131 oldu\u011funu ifade eden Y\u0131ld\u0131z,  &#8220;Bu, benim ki\u015fisel olarak da \u00e7ok \u00f6nemsedi\u011fim alanlardan biri. Ocak ay\u0131 i\u00e7erisinde ya da \u015eubat ba\u015flar\u0131nda bir tar\u0131m \u00e7al\u0131\u015ftay\u0131 yapmay\u0131 planl\u0131yoruz. Burada, gerek \u00fcreticilerle gerekse \u015fehirde ya\u015fayan yurtta\u015flar\u0131m\u0131zla bir araya gelerek tar\u0131m meselesini masaya yat\u0131rmay\u0131 d\u00fc\u015f\u00fcn\u00fcyoruz. Bu konuda neler yap\u0131labilece\u011fine ili\u015fkin g\u00f6r\u00fc\u015flerinizi almak istiyoruz&#8221; ifadelerini kulland\u0131.<\/p>\n<p>&#8220;B\u00dcY\u00dcK\u015eEH\u0130R BELED\u0130YES\u0130 VE \u0130L\u00c7E TARIM M\u00dcD\u00dcRL\u00dc\u011e\u00dc \u0130LE ORTAK \u00c7ALI\u015eMA YAPACA\u011eIZ&#8221;<\/p>\n<p>Gezilerde Ba\u015fkan Y\u0131ld\u0131z mahalle ve bah\u00e7e yollar\u0131, temizlik, tar\u0131msal \u00fcr\u00fcn desenlerinin \u00e7e\u015fitlendirilmesi, y\u00f6rede meyvesuyu fabrikas\u0131 kurulmas\u0131 gibi konular \u00fczerine yurtta\u015flarla sohbet etti.<\/p>\n<p>Bir\u00e7ok mahallede Akdeniz sine\u011fi zararl\u0131s\u0131 nedeniyle \u00fcr\u00fcnlerin dal\u0131nda heba oldu\u011funa dikkat \u00e7eken Y\u0131ld\u0131z, \u00f6n\u00fcm\u00fczdeki ila\u00e7lama sezonunda Toroslar Belediyesi, Mersin B\u00fcy\u00fck\u015fehir Belediyesi ve \u0130l\u00e7e Tar\u0131m M\u00fcd\u00fcrl\u00fc\u011f\u00fcn\u00fcn ila\u00e7lama konusunda ortak \u00e7al\u0131\u015fma yapmak i\u00e7in haz\u0131rl\u0131klara ba\u015flad\u0131\u011f\u0131n\u0131 anlatt\u0131.<\/p>\n<p>&#8220;HER MAHALLEDE HER SOKA\u011eIN TEM\u0130ZL\u0130K G\u00d6REVL\u0130S\u0130 OLACAK&#8221;<\/p>\n<p>Toroslar Belediye Ba\u015fkan\u0131 Abdurrahman Y\u0131ld\u0131z, k\u0131rsal mahalle ziyaretlerinde temizlik sorunuyla ilgili sorular\u0131 da yan\u0131tlad\u0131.<\/p>\n<p>Belediyenin 22 adet \u00e7\u00f6p toplama arac\u0131n\u0131n oldu\u011funu, s\u00fcp\u00fcrgeci olarak tabir edilen personel eksikli\u011finin giderilerek 100 ki\u015fiye tamamland\u0131\u011f\u0131n\u0131 anlatan Y\u0131ld\u0131z, &#8220;Bir izleme sistemi olu\u015fturaca\u011f\u0131z. Bir personele belli bir b\u00f6lgeyi zimmetleyece\u011fiz ve takip edece\u011fiz.  \u015eimdiye kadar say\u0131 eksikti ama bundan sonra her mahallenin, her soka\u011f\u0131n bir g\u00f6revlisi olacak ve oradan her g\u00fcn ge\u00e7ecek bu arkada\u015flar. \u00d6yle kahveye gelip okey oynamak yok. Herkes i\u015finin ba\u015f\u0131nda olacak. Yani hepimiz de bunu denetleyicisi olaca\u011f\u0131z. En sonunda vatanda\u015f bunun denetleyicisi olacak ama politik bir zaviyeden bakarak de\u011fil&#8221; ifadelerini kulland\u0131.<\/p>\n<p>&#8220;\u00c7\u00d6P\u00dcN S\u0130YASET\u0130 OLMAZ&#8221;<\/p>\n<p>Yurtta\u015flar\u0131n \u00e7\u00f6plerini konteynerlere dikkatli atmalar\u0131n\u0131, soka\u011fa \u00e7\u00f6p atmamalar\u0131n\u0131 isteyen Ba\u015fkan Y\u0131ld\u0131z, baz\u0131 ki\u015filerin maksatl\u0131 olarak, \u00f6zellikle soka\u011fa \u00e7\u00f6p att\u0131\u011f\u0131na tan\u0131k olduklar\u0131n\u0131 s\u00f6yledi.<\/p>\n<p>Y\u0131ld\u0131z,  &#8220;\u00c7\u00f6p\u00fcn siyaseti olmaz. Bak ben size s\u00f6yleyeyim. Bunu yapan arkada\u015f\u0131n hangi partide olursa olsun emin olun onun partisi kaybeder ben kazan\u0131r\u0131m. Kavgayla, d\u00f6v\u00fc\u015fle, kinle, nefretle ne memleket y\u00f6netilir, ne siyaset yap\u0131l\u0131r. B\u00f6yle bir \u015fey olmaz. \u00d6nce bir kere hepimiz karde\u015f oldu\u011fumuzu unutmayaca\u011f\u0131z. Hepimiz bir kere ayn\u0131 memleketin insan\u0131 oldu\u011fumuzu, ayn\u0131 yerde ya\u015fad\u0131\u011f\u0131m\u0131z\u0131 ve ayn\u0131 kaderi payla\u015ft\u0131\u011f\u0131m\u0131z\u0131 unutmayaca\u011f\u0131z&#8221; dedi.<\/p>\n<p>&#8220;POL\u0130T\u0130KAYA DE\u011e\u0130L H\u0130ZMETE KAFA YORUYORUZ&#8221;<\/p>\n<p>Belediyenin, yurtta\u015flar aras\u0131nda parti ayr\u0131m\u0131 yapmadan, her mahalleye, her soka\u011fa e\u015fit hizmet g\u00f6t\u00fcrd\u00fc\u011f\u00fcne dikkat \u00e7eken Y\u0131ld\u0131z,  &#8220;Toroslar&#8217;da arkada\u015flar\u0131m\u0131n her birinin  bir politik d\u00fcnyas\u0131 var. Bir siyasi g\u00f6r\u00fc\u015f\u00fc var. Robot de\u011fil sonu\u00e7ta insan. Bir politik g\u00f6r\u00fc\u015f\u00fc var ama diyorum ki l\u00fctfen m\u00fcmk\u00fcn mertebe ve mutlaka belediye hizmetlerinde belediyecilik \u00e7al\u0131\u015fmalar\u0131nda politikalar\u0131n\u0131z\u0131 kendinize saklay\u0131n. Ben de bir belediye ba\u015fkan\u0131 olarak tabii ki bir d\u00fcnya g\u00f6r\u00fc\u015f\u00fcm var ama  belediyedeki olu\u015f amac\u0131m kendi d\u00fcnya g\u00f6r\u00fc\u015f\u00fcm\u00fc yaymak, bunu geni\u015fletmek de\u011fil ki. Benim buradaki amac\u0131m buradaki hizmeti b\u00fcy\u00fctmek. Yani politikayla kafa yoraca\u011f\u0131m\u0131za nas\u0131l belediyecilik yapaca\u011f\u0131m\u0131za kafa yorarsak bence daha \u00e7ok sorun \u00e7\u00f6z\u00fcl\u00fcr&#8221; dedi.<\/p>\n<p>&#8220;AD\u0130L H\u0130ZMET VERECE\u011e\u0130Z&#8221;<\/p>\n<p>Kurumlar\u0131 politize etmenin o kurumlara zarar verece\u011fine, \u00e7\u00fcr\u00fctece\u011fine i\u015faret eden Ba\u015fkan Y\u0131ld\u0131z,  &#8220;Bu belediyenin hizmeti, MHP&#8217;liye ayr\u0131, AK Partiliye ayr\u0131, CHP&#8217;liye ayr\u0131 gitmez. Zaten biz ba\u015ftan beri \u015funu s\u00f6ylemiyor muyuz? Adil hizmet verece\u011fiz. B\u00fct\u00fcn yurtta\u015flar aras\u0131nda e\u015fit bir hizmet da\u011f\u0131l\u0131m\u0131 yapaca\u011f\u0131z. Toroslar&#8217;\u0131n her delikli kuru\u015funu her bir yurtta\u015f aras\u0131nda adil ve e\u015fit bir \u015fekilde b\u00f6l\u00fc\u015ft\u00fcrece\u011fiz. Bunu savunmuyor muyuz? Derdim bu. 2 milyar 300 milyon lira 2025&#8217;te ger\u00e7ekle\u015fmesi  muhtemel b\u00fct\u00e7emiz var. Bu para benim babam\u0131n paras\u0131 de\u011fil. B\u00fct\u00fcn para vatanda\u015f\u0131n paras\u0131. Bu paray\u0131 harcarken de vatanda\u015fla konu\u015fal\u0131m istiyoruz. Onun \u00f6ncelikli harcama kalemi neyse onu \u00f6\u011frenelim. Onun \u00fczerine bir \u015feyler \u00fcretelim istiyoruz&#8221; ifadelerini kulland\u0131.<\/p>\n<p>&#8220;BEN AYRIMCILI\u011eI KEND\u0130ME YAKI\u015eTIRAMAM&#8221;<\/p>\n<p>Kimin hangi partiye oy verdi\u011fine bakmadan herkese e\u015fit hizmet g\u00f6t\u00fcrd\u00fcklerini kaydeden Ba\u015fkan Y\u0131ld\u0131z,  &#8220;Bu vicdani de de\u011fil insani de de\u011fil. Bak\u0131n hi\u00e7bir \u015feye de s\u0131\u011fmaz bu. D\u00fc\u015f\u00fcnceye de s\u0131\u011fmaz. Ne bizim dini inan\u00e7lar\u0131m\u0131za s\u0131\u011far ne milli inan\u00e7lar\u0131m\u0131za s\u0131\u011far ne insani de\u011ferlerimize, etik, ahlaki de\u011ferlerimize s\u0131\u011far. Ben kendime b\u00f6yle bir \u015fey yak\u0131\u015ft\u0131rmam. Hi\u00e7bir arkada\u015f\u0131ma da b\u00f6yle bir \u015fey yak\u0131\u015ft\u0131rmam. Emin olun. Hangi partiye oy vermi\u015f olursa olsun benimle beraber \u00e7al\u0131\u015fan arkada\u015f\u0131m\u0131n da b\u00f6yle d\u00fc\u015f\u00fcnd\u00fc\u011f\u00fcn\u00fc biliyorum. Hizmet etme konusunda adil, e\u015fit, d\u00fcr\u00fcst davrand\u0131klar\u0131na m\u00fcsterih olun, o konuda ben iknay\u0131m&#8221; ifadelerini kulland\u0131.<\/p>\n<p>&#8220;S\u0130YASET\u0130 SE\u00c7\u0130M ZAMANI GEL\u0130NCE YAPARIZ&#8221;<\/p>\n<p>Belediyenin paras\u0131n\u0131 halk\u0131n mal\u0131, beyt\u00fclmal olarak g\u00f6ren ve bu vicdanla \u00e7al\u0131\u015fanlar\u0131n siyaset yapmas\u0131na gerek kalmayaca\u011f\u0131n\u0131 kaydeden Ba\u015fkan Y\u0131ld\u0131z,  &#8220;Siyaseti se\u00e7im zaman\u0131 geldi\u011finde gene yapar\u0131z. Siz de dersiniz ki &#8216;karde\u015f bu adam geldi 30 y\u0131l\u0131n sonunda ba\u015fka bir partiden se\u00e7ildi. Be\u015f y\u0131ld\u0131r da belediye ba\u015fkan\u0131. \u015eu i\u015fi iyi yapt\u0131. \u015eunlar\u0131 beceremedi. Dolay\u0131s\u0131yla bizim bu arkada\u015f yeniden aday olursa oy veririz ya da vermeyiz&#8217;. Onun kaanetini bildirecek olan yine buras\u0131. Ama bizim i\u015fimiz hizmet. Bunu becerebilmemiz laz\u0131m. Hakka girmememiz laz\u0131m. \u00c7ok a\u011f\u0131r bir k\u00fclfet. Beyt\u00fclmal\u0131n bek\u00e7isi olmak. T\u00fcy\u00fc bitmemi\u015f yetimin de \u00e7ocu\u011fun da paras\u0131 var, 17 bin liraya asgari \u00fccretle \u00e7al\u0131\u015fan\u0131n da burada paras\u0131 var, 25 tane fabrikas\u0131 olan adam\u0131n da burada paras\u0131 var. Herkesin paras\u0131 var burada. Bu a\u011f\u0131rl\u0131kla ve bu vicdani sorumlulukla bunu yapmak laz\u0131m&#8221; \u015feklinde konu\u015ftu.<\/p>\n","protected":false},"excerpt":{"rendered":"<p>Toroslar Belediye Ba\u015fkan\u0131 Abdurrahman Y\u0131ld\u0131z, &#8220;Bu belediyenin hizmeti MHP&#8217;liye ayr\u0131, AK Partiliye ayr\u0131, CHP&#8217;liye ayr\u0131 gitmez. Adil hizmet verece\u011fiz. B\u00fct\u00fcn yurtta\u015flar aras\u0131nda e\u015fit bir hizmet da\u011f\u0131l\u0131m\u0131 yapaca\u011f\u0131z. Toroslar&#8217;\u0131n her delikli &hellip; <a href=\"https:\/\/akdenizolaygazetesi.com\/?p=32919\" class=\"more-link\">Devam\u0131n\u0131 Oku&#8230;<\/a><\/p>\n","protected":false},"author":2,"featured_media":0,"comment_status":"open","ping_status":"open","sticky":false,"template":"","format":"standard","meta":[],"categories":[1,2,3],"tags":[],"_links":{"self":[{"href":"https:\/\/akdenizolaygazetesi.com\/index.php?rest_route=\/wp\/v2\/posts\/32919"}],"collection":[{"href":"https:\/\/akdenizolaygazetesi.com\/index.php?rest_route=\/wp\/v2\/posts"}],"about":[{"href":"https:\/\/akdenizolaygazetesi.com\/index.php?rest_route=\/wp\/v2\/types\/post"}],"author":[{"embeddable":true,"href":"https:\/\/akdenizolaygazetesi.com\/index.php?rest_route=\/wp\/v2\/users\/2"}],"replies":[{"embeddable":true,"href":"https:\/\/akdenizolaygazetesi.com\/index.php?rest_route=%2Fwp%2Fv2%2Fcomments&post=32919"}],"version-history":[{"count":1,"href":"https:\/\/akdenizolaygazetesi.com\/index.php?rest_route=\/wp\/v2\/posts\/32919\/revisions"}],"predecessor-version":[{"id":32920,"href":"https:\/\/akdenizolaygazetesi.com\/index.php?rest_route=\/wp\/v2\/posts\/32919\/revisions\/32920"}],"wp:attachment":[{"href":"https:\/\/akdenizolaygazetesi.com\/index.php?rest_route=%2Fwp%2Fv2%2Fmedia&parent=32919"}],"wp:term":[{"taxonomy":"category","embeddable":true,"href":"https:\/\/akdenizolaygazetesi.com\/index.php?rest_route=%2Fwp%2Fv2%2Fcategories&post=32919"},{"taxonomy":"post_tag","embeddable":true,"href":"https:\/\/akdenizolaygazetesi.com\/index.php?rest_route=%2Fwp%2Fv2%2Ftags&post=32919"}],"curies":[{"name":"wp","href":"https:\/\/api.w.org\/{rel}","templated":true}]}}