{"id":32964,"date":"2024-11-22T16:04:37","date_gmt":"2024-11-22T13:04:37","guid":{"rendered":"http:\/\/akdenizolaygazetesi.com\/?p=32964"},"modified":"2024-11-22T16:04:37","modified_gmt":"2024-11-22T13:04:37","slug":"24-kasim-ogretmenler-gunu-etkinlikleri-kapsaminda-duzenlenen-kadin-voleybol-turnuvasi-musabakalari-tum-hiziyla-devam-ediyor","status":"publish","type":"post","link":"https:\/\/akdenizolaygazetesi.com\/?p=32964","title":{"rendered":"24 KASIM \u00d6\u011eRETMENLER G\u00dcN\u00dc ETK\u0130NL\u0130KLER\u0130 KAPSAMINDA D\u00dcZENLENEN KADIN VOLEYBOL TURNUVASI M\u00dcSABAKALARI T\u00dcM HIZIYLA DEVAM ED\u0130YOR"},"content":{"rendered":"<p>\u0130l Mill\u00ee E\u011fitim M\u00fcd\u00fcr\u00fc Fazilet Durmu\u015f, 24 Kas\u0131m \u00d6\u011fretmenler G\u00fcn\u00fc etkinlikleri kapsam\u0131nda \u0130\u00e7el Anadolu Lisesi Ey\u00fcp G\u00f6kt\u00fcrk Spor Salonu&#8217;nda d\u00fczenlenen Kad\u0131n Voleybol Turnuvas\u0131, Tarsus \u0130l\u00e7e Mill\u00ee E\u011fitim M\u00fcd\u00fcrl\u00fc\u011f\u00fc-Erdemli \u0130l\u00e7e Mill\u00ee E\u011fitim M\u00fcd\u00fcrl\u00fc\u011f\u00fc m\u00fcsabakas\u0131na kat\u0131ld\u0131.<\/p>\n<p>Tarsus \u0130l\u00e7e Mill\u00ee E\u011fitim M\u00fcd\u00fcrl\u00fc\u011f\u00fc ile Erdemli \u0130l\u00e7e Mill\u00ee E\u011fitim M\u00fcd\u00fcrl\u00fc\u011f\u00fc aras\u0131nda k\u0131yas\u0131ya ger\u00e7ekle\u015fen m\u00fcsabakada Erdemli \u0130l\u00e7e Mill\u00ee E\u011fitim M\u00fcd\u00fcrl\u00fc\u011f\u00fc galip geldi. <\/p>\n<p>Ma\u00e7 sonunda konu\u015fma yapan \u0130l Mill\u00ee E\u011fitim M\u00fcd\u00fcr\u00fc Fazilet Durmu\u015f: &#8220;Spor, g\u00fcn\u00fcm\u00fczde yaln\u0131zca fiziksel bir aktivite de\u011fil, ayn\u0131 zamanda birlik ve dayan\u0131\u015fmay\u0131 da g\u00fc\u00e7lendiren \u00f6nemli bir ara\u00e7t\u0131r. \u00d6\u011fretmenlerimizin bir araya gelerek ortaya koyduklar\u0131 bu g\u00fczel \u00f6rnek turnuva, birlik ve beraberli\u011fi peki\u015ftirirken mesle\u011fimizi daha da anlaml\u0131 k\u0131l\u0131yor. Yar\u0131\u015fmaya kat\u0131lan t\u00fcm \u00f6\u011fretmenlerimize ba\u015far\u0131lar diliyor, bu organizasyonun ger\u00e7ekle\u015ftirilmesinde eme\u011fi ge\u00e7en herkese te\u015fekk\u00fcr ediyorum.&#8221; dedi.<\/p>\n<p>Programa; \u0130l Mill\u00ee E\u011fitim M\u00fcd\u00fcr\u00fc Fazilet Durmu\u015f, Mezitli \u0130l\u00e7e Mill\u00ee E\u011fitim M\u00fcd\u00fcr\u00fc Mehmet Badas, Yeni\u015fehir \u0130l\u00e7e Mill\u00ee E\u011fitim M\u00fcd\u00fcr\u00fc Necmeddin Din\u00e7 ve \u0130l Mill\u00ee E\u011fitim \u015eube M\u00fcd\u00fcr\u00fc \u0130lhan Sabit Memi\u015f kat\u0131ld\u0131.<\/p>\n","protected":false},"excerpt":{"rendered":"<p>\u0130l Mill\u00ee E\u011fitim M\u00fcd\u00fcr\u00fc Fazilet Durmu\u015f, 24 Kas\u0131m \u00d6\u011fretmenler G\u00fcn\u00fc etkinlikleri kapsam\u0131nda \u0130\u00e7el Anadolu Lisesi Ey\u00fcp G\u00f6kt\u00fcrk Spor Salonu&#8217;nda d\u00fczenlenen Kad\u0131n Voleybol Turnuvas\u0131, Tarsus \u0130l\u00e7e Mill\u00ee E\u011fitim M\u00fcd\u00fcrl\u00fc\u011f\u00fc-Erdemli \u0130l\u00e7e Mill\u00ee &hellip; <a href=\"https:\/\/akdenizolaygazetesi.com\/?p=32964\" class=\"more-link\">Devam\u0131n\u0131 Oku&#8230;<\/a><\/p>\n","protected":false},"author":2,"featured_media":32965,"comment_status":"open","ping_status":"open","sticky":false,"template":"","format":"standard","meta":[],"categories":[1,2,3],"tags":[],"_links":{"self":[{"href":"https:\/\/akdenizolaygazetesi.com\/index.php?rest_route=\/wp\/v2\/posts\/32964"}],"collection":[{"href":"https:\/\/akdenizolaygazetesi.com\/index.php?rest_route=\/wp\/v2\/posts"}],"about":[{"href":"https:\/\/akdenizolaygazetesi.com\/index.php?rest_route=\/wp\/v2\/types\/post"}],"author":[{"embeddable":true,"href":"https:\/\/akdenizolaygazetesi.com\/index.php?rest_route=\/wp\/v2\/users\/2"}],"replies":[{"embeddable":true,"href":"https:\/\/akdenizolaygazetesi.com\/index.php?rest_route=%2Fwp%2Fv2%2Fcomments&post=32964"}],"version-history":[{"count":1,"href":"https:\/\/akdenizolaygazetesi.com\/index.php?rest_route=\/wp\/v2\/posts\/32964\/revisions"}],"predecessor-version":[{"id":32966,"href":"https:\/\/akdenizolaygazetesi.com\/index.php?rest_route=\/wp\/v2\/posts\/32964\/revisions\/32966"}],"wp:featuredmedia":[{"embeddable":true,"href":"https:\/\/akdenizolaygazetesi.com\/index.php?rest_route=\/wp\/v2\/media\/32965"}],"wp:attachment":[{"href":"https:\/\/akdenizolaygazetesi.com\/index.php?rest_route=%2Fwp%2Fv2%2Fmedia&parent=32964"}],"wp:term":[{"taxonomy":"category","embeddable":true,"href":"https:\/\/akdenizolaygazetesi.com\/index.php?rest_route=%2Fwp%2Fv2%2Fcategories&post=32964"},{"taxonomy":"post_tag","embeddable":true,"href":"https:\/\/akdenizolaygazetesi.com\/index.php?rest_route=%2Fwp%2Fv2%2Ftags&post=32964"}],"curies":[{"name":"wp","href":"https:\/\/api.w.org\/{rel}","templated":true}]}}