{"id":32967,"date":"2024-11-22T16:06:03","date_gmt":"2024-11-22T13:06:03","guid":{"rendered":"http:\/\/akdenizolaygazetesi.com\/?p=32967"},"modified":"2024-11-22T16:06:03","modified_gmt":"2024-11-22T13:06:03","slug":"il-milli-egitim-muduru-fazilet-durmus-24-kasim-ogretmenler-gunu-etkinlikleri-kapsaminda-duzenlenen-3x3-erkek-basketbol-turnuvasi-musabakalarina-katildi","status":"publish","type":"post","link":"https:\/\/akdenizolaygazetesi.com\/?p=32967","title":{"rendered":"\u0130L M\u0130LL\u00ce E\u011e\u0130T\u0130M M\u00dcD\u00dcR\u00dc FAZ\u0130LET DURMU\u015e, 24 KASIM \u00d6\u011eRETMENLER G\u00dcN\u00dc ETK\u0130NL\u0130KLER\u0130 KAPSAMINDA D\u00dcZENLENEN 3&#215;3 ERKEK BASKETBOL TURNUVASI M\u00dcSABAKALARINA KATILDI"},"content":{"rendered":"<p>\u0130l Mill\u00ee E\u011fitim M\u00fcd\u00fcr\u00fc Fazilet Durmu\u015f, 24 Kas\u0131m \u00d6\u011fretmenler G\u00fcn\u00fc etkinlikleri kapsam\u0131nda Edip Burhan Spor Salonu&#8217;nda d\u00fczenlenen 3&#215;3 Erkek Basketbol Turnuvas\u0131 m\u00fcsabakalar\u0131na kat\u0131ld\u0131.<\/p>\n<p>Akdeniz \u0130l\u00e7e Mill\u00ee E\u011fitim M\u00fcd\u00fcrl\u00fc\u011f\u00fc &#8211; Yeni\u015fehir \u0130l\u00e7e Mill\u00ee E\u011fitim M\u00fcd\u00fcrl\u00fc\u011f\u00fc A Tak\u0131m\u0131 aras\u0131nda ge\u00e7en k\u0131yas\u0131ya m\u00fccadelede Akdeniz \u0130l\u00e7e Mill\u00ee E\u011fitim M\u00fcd\u00fcrl\u00fc\u011f\u00fc galip geldi. Kat\u0131l\u0131mc\u0131lara keyifli anlar ya\u015fatan bu etkinlikte sporun birle\u015ftirici g\u00fcc\u00fcne vurgu yapan \u0130l Mill\u00ee E\u011fitim M\u00fcd\u00fcr\u00fc Fazilet Durmu\u015f: &#8220;Basketbol sahas\u0131nda g\u00f6rd\u00fc\u011f\u00fcm\u00fcz bu enerji, m\u00fccadele ve tak\u0131m ruhu, bizlere \u00f6\u011fretmenlerimizin her alanda ne kadar g\u00fc\u00e7l\u00fc ve azimli oldu\u011funu bir kez daha g\u00f6steriyor. Sporun, dayan\u0131\u015fma ve karde\u015flik ba\u011flar\u0131m\u0131z\u0131 g\u00fc\u00e7lendirdi\u011fine inan\u0131yorum.<\/p>\n<p>Bug\u00fcn burada yaln\u0131zca bir m\u00fcsabaka de\u011fil, birlik ve beraberli\u011fimizi peki\u015ftiren g\u00fczel bir tabloya \u015fahitlik ediyoruz. Yar\u0131\u015fmaya kat\u0131lan t\u00fcm \u00f6\u011fretmenlerimize ba\u015far\u0131lar diliyor, bu organizasyonun ger\u00e7ekle\u015ftirilmesinde eme\u011fi ge\u00e7en herkese te\u015fekk\u00fcr ediyorum.&#8221; dedi.<\/p>\n<p>Programa \u0130l Mill\u00ee E\u011fitim M\u00fcd\u00fcr\u00fc Fazilet Durmu\u015f, Gen\u00e7lik ve Spor \u0130l M\u00fcd\u00fcr\u00fc G\u00f6ksun \u00d6z, Gen\u00e7lik ve Spor \u0130l \u015eube M\u00fcd\u00fcrleri, \u00e7ok say\u0131da \u00f6\u011fretmen kat\u0131ld\u0131.<\/p>\n","protected":false},"excerpt":{"rendered":"<p>\u0130l Mill\u00ee E\u011fitim M\u00fcd\u00fcr\u00fc Fazilet Durmu\u015f, 24 Kas\u0131m \u00d6\u011fretmenler G\u00fcn\u00fc etkinlikleri kapsam\u0131nda Edip Burhan Spor Salonu&#8217;nda d\u00fczenlenen 3&#215;3 Erkek Basketbol Turnuvas\u0131 m\u00fcsabakalar\u0131na kat\u0131ld\u0131. Akdeniz \u0130l\u00e7e Mill\u00ee E\u011fitim M\u00fcd\u00fcrl\u00fc\u011f\u00fc &#8211; Yeni\u015fehir &hellip; <a href=\"https:\/\/akdenizolaygazetesi.com\/?p=32967\" class=\"more-link\">Devam\u0131n\u0131 Oku&#8230;<\/a><\/p>\n","protected":false},"author":2,"featured_media":32968,"comment_status":"open","ping_status":"open","sticky":false,"template":"","format":"standard","meta":[],"categories":[1,2,3],"tags":[],"_links":{"self":[{"href":"https:\/\/akdenizolaygazetesi.com\/index.php?rest_route=\/wp\/v2\/posts\/32967"}],"collection":[{"href":"https:\/\/akdenizolaygazetesi.com\/index.php?rest_route=\/wp\/v2\/posts"}],"about":[{"href":"https:\/\/akdenizolaygazetesi.com\/index.php?rest_route=\/wp\/v2\/types\/post"}],"author":[{"embeddable":true,"href":"https:\/\/akdenizolaygazetesi.com\/index.php?rest_route=\/wp\/v2\/users\/2"}],"replies":[{"embeddable":true,"href":"https:\/\/akdenizolaygazetesi.com\/index.php?rest_route=%2Fwp%2Fv2%2Fcomments&post=32967"}],"version-history":[{"count":1,"href":"https:\/\/akdenizolaygazetesi.com\/index.php?rest_route=\/wp\/v2\/posts\/32967\/revisions"}],"predecessor-version":[{"id":32969,"href":"https:\/\/akdenizolaygazetesi.com\/index.php?rest_route=\/wp\/v2\/posts\/32967\/revisions\/32969"}],"wp:featuredmedia":[{"embeddable":true,"href":"https:\/\/akdenizolaygazetesi.com\/index.php?rest_route=\/wp\/v2\/media\/32968"}],"wp:attachment":[{"href":"https:\/\/akdenizolaygazetesi.com\/index.php?rest_route=%2Fwp%2Fv2%2Fmedia&parent=32967"}],"wp:term":[{"taxonomy":"category","embeddable":true,"href":"https:\/\/akdenizolaygazetesi.com\/index.php?rest_route=%2Fwp%2Fv2%2Fcategories&post=32967"},{"taxonomy":"post_tag","embeddable":true,"href":"https:\/\/akdenizolaygazetesi.com\/index.php?rest_route=%2Fwp%2Fv2%2Ftags&post=32967"}],"curies":[{"name":"wp","href":"https:\/\/api.w.org\/{rel}","templated":true}]}}