{"id":32973,"date":"2024-11-22T16:08:22","date_gmt":"2024-11-22T13:08:22","guid":{"rendered":"http:\/\/akdenizolaygazetesi.com\/?p=32973"},"modified":"2024-11-22T16:08:22","modified_gmt":"2024-11-22T13:08:22","slug":"kirsal-mahalle-bulusmalari-taskuyuda-senlige-donustu","status":"publish","type":"post","link":"https:\/\/akdenizolaygazetesi.com\/?p=32973","title":{"rendered":"KIRSAL MAHALLE BULU\u015eMALARI TA\u015eKUYU\u2019DA \u015eENL\u0130\u011eE D\u00d6N\u00dc\u015eT\u00dc"},"content":{"rendered":"<p>Mersin B\u00fcy\u00fck\u015fehir Belediyesi&#8217;nin kad\u0131n eme\u011fine de\u011fer katan ve sosyalle\u015fme imkan\u0131 sa\u011flayan &#8216;K\u0131rsal Mahalle Bulu\u015fmalar\u0131&#8217; t\u00fcm h\u0131z\u0131yla devam ediyor. Tarsus&#8217;a ba\u011fl\u0131 k\u0131rsalda yer alan ve ba\u011fc\u0131l\u0131ktan zeytincili\u011fe, hayvanc\u0131l\u0131ktan farkl\u0131 \u00fcr\u00fcnlere kadar bir\u00e7ok \u00e7e\u015fidin \u00fcretildi\u011fi Ta\u015fkuyu Mahallesi, K\u0131rsal Mahalle Bulu\u015fmalar\u0131&#8217;na ev sahipli\u011fi yapt\u0131. Mahalle meydan\u0131nda yo\u011fun kat\u0131l\u0131mla ger\u00e7ekle\u015fen etkinlikte \u00e7al\u0131nan m\u00fczik e\u015fli\u011finde doyas\u0131ya e\u011flenen kad\u0131nlar, davul-zurna ile halay \u00e7ektiler. K\u0131rsal Mahalle Bulu\u015fmalar\u0131, Ta\u015fkuyu&#8217;da \u015fenli\u011fe d\u00f6n\u00fc\u015ft\u00fc.<\/p>\n<p>Mersin B\u00fcy\u00fck\u015fehir Belediyesi&#8217;nin kad\u0131n eme\u011fine de\u011fer katan ve sosyalle\u015fme imkan\u0131 sa\u011flayan &#8216;K\u0131rsal Mahalle Bulu\u015fmalar\u0131&#8217; t\u00fcm h\u0131z\u0131yla devam ediyor. Tarsus&#8217;a ba\u011fl\u0131 k\u0131rsalda yer alan ve ba\u011fc\u0131l\u0131ktan zeytincili\u011fe, hayvanc\u0131l\u0131ktan farkl\u0131 \u00fcr\u00fcnlere kadar bir\u00e7ok \u00e7e\u015fidin \u00fcretildi\u011fi Ta\u015fkuyu Mahallesi, K\u0131rsal Mahalle Bulu\u015fmalar\u0131&#8217;na ev sahipli\u011fi yapt\u0131. Mahalle meydan\u0131nda ger\u00e7ekle\u015fen etkinli\u011fe Ta\u015fkuyu sakini kad\u0131nlar\u0131n yan\u0131 s\u0131ra, \u00e7evre mahallelerden de \u00fcretici kad\u0131nlar kat\u0131l\u0131m g\u00f6sterdi. Mersin merkez ve Tarsus&#8217;ta bir\u00e7ok noktadan ula\u015f\u0131mlar\u0131 sa\u011flanan kad\u0131nlar hem keyif dolu bir g\u00fcn ya\u015fad\u0131lar, hem de organik \u00fcr\u00fcnlerin en kalitelilerini alma imkan\u0131 buldular.<\/p>\n<p>B\u00fcy\u00fck\u015fehir Belediyesi Kad\u0131n ve Aile Hizmetleri Dairesi Ba\u015fkanl\u0131\u011f\u0131 koordinesinde d\u00fczenli olarak ger\u00e7ekle\u015ftirilen K\u0131rsal Mahalle Bulu\u015fmalar\u0131&#8217;n\u0131n Ta\u015fkuyu Mahallesi aya\u011f\u0131nda kurulan stantlarda \u00fcretici kad\u0131nlar nar, nar ek\u015fisi, sirke, zeytin, zeytinya\u011f\u0131, baharat ve \u00e7e\u015fitli meyve sat\u0131\u015flar\u0131n\u0131 yapma f\u0131rsat\u0131 yakalad\u0131lar. \u00c7ocuklara y\u00f6nelik oyun at\u00f6lyeleri ve \u00e7e\u015fitli aktivitelerin de yer ald\u0131\u011f\u0131 programa muhtarlar ve vatanda\u015flar yo\u011fun ilgi g\u00f6sterdi.<\/p>\n<p>Sert: &#8220;\u00dcretici kad\u0131nlar\u0131m\u0131z el eme\u011fi \u00fcr\u00fcnlerinin sat\u0131\u015f\u0131n\u0131 yap\u0131yor&#8221;<\/p>\n<p>Projenin hem k\u0131rsalda, hem de merkezde ya\u015fayan kad\u0131nlar i\u00e7in olduk\u00e7a verimli oldu\u011funu s\u00f6yleyen Kad\u0131n ve Aile Hizmetleri Daire Ba\u015fkanl\u0131\u011f\u0131&#8217;nda g\u00f6rev yapan Burcu Sert, &#8220;Burada \u00fcretici kad\u0131nlar\u0131m\u0131z el eme\u011fi \u00fcr\u00fcnlerinin sat\u0131\u015f\u0131n\u0131 yaparken, di\u011fer mahallelerden gelen kad\u0131nlar da gezme f\u0131rsat\u0131 buldular. Zaten bu projedeki amac\u0131m\u0131z hem k\u0131rsal mahalle \u00fcretimini desteklemek, hem merkezde ya\u015fayan kad\u0131nlara gezi organizasyonu yapmak, hem de kad\u0131nlar\u0131n sosyal hayat\u0131n\u0131 desteklemek&#8221; dedi.<\/p>\n<p>Muhtar Benli: &#8220;Etkinlik \u00e7ok g\u00fczel bir ortamda ge\u00e7ti&#8221;<\/p>\n<p>T\u00fcrkiye Muhtarlar Derne\u011fi Tarsus \u015eube Ba\u015fkan\u0131 ve Fatih Mahallesi Muhtar\u0131 Turgay Benli, ortam\u0131 g\u00f6r\u00fcnce \u00e7ok mutlu oldu\u011funu belirterek, &#8220;B\u00fcy\u00fck\u015fehir Belediye Ba\u015fkan\u0131m\u0131za, b\u00f6yle bir etkinli\u011fi d\u00fczenledi\u011fi i\u00e7in \u015fahs\u0131m, derne\u011fim ve buradaki t\u00fcm vatanda\u015flar ad\u0131na \u00e7ok te\u015fekk\u00fcr ederim. Bug\u00fcn bu \u015fenli\u011fi g\u00f6rd\u00fck, \u00e7ocuklar\u0131m\u0131z\u0131n sevin\u00e7lerini g\u00f6rd\u00fck ve bizler de mutlu olduk&#8221; diye konu\u015ftu.<\/p>\n<p>Muhtar Apayd\u0131n: &#8220;Bir arada olmaktan ve \u00fcretmekten \u00e7ok memnunuz&#8221;<\/p>\n<p>Tarsus Ula\u015f Mahallesi Muhtar\u0131 Mahperiye Apayd\u0131n, kad\u0131nlar olarak bir arada olman\u0131n memnuniyetini ya\u015fad\u0131klar\u0131n\u0131 vurgulayarak, &#8220;Bu etkinlik; B\u00fcy\u00fck\u015fehir Belediye Ba\u015fkan\u0131m\u0131z\u0131n \u00fcretici ve t\u00fcketici kad\u0131nlar\u0131 bir araya getirdi\u011fi, kad\u0131nlar\u0131n neler yapabilece\u011fine, nas\u0131l sosyalle\u015febilece\u011fine ili\u015fkin bir etkinlik. Bir arada olmaktan ve \u00fcretmekten \u00e7ok memnunuz&#8221; ifadelerini kulland\u0131.<\/p>\n<p>Kad\u0131nlar, etkinlikler sayesinde sosyalle\u015fme ve kazan\u00e7 elde etme f\u0131rsat\u0131 yakal\u0131yor<\/p>\n<p>Tarsus&#8217;a ba\u011fl\u0131 k\u0131rsalda yer alan Kakl\u0131kta\u015f\u0131&#8217;ndan \u00fcretici Ay\u015fe Sar\u0131o\u011f etkinli\u011fi \u00e7ok g\u00fczel buldu\u011funu belirterek, &#8220;Ayva re\u00e7eli, nar ek\u015fisi gibi ev yap\u0131m\u0131 \u00fcr\u00fcnlerimizin sat\u0131\u015f\u0131n\u0131 yap\u0131yoruz.  Vahap Ba\u015fkan\u0131m\u0131z sayesinde \u00e7ok g\u00fczel \u015feyler oluyor, \u00e7ok g\u00fczel kazan\u00e7lar sa\u011fl\u0131yoruz. K\u00f6ydeki nergisimize bile etkinlik yapt\u0131 bizim i\u00e7in&#8221; dedi. <\/p>\n<p>Ta\u015fkuyu Mahallesi \u00fcretici kad\u0131nlar\u0131ndan \u00dcmm\u00fcg\u00fcls\u00fcm G\u00fcr, bu etkinlikler ve kurulan stantlar sayesinde el eme\u011fi \u00fcr\u00fcnlerini satma imkan\u0131 bulduklar\u0131n\u0131 vurgulayarak, &#8220;Ben \u00fcretici kad\u0131n\u0131m. Kekik suyu yap\u0131yorum. Ayr\u0131ca kendi \u00fcretti\u011fimiz biberlerimizden yapt\u0131\u011f\u0131m\u0131z sal\u00e7alar\u0131m\u0131z\u0131 bu stantlarda de\u011ferlendiriyoruz&#8221; ifadelerini kulland\u0131.<\/p>\n<p>Tarsus Ta\u015fkuyu Mahallesi Muhtar\u0131 Ersin Pan&#8217;\u0131n e\u015fi H\u00fcsniye Pan, kad\u0131nlar\u0131n sunulan imkanla evlerine gelir sa\u011flad\u0131klar\u0131n\u0131 belirterek, &#8220;Vahap Ba\u015fkan\u0131m\u0131z sayesinde k\u00f6y\u00fcm\u00fczde yap\u0131lan K\u0131rsal Mahalle Bulu\u015fmas\u0131, \u015fenlik tarz\u0131nda ge\u00e7iyor. Ba\u015fkan\u0131m\u0131z\u0131n bize tan\u0131m\u0131\u015f oldu\u011fu imkan sayesinde; kad\u0131nlar\u0131m\u0131z \u00fcrettikleri \u00fcr\u00fcnleri sat\u0131\u015fa sunarak, ailelerine ekonomik katk\u0131da bulunuyorlar&#8221; \u015feklinde konu\u015ftu.<\/p>\n<p>Kent merkezinden etkinli\u011fe kat\u0131l\u0131m g\u00f6steren kad\u0131nlar aras\u0131nda yer alan Ayten Fahlio\u011fullar\u0131 ise, &#8220;Mahalle gezilerinden \u00e7ok memnunuz. Vahap Ba\u015fkan \u00e7ok g\u00fczel \u015feyler yap\u0131yor. Ta\u015fkuyu K\u00f6y\u00fc gibi \u00e7ok g\u00fczel yerleri g\u00f6rme \u015fans\u0131m\u0131z oldu. Bu sayede kad\u0131nlar\u0131m\u0131z\u0131n \u00fcretti\u011fi ve yeti\u015ftirdi\u011fi \u00fcr\u00fcnleri de al\u0131yoruz ve memnunuz&#8221; dedi.<\/p>\n","protected":false},"excerpt":{"rendered":"<p>Mersin B\u00fcy\u00fck\u015fehir Belediyesi&#8217;nin kad\u0131n eme\u011fine de\u011fer katan ve sosyalle\u015fme imkan\u0131 sa\u011flayan &#8216;K\u0131rsal Mahalle Bulu\u015fmalar\u0131&#8217; t\u00fcm h\u0131z\u0131yla devam ediyor. Tarsus&#8217;a ba\u011fl\u0131 k\u0131rsalda yer alan ve ba\u011fc\u0131l\u0131ktan zeytincili\u011fe, hayvanc\u0131l\u0131ktan farkl\u0131 \u00fcr\u00fcnlere kadar &hellip; <a href=\"https:\/\/akdenizolaygazetesi.com\/?p=32973\" class=\"more-link\">Devam\u0131n\u0131 Oku&#8230;<\/a><\/p>\n","protected":false},"author":2,"featured_media":0,"comment_status":"open","ping_status":"open","sticky":false,"template":"","format":"standard","meta":[],"categories":[1,2,3],"tags":[],"_links":{"self":[{"href":"https:\/\/akdenizolaygazetesi.com\/index.php?rest_route=\/wp\/v2\/posts\/32973"}],"collection":[{"href":"https:\/\/akdenizolaygazetesi.com\/index.php?rest_route=\/wp\/v2\/posts"}],"about":[{"href":"https:\/\/akdenizolaygazetesi.com\/index.php?rest_route=\/wp\/v2\/types\/post"}],"author":[{"embeddable":true,"href":"https:\/\/akdenizolaygazetesi.com\/index.php?rest_route=\/wp\/v2\/users\/2"}],"replies":[{"embeddable":true,"href":"https:\/\/akdenizolaygazetesi.com\/index.php?rest_route=%2Fwp%2Fv2%2Fcomments&post=32973"}],"version-history":[{"count":1,"href":"https:\/\/akdenizolaygazetesi.com\/index.php?rest_route=\/wp\/v2\/posts\/32973\/revisions"}],"predecessor-version":[{"id":32975,"href":"https:\/\/akdenizolaygazetesi.com\/index.php?rest_route=\/wp\/v2\/posts\/32973\/revisions\/32975"}],"wp:attachment":[{"href":"https:\/\/akdenizolaygazetesi.com\/index.php?rest_route=%2Fwp%2Fv2%2Fmedia&parent=32973"}],"wp:term":[{"taxonomy":"category","embeddable":true,"href":"https:\/\/akdenizolaygazetesi.com\/index.php?rest_route=%2Fwp%2Fv2%2Fcategories&post=32973"},{"taxonomy":"post_tag","embeddable":true,"href":"https:\/\/akdenizolaygazetesi.com\/index.php?rest_route=%2Fwp%2Fv2%2Ftags&post=32973"}],"curies":[{"name":"wp","href":"https:\/\/api.w.org\/{rel}","templated":true}]}}