{"id":32976,"date":"2024-11-22T16:10:06","date_gmt":"2024-11-22T13:10:06","guid":{"rendered":"http:\/\/akdenizolaygazetesi.com\/?p=32976"},"modified":"2024-11-22T16:10:06","modified_gmt":"2024-11-22T13:10:06","slug":"ogrencilerden-buyuksehir-itfaiyesine-ziyaret","status":"publish","type":"post","link":"https:\/\/akdenizolaygazetesi.com\/?p=32976","title":{"rendered":"\u00d6\u011eRENC\u0130LERDEN B\u00dcY\u00dcK\u015eEH\u0130R \u0130TFA\u0130YES\u0130\u2019NE Z\u0130YARET"},"content":{"rendered":"\n<p>Necdet \u00dclger \u0130lk\u00f6\u011fretim Okulu 3-D S\u0131n\u0131f\u0131 \u00f6\u011frencileri, Mersin B\u00fcy\u00fck\u015fehir Belediyesi Yeni\u015fehir \u0130tfaiye Grup Amirli\u011fi&#8217;ni ziyaret etti. \u0130tfaiyecilerle tan\u0131\u015fan \u00f6\u011frenciler; itfaiyenin g\u00f6revlerini, yang\u0131n an\u0131nda neler yap\u0131lmas\u0131 gerekti\u011fini, itfaiye ara\u00e7lar\u0131n\u0131n nas\u0131l kullan\u0131ld\u0131\u011f\u0131n\u0131 ve donan\u0131mlar\u0131n\u0131n ne i\u015fe yarad\u0131\u011f\u0131 gibi konular\u0131 detayl\u0131 \u00f6\u011frenme f\u0131rsat\u0131 buldu.<\/p>\n<p>Necdet \u00dclger \u0130lk\u00f6\u011fretim Okulu 3-D S\u0131n\u0131f\u0131 \u00f6\u011frencileri, Mersin B\u00fcy\u00fck\u015fehir Belediyesi Yeni\u015fehir \u0130tfaiye Grup Amirli\u011fi&#8217;ni ziyaret etti. \u0130tfaiyecilerle tan\u0131\u015fan \u00f6\u011frenciler; itfaiye, itfaiyecilik mesle\u011fi ve yang\u0131nla alakal\u0131 \u00f6nemli bilgiler edindi.<\/p>\n<p>\u00d6\u011frencilere, E\u011fitim \u015eube Personeli Tu\u011fba Zorlu; itfaiyenin g\u00f6revlerinin ne oldu\u011funu, itfaiye ara\u00e7lar\u0131n\u0131n nas\u0131l kullan\u0131ld\u0131\u011f\u0131n\u0131, okulda veya evlerinde meydana gelebilecek olas\u0131 bir yang\u0131n durumunda \u00e7ocuklar\u0131n neler yapmalar\u0131 gerekti\u011fini anlatt\u0131. Yanma ve yang\u0131n aras\u0131ndaki fark\u0131 \u00f6rneklerle anlatan Zorlu, ba\u015flang\u0131\u00e7 a\u015famas\u0131nda yap\u0131lacak do\u011fru m\u00fcdahale ile can ve mal kayb\u0131na neden olabilecek b\u00fcy\u00fck \u00e7apta yang\u0131n\u0131n \u00f6n\u00fcne ge\u00e7ilebilece\u011fini aktard\u0131.<\/p>\n<p>Zorlu, yang\u0131n s\u00f6nd\u00fcrme cihazlar\u0131n\u0131n \u00f6zellikleri ve kullan\u0131m\u0131 hakk\u0131nda da bilgi verdi. Samimi ve sohbet havas\u0131nda ge\u00e7en mini e\u011fitim sonras\u0131nda itfaiyeciler, miniklerin itfaiye mesle\u011fi hakk\u0131nda merak ettikleri sorular\u0131 cevaplad\u0131.<\/p>\n<p>\u00d6\u011frenciler, itfaiye donan\u0131mlar\u0131n\u0131 \u00f6\u011frendi<\/p>\n<p>Ziyarette keyifli anlar ya\u015fayan \u00f6\u011frencilere, yang\u0131n ve benzeri afetlerde kullan\u0131lan ara\u00e7 ve gere\u00e7lerle ilgili de bilgiler verildi. \u00d6\u011frenciler; itfaiye ara\u00e7 gere\u00e7lerine yo\u011fun ilgi g\u00f6sterirken, itfaiyecilik mesle\u011fi hakk\u0131nda da bilgi sahibi oldu. \u0130tfaiyeciler, \u00fcniformalar\u0131n\u0131 \u00f6\u011frencilerin yan\u0131nda giyerek giyi\u015f s\u0131ras\u0131 ve giysinin \u00f6zelliklerini tan\u0131tt\u0131lar. \u0130tfaiyeciler yang\u0131n s\u00f6nd\u00fcrme ekipmanlar\u0131n\u0131 tan\u0131t\u0131rken, \u00e7ocuklara g\u00fcvenlik \u00f6nlemleri hakk\u0131nda da bilgi verdiler.<\/p>\n<p>\u0130tfaiyecilerin ihbar an\u0131nda olay sireninin \u00e7almas\u0131yla m\u00fcfrezeden vakaya \u00e7\u0131k\u0131\u015f\u0131 canland\u0131r\u0131ld\u0131. \u0130tfaiyecilerin demir direkten kayarak ini\u015fleri ve yang\u0131n s\u00f6nd\u00fcrme hortumlar\u0131n\u0131n nas\u0131l kullan\u0131ld\u0131\u011f\u0131n\u0131 g\u00f6stermeleri, \u00f6\u011frencileri en heyecanland\u0131ran anlar oldu. Her biri, s\u0131ras\u0131yla hortumu tutma ve su p\u00fcsk\u00fcrtme deneyimi ya\u015fad\u0131.<\/p>\n<p>Ak\u015fahin: &#8220;\u00d6\u011frencilerimiz bu gezi sayesinde, hayati derecede \u00f6nemli bilgiler edindiler&#8221;<\/p>\n<p>Necdet \u00dclger \u0130lk\u00f6\u011fretim Okulu 3-D S\u0131n\u0131f \u00d6\u011fretmeni Serap Ak\u015fahin, \u00f6\u011frencilerine itfaiyecilik mesle\u011fini yak\u0131ndan tan\u0131tmak amac\u0131yla bu geziyi d\u00fczenlediklerini belirtti. Bu gezi sayesinde, hayati derecede \u00f6nemli bilgiler ald\u0131klar\u0131n\u0131 s\u00f6yleyen Ak\u015fahin, &#8220;\u0130tfaiye&#8217;ye ger\u00e7ekle\u015ftirdi\u011fimiz bu gezi, umdu\u011fumuzdan \u00e7ok daha verimli oldu. \u00d6\u011frencilerimiz bu gezi sayesinde, hayati derecede \u00f6nemli bilgiler edindi. Mersin \u0130tfaiyesi&#8217;nin bilgi ve teknik kapasitesini yak\u0131ndan g\u00f6rd\u00fckten sonra, kendimizi art\u0131k daha g\u00fcvende hissediyoruz&#8221; dedi.<\/p>\n<p>Duygular\u0131n\u0131 ve d\u00fc\u015f\u00fcncelerini aktaran \u00f6\u011frenciler de, gezi sayesinde \u00f6nemli bilgiler ald\u0131klar\u0131n\u0131 ifade ettiler. \u0130tfaiye ara\u00e7lar\u0131n\u0131 yak\u0131ndan g\u00f6rmenin kendilerini heyecanland\u0131rd\u0131\u011f\u0131n\u0131 belirten \u00f6\u011frenciler, itfaiye hortumu ile su s\u0131karak hem e\u011flendiklerini hem de itfaiyecilik deneyimi ya\u015fad\u0131klar\u0131n\u0131 kaydettiler.<\/p>\n","protected":false},"excerpt":{"rendered":"<p>Necdet \u00dclger \u0130lk\u00f6\u011fretim Okulu 3-D S\u0131n\u0131f\u0131 \u00f6\u011frencileri, Mersin B\u00fcy\u00fck\u015fehir Belediyesi Yeni\u015fehir \u0130tfaiye Grup Amirli\u011fi&#8217;ni ziyaret etti. \u0130tfaiyecilerle tan\u0131\u015fan \u00f6\u011frenciler; itfaiyenin g\u00f6revlerini, yang\u0131n an\u0131nda neler yap\u0131lmas\u0131 gerekti\u011fini, itfaiye ara\u00e7lar\u0131n\u0131n nas\u0131l kullan\u0131ld\u0131\u011f\u0131n\u0131 &hellip; <a href=\"https:\/\/akdenizolaygazetesi.com\/?p=32976\" class=\"more-link\">Devam\u0131n\u0131 Oku&#8230;<\/a><\/p>\n","protected":false},"author":2,"featured_media":32977,"comment_status":"open","ping_status":"open","sticky":false,"template":"","format":"standard","meta":[],"categories":[1,2,3],"tags":[],"_links":{"self":[{"href":"https:\/\/akdenizolaygazetesi.com\/index.php?rest_route=\/wp\/v2\/posts\/32976"}],"collection":[{"href":"https:\/\/akdenizolaygazetesi.com\/index.php?rest_route=\/wp\/v2\/posts"}],"about":[{"href":"https:\/\/akdenizolaygazetesi.com\/index.php?rest_route=\/wp\/v2\/types\/post"}],"author":[{"embeddable":true,"href":"https:\/\/akdenizolaygazetesi.com\/index.php?rest_route=\/wp\/v2\/users\/2"}],"replies":[{"embeddable":true,"href":"https:\/\/akdenizolaygazetesi.com\/index.php?rest_route=%2Fwp%2Fv2%2Fcomments&post=32976"}],"version-history":[{"count":1,"href":"https:\/\/akdenizolaygazetesi.com\/index.php?rest_route=\/wp\/v2\/posts\/32976\/revisions"}],"predecessor-version":[{"id":32978,"href":"https:\/\/akdenizolaygazetesi.com\/index.php?rest_route=\/wp\/v2\/posts\/32976\/revisions\/32978"}],"wp:featuredmedia":[{"embeddable":true,"href":"https:\/\/akdenizolaygazetesi.com\/index.php?rest_route=\/wp\/v2\/media\/32977"}],"wp:attachment":[{"href":"https:\/\/akdenizolaygazetesi.com\/index.php?rest_route=%2Fwp%2Fv2%2Fmedia&parent=32976"}],"wp:term":[{"taxonomy":"category","embeddable":true,"href":"https:\/\/akdenizolaygazetesi.com\/index.php?rest_route=%2Fwp%2Fv2%2Fcategories&post=32976"},{"taxonomy":"post_tag","embeddable":true,"href":"https:\/\/akdenizolaygazetesi.com\/index.php?rest_route=%2Fwp%2Fv2%2Ftags&post=32976"}],"curies":[{"name":"wp","href":"https:\/\/api.w.org\/{rel}","templated":true}]}}