{"id":33057,"date":"2024-11-28T16:45:35","date_gmt":"2024-11-28T13:45:35","guid":{"rendered":"http:\/\/akdenizolaygazetesi.com\/?p=33057"},"modified":"2024-11-28T16:45:35","modified_gmt":"2024-11-28T13:45:35","slug":"chp-mersin-milletvekili-gulcan-kistan-koy-kanunu-teklifine-elestiri-halkin-hakkini-gasbediyorsunuz","status":"publish","type":"post","link":"https:\/\/akdenizolaygazetesi.com\/?p=33057","title":{"rendered":"CHP Mersin Milletvekili G\u00fclcan K\u0131\u015f\u2019tan K\u00f6y Kanunu Teklifine Ele\u015ftiri: \u201cHalk\u0131n Hakk\u0131n\u0131 Gasbediyorsunuz!\u201d"},"content":{"rendered":"<p>T\u00fcrkiye B\u00fcy\u00fck Millet Meclisi Genel Kurulu&#8217;nda, 10 maddesi Anayasa Mahkemesi&#8217;nden geri d\u00f6nen 26 maddelik K\u00f6y Kanunu ile Baz\u0131 Kanunlarda De\u011fi\u015fiklik Yap\u0131lmas\u0131na Dair Kanun Teklifi g\u00f6r\u00fc\u015fmeleri s\u0131ras\u0131nda CHP Mersin Milletvekili G\u00fclcan K\u0131\u015f, sert ele\u015ftirilerde bulundu. G\u00fclcan K\u0131\u015f,, teklifin hukuka ve vicdana ayk\u0131r\u0131 oldu\u011funu belirterek, hem d\u00fczenlemenin haz\u0131rlan\u0131\u015f s\u00fcrecini hem de i\u00e7eri\u011fini ele ald\u0131.<\/p>\n<p>&#8220;Hukuksuz Bir S\u00fcre\u00e7 \u0130\u015fletildi&#8221;<\/p>\n<p>Konu\u015fmas\u0131na, teklifin Meclis komisyonlar\u0131na sunulu\u015f ve g\u00f6r\u00fc\u015f\u00fcl\u00fc\u015f s\u00fcrecini ele\u015ftirerek ba\u015flayan CHP&#8217;li G\u00fclcan K\u0131\u015f,, TBMM \u0130\u00e7t\u00fcz\u00fc\u011f\u00fc&#8217;n\u00fcn 26. maddesine at\u0131fta bulunarak, komisyon \u00fcyelerine en az iki g\u00fcn s\u00fcre verilmesi gerekti\u011fini vurgulad\u0131. Ancak h\u00fck\u00fcmetin bu s\u00fcreci ihlal etti\u011fini belirtti. &#8220;Teklif metnini mesai bitiminde Komisyon \u00fcyelerine iletip ertesi g\u00fcn toplant\u0131 yapt\u0131n\u0131z ve yang\u0131ndan mal ka\u00e7\u0131r\u0131r gibi g\u00f6r\u00fc\u015fmeleri alelacele tamamlay\u0131p Genel Kurula getirdiniz,&#8221; diyen G\u00fclcan K\u0131\u015f, s\u00fcrecin Anayasa&#8217;ya ayk\u0131r\u0131 i\u015fletildi\u011fini ifade etti.<\/p>\n<p>&#8220;Ka\u00e7ak Yap\u0131la\u015fmay\u0131 Me\u015frula\u015ft\u0131r\u0131yorsunuz&#8221;<\/p>\n<p>G\u00fclcan K\u0131\u015f, teklifte yer alan d\u00fczenlemelerin ka\u00e7ak yap\u0131la\u015fmay\u0131 \u00f6nlemek bir yana, bunu me\u015frula\u015ft\u0131r\u0131c\u0131 bir etki yarataca\u011f\u0131na dikkat \u00e7ekti. 2017 y\u0131l\u0131nda getirilen imar bar\u0131\u015f\u0131n\u0131n yaratt\u0131\u011f\u0131 tahribat\u0131n h\u00e2l\u00e2 hissedildi\u011fini belirten K\u0131\u015f, bu teklifin de benzer bir yakla\u015f\u0131m i\u00e7erdi\u011fini s\u00f6yledi. &#8220;Devlet ormanlar\u0131nda yap\u0131lan izinsiz yap\u0131lar\u0131n y\u0131k\u0131m kapsam\u0131ndan \u00e7\u0131kar\u0131lmas\u0131, plans\u0131z kentle\u015fmeyi daha da art\u0131racakt\u0131r,&#8221; ifadelerini kullanan G\u00fclcan K\u0131\u015f, bunun vatanda\u015flar\u0131n m\u00fclkiyet hakk\u0131n\u0131 ihlal etti\u011fini ve \u015fehirle\u015fme sorunlar\u0131n\u0131 derinle\u015ftirece\u011fini kaydetti.<\/p>\n<p>&#8220;Yerel Y\u00f6netimlerin Yetkilerini Buduyorsunuz&#8221;<\/p>\n<p>Teklifte yerel y\u00f6netimlerin yetkilerini merkeze devreden d\u00fczenlemelere kar\u015f\u0131 \u00e7\u0131kan CHP&#8217;li K\u0131\u015f, &#8220;Bu teklif a\u00e7\u0131k\u00e7a yerel y\u00f6netimlerin yetkilerini budamay\u0131 ve merkez\u00ee idarenin g\u00fcc\u00fcn\u00fc art\u0131rmay\u0131 hedefliyor. \u00c7evre, \u015eehircilik ve \u0130klim De\u011fi\u015fikli\u011fi Bakanl\u0131\u011f\u0131&#8217;na tan\u0131nan s\u0131n\u0131rs\u0131z yetkilerle yerel y\u00f6netimleri devre d\u0131\u015f\u0131 b\u0131rak\u0131yorsunuz,&#8221; dedi. Yerel y\u00f6netimlerin halk\u0131n nabz\u0131n\u0131 en iyi tutan organlar oldu\u011funu vurgulayan K\u0131\u015f, bu d\u00fczenlemelerin demokrasiyi zay\u0131flatt\u0131\u011f\u0131n\u0131 savundu.<\/p>\n<p>&#8220;Bir kentin imar\u0131n\u0131 o kenti y\u00f6neten yerel belediyeler mi yoksa merkez\u00ee idare mi daha iyi anlar?&#8221; sorusunu soran G\u00fclcan K\u0131\u015f, merkeziyet\u00e7i politikalar\u0131n halk\u0131n taleplerini g\u00f6rmezden geldi\u011fini ve yeni sorunlar do\u011furdu\u011funu belirtti. Ayr\u0131ca, imar hakk\u0131 aktar\u0131m\u0131yla ilgili d\u00fczenlemelerin belirsizliklerle dolu oldu\u011funu ifade ederek, merkez\u00ee idareye s\u0131n\u0131rs\u0131z yetki verilmesinin halk\u0131n hakk\u0131n\u0131 gasbetmek anlam\u0131na geldi\u011fini s\u00f6yledi.<\/p>\n<p>&#8220;\u00c7evre Ajans\u0131 Rant Projelerinin Orta\u011f\u0131 m\u0131 Olacak?&#8221;<\/p>\n<p>CHP Mersin Milletvekili G\u00fclcan K\u0131\u015f, teklifin Say\u0131\u015ftay denetiminden muaf tutulan \u00c7evre Ajans\u0131&#8217;na tan\u0131d\u0131\u011f\u0131 yetkilere de dikkat \u00e7ekti. Ajans\u0131n \u00f6zel \u015firketlerle ortakl\u0131k kurmas\u0131na olanak sa\u011flayan d\u00fczenlemeleri ele\u015ftiren K\u0131\u015f, bu durumun kurumun do\u011fay\u0131 korumak yerine rant projelerinin orta\u011f\u0131 h\u00e2line gelece\u011fi endi\u015fesini dile getirdi. Depozito Y\u00f6netim Sistemi&#8217;ni bile kuramayan Ajans&#8217;\u0131n yetkilerinin geni\u015fletilmesinin keyfili\u011fi ve suistimalleri art\u0131raca\u011f\u0131n\u0131 belirtti.<\/p>\n<p>&#8220;Yap\u0131 Denetimi Rekabete A\u00e7\u0131larak Kalite D\u00fc\u015f\u00fcr\u00fcl\u00fcyor&#8221;<\/p>\n<p>Teklifteki yap\u0131 denetimiyle ilgili d\u00fczenlemelerin halk\u0131n can g\u00fcvenli\u011fini tehlikeye ataca\u011f\u0131n\u0131 s\u00f6yleyen G\u00fclcan K\u0131\u015f, deprem gibi felaketlerden ders al\u0131nmad\u0131\u011f\u0131n\u0131 belirtti. &#8220;Denetim firmalar\u0131n\u0131 maliyet \u00fczerinden yar\u0131\u015fa zorlayarak kaliteyi d\u00fc\u015f\u00fcreceksiniz. K\u00fc\u00e7\u00fck projelerde denetim bedellerini art\u0131rarak vatanda\u015f\u0131 cezaland\u0131r\u0131yorsunuz,&#8221; ifadelerini kulland\u0131. Bu d\u00fczenlemelerin sa\u011flam yap\u0131lar\u0131n in\u015fa edilmesine engel olaca\u011f\u0131n\u0131 ve vatanda\u015flar\u0131n g\u00fcvenini sarsaca\u011f\u0131n\u0131 kaydetti.<\/p>\n<p>&#8220;Hukuksuzlu\u011fun Kar\u015f\u0131s\u0131nda Duraca\u011f\u0131z&#8221;<\/p>\n<p>Konu\u015fmas\u0131n\u0131n sonunda G\u00fclcan K\u0131\u015f, teklife olan tepkisini, &#8220;Bu teklif yaln\u0131zca hukuka de\u011fil, vicdana da ayk\u0131r\u0131d\u0131r. Yerel y\u00f6netimlerin yetkilerini gasbetmek, \u00e7evreyi koruma bahanesiyle halk\u0131n kaynaklar\u0131n\u0131 s\u00f6m\u00fcrmek ve deprem gibi hayati bir konuda halk\u0131 koruyacak ad\u0131mlar atmamak kabul edilemez,&#8221; s\u00f6zleriyle dile getirdi. CHP olarak bu d\u00fczenlemenin kar\u015f\u0131s\u0131nda olacaklar\u0131n\u0131 ifade eden K\u0131\u015f, h\u00fck\u00fcmete seslenerek, &#8220;Halk bu d\u00fczeni g\u00f6rmektedir ve g\u00fcn\u00fc geldi\u011finde bunun hesab\u0131n\u0131 soracakt\u0131r,&#8221; dedi.<\/p>\n<p>G\u00fclcan K\u0131\u015f&#8217;\u0131n konu\u015fmas\u0131, CHP s\u0131ralar\u0131ndan yo\u011fun alk\u0131\u015f al\u0131rken, genel kurulda \u00f6nemli bir yank\u0131 uyand\u0131rd\u0131.<\/p>\n","protected":false},"excerpt":{"rendered":"<p>T\u00fcrkiye B\u00fcy\u00fck Millet Meclisi Genel Kurulu&#8217;nda, 10 maddesi Anayasa Mahkemesi&#8217;nden geri d\u00f6nen 26 maddelik K\u00f6y Kanunu ile Baz\u0131 Kanunlarda De\u011fi\u015fiklik Yap\u0131lmas\u0131na Dair Kanun Teklifi g\u00f6r\u00fc\u015fmeleri s\u0131ras\u0131nda CHP Mersin Milletvekili G\u00fclcan &hellip; <a href=\"https:\/\/akdenizolaygazetesi.com\/?p=33057\" class=\"more-link\">Devam\u0131n\u0131 Oku&#8230;<\/a><\/p>\n","protected":false},"author":2,"featured_media":33058,"comment_status":"open","ping_status":"open","sticky":false,"template":"","format":"standard","meta":[],"categories":[1,2,3],"tags":[],"_links":{"self":[{"href":"https:\/\/akdenizolaygazetesi.com\/index.php?rest_route=\/wp\/v2\/posts\/33057"}],"collection":[{"href":"https:\/\/akdenizolaygazetesi.com\/index.php?rest_route=\/wp\/v2\/posts"}],"about":[{"href":"https:\/\/akdenizolaygazetesi.com\/index.php?rest_route=\/wp\/v2\/types\/post"}],"author":[{"embeddable":true,"href":"https:\/\/akdenizolaygazetesi.com\/index.php?rest_route=\/wp\/v2\/users\/2"}],"replies":[{"embeddable":true,"href":"https:\/\/akdenizolaygazetesi.com\/index.php?rest_route=%2Fwp%2Fv2%2Fcomments&post=33057"}],"version-history":[{"count":1,"href":"https:\/\/akdenizolaygazetesi.com\/index.php?rest_route=\/wp\/v2\/posts\/33057\/revisions"}],"predecessor-version":[{"id":33059,"href":"https:\/\/akdenizolaygazetesi.com\/index.php?rest_route=\/wp\/v2\/posts\/33057\/revisions\/33059"}],"wp:featuredmedia":[{"embeddable":true,"href":"https:\/\/akdenizolaygazetesi.com\/index.php?rest_route=\/wp\/v2\/media\/33058"}],"wp:attachment":[{"href":"https:\/\/akdenizolaygazetesi.com\/index.php?rest_route=%2Fwp%2Fv2%2Fmedia&parent=33057"}],"wp:term":[{"taxonomy":"category","embeddable":true,"href":"https:\/\/akdenizolaygazetesi.com\/index.php?rest_route=%2Fwp%2Fv2%2Fcategories&post=33057"},{"taxonomy":"post_tag","embeddable":true,"href":"https:\/\/akdenizolaygazetesi.com\/index.php?rest_route=%2Fwp%2Fv2%2Ftags&post=33057"}],"curies":[{"name":"wp","href":"https:\/\/api.w.org\/{rel}","templated":true}]}}