{"id":33060,"date":"2024-11-29T16:05:23","date_gmt":"2024-11-29T13:05:23","guid":{"rendered":"http:\/\/akdenizolaygazetesi.com\/?p=33060"},"modified":"2024-11-29T16:05:23","modified_gmt":"2024-11-29T13:05:23","slug":"taner-isikbaydan-milletvekili-ekmene-destek","status":"publish","type":"post","link":"https:\/\/akdenizolaygazetesi.com\/?p=33060","title":{"rendered":"TANER I\u015eIKBAY\u2019DAN M\u0130LLETVEK\u0130L\u0130 EKMEN\u2019E DESTEK"},"content":{"rendered":"<p>TANER I\u015eIKBAY&#8217;DAN M\u0130LLETVEK\u0130L\u0130 EKMEN&#8217;E DESTEK<\/p>\n<p>DEVA Partisi Mersin \u0130l Ba\u015fkan\u0131 Taner I\u015f\u0131kbay, Mersin Milletvekili Mehmet Emin Ekmen&#8217;in \u00f6nderli\u011finde TBMM Ba\u015fkanl\u0131\u011f\u0131&#8217;na sunulan \u00f6\u011fretmen atamalar\u0131na dair kanun teklifine g\u00fc\u00e7l\u00fc bir destek verdi.<\/p>\n<p>M\u00fclakatta ba\u015far\u0131l\u0131 olmalar\u0131na ra\u011fmen, komisyonlar aras\u0131 de\u011ferlendirme fark\u0131 nedeniyle kota d\u0131\u015f\u0131 kalan \u00f6\u011fretmenlerin bir kereye mahsus atamalar\u0131n\u0131n yap\u0131lmas\u0131n\u0131 talep eden bu teklif, e\u011fitim alan\u0131ndaki adaletsizlikleri gidermeyi ama\u00e7l\u0131yor.<\/p>\n<p>TANER I\u015eIKBAY&#8217;DAN \u00d6\u011eRETMENLER\u0130N HAKLARI \u0130\u00c7\u0130N SES<\/p>\n<p>Taner I\u015f\u0131kbay, yapt\u0131\u011f\u0131 a\u00e7\u0131klamada, &#8220;Milletvekilimiz Mehmet Emin Ekmen&#8217;in \u00f6\u011fretmenlerimizin ya\u015fad\u0131\u011f\u0131 haks\u0131zl\u0131klar\u0131 ortadan kald\u0131rmak i\u00e7in atm\u0131\u015f oldu\u011fu bu \u00f6nemli ad\u0131m\u0131 destekliyoruz. Her \u00f6\u011fretmenin, yetenekleri do\u011frultusunda atama hakk\u0131na sahip olmas\u0131 gerekti\u011fine inan\u0131yoruz. E\u011fitimde f\u0131rsat e\u015fitli\u011fini sa\u011flamak, toplumumuzun gelece\u011fi a\u00e7\u0131s\u0131ndan son derece \u00f6nemlidir&#8221; dedi.<\/p>\n<p>E\u011e\u0130T\u0130MDE ADALET\u0130 SA\u011eLAMA HEDEF\u0130<\/p>\n<p>I\u015f\u0131kbay, &#8220;\u00d6\u011fretmenlerimiz, \u00fclkemizin geli\u015fiminde en \u00f6nemli rol\u00fc \u00fcstlenen bireylerdir. Onlar\u0131n emeklerinin kar\u015f\u0131l\u0131k bulmas\u0131 i\u00e7in gerekli t\u00fcm deste\u011fi vermeye haz\u0131r\u0131z. Bu kanun teklifi, \u00f6\u011fretmenlerimizin haklar\u0131n\u0131 savunmak ve e\u011fitim sisteminde ya\u015fanan adaletsizlikleri gidermek amac\u0131yla hayati bir ad\u0131md\u0131r&#8221; \u015feklinde ifade etti.<\/p>\n<p>DEVA PART\u0130S\u0130&#8217;N\u0130N E\u011e\u0130T\u0130M POL\u0130T\u0130KALARI<\/p>\n<p>DEVA Partisi, e\u011fitim alan\u0131nda ger\u00e7ekle\u015ftirdi\u011fi politikalarla, \u00f6\u011fretmenlerin haklar\u0131n\u0131 koruma ve e\u011fitimde kalitenin art\u0131r\u0131lmas\u0131 konusundaki kararl\u0131l\u0131\u011f\u0131n\u0131 s\u00fcrd\u00fcr\u00fcyor. Taner I\u015f\u0131kbay, &#8220;Bizim i\u00e7in e\u011fitim her \u015feyden \u00f6nce gelir. \u00d6\u011fretmenlerimizin ya\u015fad\u0131\u011f\u0131 sorunlar\u0131n \u00e7\u00f6z\u00fcme kavu\u015fturulmas\u0131 i\u00e7in birlikte \u00e7al\u0131\u015fmaya devam edece\u011fiz&#8221; dedi.<\/p>\n","protected":false},"excerpt":{"rendered":"<p>TANER I\u015eIKBAY&#8217;DAN M\u0130LLETVEK\u0130L\u0130 EKMEN&#8217;E DESTEK DEVA Partisi Mersin \u0130l Ba\u015fkan\u0131 Taner I\u015f\u0131kbay, Mersin Milletvekili Mehmet Emin Ekmen&#8217;in \u00f6nderli\u011finde TBMM Ba\u015fkanl\u0131\u011f\u0131&#8217;na sunulan \u00f6\u011fretmen atamalar\u0131na dair kanun teklifine g\u00fc\u00e7l\u00fc bir destek verdi. &hellip; <a href=\"https:\/\/akdenizolaygazetesi.com\/?p=33060\" class=\"more-link\">Devam\u0131n\u0131 Oku&#8230;<\/a><\/p>\n","protected":false},"author":2,"featured_media":33061,"comment_status":"open","ping_status":"open","sticky":false,"template":"","format":"standard","meta":[],"categories":[1,2,3],"tags":[],"_links":{"self":[{"href":"https:\/\/akdenizolaygazetesi.com\/index.php?rest_route=\/wp\/v2\/posts\/33060"}],"collection":[{"href":"https:\/\/akdenizolaygazetesi.com\/index.php?rest_route=\/wp\/v2\/posts"}],"about":[{"href":"https:\/\/akdenizolaygazetesi.com\/index.php?rest_route=\/wp\/v2\/types\/post"}],"author":[{"embeddable":true,"href":"https:\/\/akdenizolaygazetesi.com\/index.php?rest_route=\/wp\/v2\/users\/2"}],"replies":[{"embeddable":true,"href":"https:\/\/akdenizolaygazetesi.com\/index.php?rest_route=%2Fwp%2Fv2%2Fcomments&post=33060"}],"version-history":[{"count":1,"href":"https:\/\/akdenizolaygazetesi.com\/index.php?rest_route=\/wp\/v2\/posts\/33060\/revisions"}],"predecessor-version":[{"id":33062,"href":"https:\/\/akdenizolaygazetesi.com\/index.php?rest_route=\/wp\/v2\/posts\/33060\/revisions\/33062"}],"wp:featuredmedia":[{"embeddable":true,"href":"https:\/\/akdenizolaygazetesi.com\/index.php?rest_route=\/wp\/v2\/media\/33061"}],"wp:attachment":[{"href":"https:\/\/akdenizolaygazetesi.com\/index.php?rest_route=%2Fwp%2Fv2%2Fmedia&parent=33060"}],"wp:term":[{"taxonomy":"category","embeddable":true,"href":"https:\/\/akdenizolaygazetesi.com\/index.php?rest_route=%2Fwp%2Fv2%2Fcategories&post=33060"},{"taxonomy":"post_tag","embeddable":true,"href":"https:\/\/akdenizolaygazetesi.com\/index.php?rest_route=%2Fwp%2Fv2%2Ftags&post=33060"}],"curies":[{"name":"wp","href":"https:\/\/api.w.org\/{rel}","templated":true}]}}