{"id":33063,"date":"2024-11-29T16:13:02","date_gmt":"2024-11-29T13:13:02","guid":{"rendered":"http:\/\/akdenizolaygazetesi.com\/?p=33063"},"modified":"2024-11-29T16:13:02","modified_gmt":"2024-11-29T13:13:02","slug":"mezitli-ilcesi-icme-suyu-altyapi-projesinin-temeli-atildi","status":"publish","type":"post","link":"https:\/\/akdenizolaygazetesi.com\/?p=33063","title":{"rendered":"&#8216;MEZ\u0130TL\u0130 \u0130L\u00c7ES\u0130 \u0130\u00c7ME SUYU ALTYAPI PROJES\u0130&#8217;N\u0130N TEMEL\u0130 ATILDI&#8217;"},"content":{"rendered":"<p>MESK\u0130 Genel M\u00fcd\u00fcrl\u00fc\u011f\u00fc taraf\u0131ndan Mezitli \u0130l\u00e7esi&#8217;nde yap\u0131m\u0131na ba\u015flanacak olan &#8216;\u0130\u00e7me Suyu Altyap\u0131 Projesi&#8217;nin Temel Atma T\u00f6reni; Mersin B\u00fcy\u00fck\u015fehir Belediye Ba\u015fkan\u0131 Vahap Se\u00e7er&#8217;in de kat\u0131l\u0131m\u0131yla ger\u00e7ekle\u015ftirildi. Tasar\u0131m\u0131 2050 y\u0131l\u0131 i\u00e7in \u00f6ng\u00f6r\u00fclen n\u00fcfusa g\u00f6re yap\u0131lan proje ile Mezitli&#8217;nin i\u00e7me suyu problemleri \u00e7\u00f6z\u00fclecek.<\/p>\n<p>Hayata ge\u00e7irecekleri \u00e7al\u0131\u015fmalar ile Mersinlilerin daha temiz bir kentte ya\u015famas\u0131n\u0131 sa\u011flamay\u0131 hedeflediklerini kaydeden Se\u00e7er,  temeli at\u0131lan projenin merkez n\u00fcfusun y\u00fczde 45&#8217;ini ilgilendirdi\u011finden s\u00f6z etti.<\/p>\n<p>5 y\u0131l boyunca bir taraftan Mersin&#8217;e hizmet ederken, bir taraftan da altyap\u0131 ve \u00fcst yap\u0131 projelerine kadar hepsini \u00e7al\u0131\u015ft\u0131klar\u0131n\u0131 ifade eden Se\u00e7er, Mersin&#8217;in 13 il\u00e7esine yay\u0131lacak projeleri hayata ge\u00e7irmeye devam edeceklerini belirtti.<\/p>\n<p>MESK\u0130&#8217;nin toplam \u00e7al\u0131\u015fmalar\u0131n\u0131n bedelinin 230 milyon Euro oldu\u011funu aktaran Se\u00e7er, &#8220;MESK\u0130 marifetiyle TL baz\u0131nda 8,3 milyar liral\u0131k yat\u0131r\u0131mlar\u0131m\u0131z Mersinimize hay\u0131rl\u0131 u\u011furlu olsun&#8221; diye belirtti.<\/p>\n<p>Yat\u0131r\u0131mlar\u0131, vatanda\u015flar\u0131n \u00f6dedi\u011fi vergilerle ger\u00e7ekle\u015ftirdiklerinin alt\u0131n\u0131 \u00e7izen Se\u00e7er, &#8220;Esas olan; halk\u0131n paras\u0131n\u0131 do\u011fru, ak\u0131lc\u0131 bir \u015fekilde ve israf etmeden, onlar\u0131n taleplerini kar\u015f\u0131layacak do\u011fru yat\u0131r\u0131mlara kanalize etmektir&#8221; diye konu\u015ftu.<\/p>\n<p>Mersin B\u00fcy\u00fck\u015fehir Belediyesi Mersin Su ve Kanalizasyon \u0130daresi (MESK\u0130) Genel M\u00fcd\u00fcrl\u00fc\u011f\u00fc taraf\u0131ndan Mezitli \u0130l\u00e7esi&#8217;nde yap\u0131m\u0131na ba\u015flanacak olan &#8216;\u0130\u00e7me Suyu Altyap\u0131 Projesi&#8217;nin Temel Atma T\u00f6reni, Deniz Mahallesi, Koca Sinan Caddesi&#8217;nde Mersin B\u00fcy\u00fck\u015fehir Belediye Ba\u015fkan\u0131 Vahap Se\u00e7er&#8217;in de kat\u0131l\u0131m\u0131yla ger\u00e7ekle\u015ftirildi.<\/p>\n<p>Ba\u015fkan Se\u00e7er: &#8220;Mezitli ad\u0131na \u00e7ok g\u00fczel bir yat\u0131r\u0131m\u0131 hayata ge\u00e7iriyoruz&#8221;<\/p>\n<p>Mersin B\u00fcy\u00fck\u015fehir Belediye Ba\u015fkan\u0131 Vahap Se\u00e7er, temel atma t\u00f6reninde ger\u00e7ekle\u015ftirdi\u011fi konu\u015fmas\u0131nda; yakla\u015f\u0131k 5 y\u0131ld\u0131r &#8216;Mezitli \u0130l\u00e7esi \u0130\u00e7me Suyu Altyap\u0131 Projesi&#8217;nin \u00fczerinde titizlikle \u00e7al\u0131\u015ft\u0131klar\u0131ndan s\u00f6z ederek, temel atma t\u00f6reni ile de projenin ba\u015flang\u0131c\u0131n\u0131 yapt\u0131klar\u0131n\u0131n alt\u0131n\u0131 \u00e7izdi. Projede eme\u011fi ge\u00e7en herkese te\u015fekk\u00fcrlerini ileten Ba\u015fkan Se\u00e7er, &#8220;Bug\u00fcn burada yakla\u015f\u0131k olarak 32 milyon 223 bin Euro&#8217;luk, yani TL baz\u0131nda 1.2 milyar liral\u0131k bir yat\u0131r\u0131m\u0131n temel atma t\u00f6renindeyiz. Bu projeyi en erken tarihte bitirmeyi ama\u00e7l\u0131yoruz. Mezitli ad\u0131na \u00e7ok g\u00fczel bir yat\u0131r\u0131m\u0131 hayata ge\u00e7irmi\u015f olaca\u011f\u0131z&#8221; dedi.<\/p>\n<p>Yapt\u0131klar\u0131 projede Mezitli&#8217;nin 2050 y\u0131l\u0131 n\u00fcfusunu \u00f6ng\u00f6rerek bir \u00e7al\u0131\u015fma ger\u00e7ekle\u015ftirdiklerini kaydeden Ba\u015fkan Se\u00e7er, Mezitli&#8217;nin \u015fu andaki resmi n\u00fcfusunun yakla\u015f\u0131k olarak 225 bin oldu\u011funu ve bunu 2050 y\u0131l\u0131nda ise 600 bin olarak \u00f6ng\u00f6rd\u00fcklerini belirtti. \u0130ller Bankas\u0131&#8217;n\u0131n ve merkezi h\u00fck\u00fcmetin Mersin B\u00fcy\u00fck\u015fehir Belediyesi&#8217;ne kentin resmi n\u00fcfusuna g\u00f6re b\u00fct\u00e7e aktard\u0131\u011f\u0131n\u0131 ancak B\u00fcy\u00fck\u015fehir&#8217;in 2,7 milyon n\u00fcfusa g\u00f6re hizmet \u00fcretti\u011fini aktaran Se\u00e7er, bu olumsuzluklara ra\u011fmen Mersinlilere yerinde ve ak\u0131lc\u0131 projeler sunduklar\u0131n\u0131 s\u00f6yledi.<\/p>\n<p>&#8220;Bir\u00e7ok proje 13 il\u00e7emize yay\u0131lacak \u015fekilde haz\u0131rland\u0131&#8221;<\/p>\n<p>Mevcut imkanlar\u0131 en ak\u0131ll\u0131 \u015fekilde de\u011ferlendirdiklerini ve 5 y\u0131l boyunca Mersin halk\u0131na hizmet ettiklerini belirten Se\u00e7er, 2. hizmet d\u00f6nemlerinde de ayn\u0131 d\u00fcstur, anlay\u0131\u015f, inan\u00e7 ve \u015fevkle \u00e7al\u0131\u015fmalar\u0131n\u0131 s\u00fcrd\u00fcreceklerinin alt\u0131n\u0131 \u00e7izdi. Birbirinden de\u011ferli hizmetleri Mersinlilere kazand\u0131racaklar\u0131n\u0131 vurgulayan Se\u00e7er, &#8216;Mezitli \u0130l\u00e7esi \u0130\u00e7me Suyu Altyap\u0131 Projesi&#8217;nin de bunlardan bir tanesi oldu\u011funu s\u00f6zlerine ekledi. 5 y\u0131l boyunca bir taraftan Mersin&#8217;e hizmet ederken, bir taraftan da altyap\u0131 ve \u00fcst yap\u0131 projelerine kadar hepsini \u00e7al\u0131\u015ft\u0131klar\u0131n\u0131 ifade eden Se\u00e7er, &#8220;\u015eu anda 32 milyon 222 bin Euro&#8217;luk projenin d\u0131\u015f\u0131nda daha bir\u00e7ok proje 13 il\u00e7emize yay\u0131lacak \u015fekilde haz\u0131rland\u0131, finansman\u0131 bulundu, bir k\u0131sm\u0131n\u0131n in\u015faat\u0131 ba\u015fl\u0131yor, bir k\u0131sm\u0131 ihale a\u015famas\u0131nda, bir k\u0131sm\u0131n\u0131n da Cumhurba\u015fkanl\u0131\u011f\u0131 Strateji ve B\u00fct\u00e7e Ba\u015fkanl\u0131\u011f\u0131&#8217;nda onay\u0131n\u0131 bekliyoruz&#8221; ifadelerine yer verdi.<\/p>\n<p>&#8220;Bu proje; bug\u00fcne kadar ortaya \u00e7\u0131kan i\u00e7me suyu sorunlar\u0131n\u0131n \u00e7\u00f6z\u00fcm\u00fcne y\u00f6nelik bir yat\u0131r\u0131m&#8221;<\/p>\n<p>&#8216;Mezitli \u0130l\u00e7esi \u0130\u00e7me Suyu Altyap\u0131 Projesi&#8217;nin, merkez n\u00fcfusun y\u00fczde 45&#8217;ini ilgilendirdi\u011finden ve 1. etab\u0131n\u0131 yapt\u0131klar\u0131ndan s\u00f6z eden Se\u00e7er, ilk etapta; 75. Y\u0131l, \u0130stiklal, Cumhuriyet, Davultepe, Seymenli, H\u00fcrriyet, Deniz ve Tece mahallelerinin yer ald\u0131\u011f\u0131n\u0131 ifade etti. Se\u00e7er, &#8220;Bunlar\u0131n \u015febeke hatlar\u0131n\u0131n yenilenmesi ve bug\u00fcne kadar ortaya \u00e7\u0131kan i\u00e7me suyu sorunlar\u0131n\u0131n \u00e7\u00f6z\u00fcm\u00fcne y\u00f6nelik bir yat\u0131r\u0131m oluyor. Bizim bu b\u00f6lgede rezervuar alanlar\u0131m\u0131z ve depolar\u0131m\u0131z yoktu. Do\u011fal olarak da su kesilmelerinde tekrar suyun gelmesi ve sisteme dolmas\u0131 zaman\u0131m\u0131z\u0131 al\u0131yordu. Bu proje kapsam\u0131nda depo imalatlar\u0131 ile bu sorunu da ortadan kald\u0131r\u0131yoruz ve i\u00e7me suyu \u015febekesini tamamen yeniliyoruz. \u0130\u00e7mesuyu \u015febekesini yeni teknoloji ve boru sistemleri ile tamamen yeniliyoruz&#8221; dedi ve projenin Mezitli halk\u0131na hay\u0131rl\u0131, u\u011furlu olmas\u0131 temennisinde bulundu.<\/p>\n<p>MESK\u0130&#8217;nin 5 y\u0131l boyunca Tarsus&#8217;tan Anamur&#8217;a yat\u0131r\u0131mlar\u0131n\u0131n h\u0131z kesmeden devam edece\u011fini vurgulayan Se\u00e7er, Mersin&#8217;in neredeyse altyap\u0131s\u0131n\u0131 tamam\u0131n\u0131n de\u011fi\u015ftirecek olan projeleri tek tek s\u0131ralad\u0131. At\u0131ksu ar\u0131tma tesislerinden kanalizasyona, derin deniz de\u015farj\u0131ndan i\u00e7me suyu projelerine kadar bir dizi \u00e7al\u0131\u015fman\u0131n hayata ge\u00e7irilece\u011fini vurgulayan Se\u00e7er, AFD-FRIT II, EBRD, IFC, \u0130ller Bankas\u0131 ve B\u00fcy\u00fck\u015fehir&#8217;in \u00f6z kaynaklar\u0131ndan bu projelerin hayata ge\u00e7irilece\u011fini s\u00f6yledi. Finansmana eri\u015fmenin kolay olmad\u0131\u011f\u0131n\u0131 belirten Se\u00e7er, &#8220;Bunlar; sab\u0131rla, sebatla, kararl\u0131l\u0131kla, istikrarla, iyi bir b\u00fcrokrasiyle ve liyakatli kadrolarla \u00e7al\u0131\u015fmakla oluyor. Bundan sonra da b\u00f6yle olmaya devam edecek&#8221; dedi.<\/p>\n<p>&#8220;Ayr\u0131m yapmadan herkese adaletli hizmet g\u00f6t\u00fcr\u00fcyoruz&#8221;<\/p>\n<p>Cumhurba\u015fkanl\u0131\u011f\u0131 Strateji ve B\u00fct\u00e7e Ba\u015fkanl\u0131\u011f\u0131&#8217;ndan onay bekleyen projeler de oldu\u011funu s\u00f6yleyen Se\u00e7er, n\u00fcfusun h\u0131zla artmas\u0131 nedeniyle baz\u0131 yat\u0131r\u0131mlar\u0131n daha da h\u0131zlanmas\u0131 gerekti\u011fine de\u011findi. Mersin&#8217;in g\u00f6\u00e7 alan bir kent oldu\u011funa vurgu yapan Se\u00e7er, \u015fu s\u00f6zlere yer verdi:<\/p>\n<p>&#8220;Mersin \u00e7ok g\u00f6\u00e7 al\u0131yor ama sadece yurdun d\u00f6rt bir yan\u0131ndan gelen insanlar\u0131n g\u00f6\u00e7 etti\u011fi bir yer de\u011fil. Buras\u0131 Orta Do\u011fu&#8217;dan Kafkaslar&#8217;daki geli\u015fmelere, Karadeniz&#8217;den Do\u011fu Akdeniz&#8217;deki hareketlenmelere kadar her yerden etkileniyor. Onun i\u00e7in &#8216;Mersin bir k\u00fc\u00e7\u00fck T\u00fcrkiye&#8217;dir&#8217; diyoruz, onun i\u00e7in &#8216;Mersin T\u00fcrkiye&#8217;nin iz d\u00fc\u015f\u00fcm\u00fc&#8217; diyoruz. Mersin T\u00fcrkiye&#8217;nin sosyal bar\u0131\u015f\u0131n\u0131n korunmas\u0131 gereken en \u00f6nemli kenti. Bu kentte herkese; partizanl\u0131k, etnik ve inan\u00e7 grubu, sensin, bensin, zenginsin, fakirsin ayr\u0131m\u0131 yapmadan adaletli hizmet g\u00f6t\u00fcr\u00fcyoruz. T\u00fcrkiye&#8217;de ele\u015ftirdi\u011fimiz sorunlar\u0131 biz kendi b\u00f6lgemizde kendi elimizle yaratamay\u0131z, \u00f6nce kendimize bakaca\u011f\u0131z. Biz adalet istiyoruz, hepimiz karde\u015fiz. Bu \u00fclke bizim. Biz Albayrak alt\u0131nda Atat\u00fcrk&#8217;\u00fcm\u00fcz\u00fcn \u00f6nderli\u011finde ya\u015fayan bir milletiz.&#8221;<\/p>\n<p>&#8220;Daha temiz bir Mersin ve Akdeniz&#8217;de ya\u015famak herkesin hakk\u0131&#8221;<\/p>\n<p>MESK\u0130&#8217;nin \u00e7al\u0131\u015fmalar\u0131n\u0131n toplam bedelinin 230 milyon Euro oldu\u011funu belirten Se\u00e7er, &#8220;MESK\u0130 marifetiyle Mersin&#8217;e TL baz\u0131nda 8,3 milyar liral\u0131k yat\u0131r\u0131mlar ger\u00e7ekle\u015ftirece\u011fiz. Daha temiz bir Mersin ve Akdeniz&#8217;de ya\u015famak herkesin hakk\u0131. Temiz bir \u00e7evrede ya\u015famak her vatanda\u015f\u0131n anayasal hakk\u0131. Yat\u0131r\u0131mlar\u0131n bedeli y\u00fcksek olabilir ama kaybetti\u011fimiz bir do\u011fan\u0131n ve d\u00fcnyan\u0131n parasal kar\u015f\u0131l\u0131\u011f\u0131 yok&#8221; ifadelerine yer verdi.<\/p>\n<p>&#8220;Toplumlar\u0131n refah d\u00fczeyini y\u00fckseltecek olan, e\u011fitimdir&#8221;<\/p>\n<p>Toplumlar\u0131n refah d\u00fczeyini y\u00fckseltecek temel kriterlerden bir tanesinin e\u011fitim oldu\u011funu belirten Se\u00e7er, &#8220;D\u00fcnyada sayg\u0131de\u011fer \u00fclkeler aras\u0131na girmek ve onlarla rekabet etmek ayn\u0131 zamanda da refah\u0131 e\u015fit da\u011f\u0131tmak ve refah seviyesini y\u00fckseltmek, k\u00fclt\u00fcr- sanata \u00f6nem veren bir toplum yaratmak istiyorsak bunu e\u011fitimle ba\u015flataca\u011f\u0131z. E\u011fitimi de \u00e7ocuklar\u0131m\u0131z ve a\u00e7aca\u011f\u0131m\u0131z kre\u015fler, \u00e7ocuk geli\u015fim merkezleri ve \u00e7ocuk etkinlik merkezleri ile ba\u015flataca\u011f\u0131z. Bu sadece belediyelerin \u00e7ocuklar\u0131m\u0131za bir hizmeti de\u011fildir. Biz devletin bir kurumuyuz. Bizim harcad\u0131\u011f\u0131m\u0131z paralar sizlerin paralar\u0131. Bizler, sizlerin \u00f6dedi\u011fi vergiler ile bu yat\u0131r\u0131mlar\u0131 yap\u0131yoruz. Onun i\u00e7in bu \u00e7al\u0131\u015fmalar\u0131 A Kurumu yapm\u0131\u015f B Kurumu yapm\u0131\u015f bunlar i\u015fin detay\u0131&#8221; dedi.<\/p>\n<p>Esas olan\u0131n; halk\u0131n paras\u0131n\u0131 do\u011fru, ak\u0131lc\u0131 bir \u015fekilde ve israf etmeden, onlar\u0131n taleplerini kar\u015f\u0131layacak do\u011fru yat\u0131r\u0131mlara kanalize etmek oldu\u011funun alt\u0131n\u0131 \u00e7izen Se\u00e7er, &#8220;B\u00f6yle yap\u0131yorsan\u0131z ve israftan ka\u00e7\u0131yorsan\u0131z iyi, do\u011fru, halk\u0131n\u0131z\u0131, \u00fclkenizi ve vatan\u0131n\u0131z\u0131 seven bir belediye ba\u015fkan\u0131s\u0131n\u0131zd\u0131r. Atat\u00fcrk&#8217;\u00fcn de dedi\u011fi gibi; &#8216;Vatan\u0131n\u0131 en \u00e7ok seven vazifesini en iyi yapand\u0131r!&#8217; Biz, Ata&#8217;m\u0131z\u0131 da vatan\u0131m\u0131z\u0131 da seviyoruz. Onun i\u00e7in vazifemizi en iyi \u015fekilde yapmaya gayret ediyoruz&#8221; ifadelerini kulland\u0131. Projenin tamamlanmas\u0131 ile Mezitli&#8217;ye g\u00fczel bir hizmetin daha kazand\u0131r\u0131lm\u0131\u015f olaca\u011f\u0131n\u0131 vurgulayan Se\u00e7er, projede eme\u011fi ge\u00e7en MESK\u0130 ve \u0130ller Bankas\u0131 Genel M\u00fcd\u00fcrl\u00fc\u011f\u00fc&#8217;ne te\u015fekk\u00fcr ederek s\u00f6zlerini sonland\u0131rd\u0131.<\/p>\n<p>Ba\u015fkan Tuncer: &#8220;Art\u0131k sa\u011fl\u0131kl\u0131 sular i\u00e7ece\u011fiz&#8221;<\/p>\n<p>Mezitli Belediye Ba\u015fkan\u0131 Ahmet Serkan Tuncer, Ba\u015fkan Vahap Se\u00e7er \u00f6nc\u00fcl\u00fc\u011f\u00fcnde B\u00fcy\u00fck\u015fehir Belediyesi&#8217;nin parti ayr\u0131m\u0131 yapmadan t\u00fcm kentte e\u015fit hizmet yapt\u0131\u011f\u0131n\u0131 ve 31 Mart&#8217;ta bunun kar\u015f\u0131l\u0131\u011f\u0131n\u0131 ald\u0131\u011f\u0131n\u0131 belirterek, il\u00e7e belediyelerinin de projelerde B\u00fcy\u00fck\u015fehir&#8217;in izinden gitti\u011fini s\u00f6yledi. Tuncer, &#8220;Art\u0131k sa\u011fl\u0131kl\u0131 sular i\u00e7ece\u011fiz. Y\u0131llar \u00f6nce hayali kurulan proje hayata ge\u00e7iyor. Mezitlimize hay\u0131rl\u0131 olsun&#8221; dedi.<\/p>\n<p>Temel Atma T\u00f6reni&#8217;nde ayr\u0131ca; Ayd\u0131nc\u0131k Belediye Ba\u015fkan\u0131 \u00d6zkan K\u0131l\u0131\u00e7arpa ile Deniz Mahallesi Muhtar\u0131 Ahmet Dip de birer konu\u015fma ger\u00e7ekle\u015ftirdi. Konu\u015fmalar\u0131n ard\u0131ndan Ba\u015fkan Se\u00e7er ve protokol \u00fcyeleri taraf\u0131ndan Mezitli \u0130l\u00e7esi \u0130\u00e7me Suyu Altyap\u0131 Projesi&#8217;nin temeli at\u0131ld\u0131.<\/p>\n","protected":false},"excerpt":{"rendered":"<p>MESK\u0130 Genel M\u00fcd\u00fcrl\u00fc\u011f\u00fc taraf\u0131ndan Mezitli \u0130l\u00e7esi&#8217;nde yap\u0131m\u0131na ba\u015flanacak olan &#8216;\u0130\u00e7me Suyu Altyap\u0131 Projesi&#8217;nin Temel Atma T\u00f6reni; Mersin B\u00fcy\u00fck\u015fehir Belediye Ba\u015fkan\u0131 Vahap Se\u00e7er&#8217;in de kat\u0131l\u0131m\u0131yla ger\u00e7ekle\u015ftirildi. Tasar\u0131m\u0131 2050 y\u0131l\u0131 i\u00e7in \u00f6ng\u00f6r\u00fclen &hellip; <a href=\"https:\/\/akdenizolaygazetesi.com\/?p=33063\" class=\"more-link\">Devam\u0131n\u0131 Oku&#8230;<\/a><\/p>\n","protected":false},"author":2,"featured_media":33064,"comment_status":"open","ping_status":"open","sticky":false,"template":"","format":"standard","meta":[],"categories":[1,2,3],"tags":[],"_links":{"self":[{"href":"https:\/\/akdenizolaygazetesi.com\/index.php?rest_route=\/wp\/v2\/posts\/33063"}],"collection":[{"href":"https:\/\/akdenizolaygazetesi.com\/index.php?rest_route=\/wp\/v2\/posts"}],"about":[{"href":"https:\/\/akdenizolaygazetesi.com\/index.php?rest_route=\/wp\/v2\/types\/post"}],"author":[{"embeddable":true,"href":"https:\/\/akdenizolaygazetesi.com\/index.php?rest_route=\/wp\/v2\/users\/2"}],"replies":[{"embeddable":true,"href":"https:\/\/akdenizolaygazetesi.com\/index.php?rest_route=%2Fwp%2Fv2%2Fcomments&post=33063"}],"version-history":[{"count":1,"href":"https:\/\/akdenizolaygazetesi.com\/index.php?rest_route=\/wp\/v2\/posts\/33063\/revisions"}],"predecessor-version":[{"id":33065,"href":"https:\/\/akdenizolaygazetesi.com\/index.php?rest_route=\/wp\/v2\/posts\/33063\/revisions\/33065"}],"wp:featuredmedia":[{"embeddable":true,"href":"https:\/\/akdenizolaygazetesi.com\/index.php?rest_route=\/wp\/v2\/media\/33064"}],"wp:attachment":[{"href":"https:\/\/akdenizolaygazetesi.com\/index.php?rest_route=%2Fwp%2Fv2%2Fmedia&parent=33063"}],"wp:term":[{"taxonomy":"category","embeddable":true,"href":"https:\/\/akdenizolaygazetesi.com\/index.php?rest_route=%2Fwp%2Fv2%2Fcategories&post=33063"},{"taxonomy":"post_tag","embeddable":true,"href":"https:\/\/akdenizolaygazetesi.com\/index.php?rest_route=%2Fwp%2Fv2%2Ftags&post=33063"}],"curies":[{"name":"wp","href":"https:\/\/api.w.org\/{rel}","templated":true}]}}