{"id":33069,"date":"2024-11-29T16:17:46","date_gmt":"2024-11-29T13:17:46","guid":{"rendered":"http:\/\/akdenizolaygazetesi.com\/?p=33069"},"modified":"2024-11-29T16:17:46","modified_gmt":"2024-11-29T13:17:46","slug":"yurttasin-ihtiyac-duydugu-her-alanda-buyuksehir-var","status":"publish","type":"post","link":"https:\/\/akdenizolaygazetesi.com\/?p=33069","title":{"rendered":"YURTTA\u015eIN \u0130HT\u0130YA\u00c7 DUYDU\u011eU HER ALANDA B\u00dcY\u00dcK\u015eEH\u0130R VAR"},"content":{"rendered":"<p>\u0130htiya\u00e7 duyulan her alanda hizmet yapan Mersin B\u00fcy\u00fck\u015fehir Belediyesi, &#8216;Evde Sa\u011fl\u0131k ve Bak\u0131m Hizmetleri&#8217;yle uzaklar\u0131 yak\u0131n etmeye ve t\u00fcm yurtta\u015flar\u0131n hayat\u0131n\u0131 kolayla\u015ft\u0131rarak herkesin kimsesi olmaya devam ediyor. Anamur&#8217;da ya\u015fayan ve \u015eeker Hastal\u0131\u011f\u0131 nedeniyle g\u00f6zleri ile bir baca\u011f\u0131n\u0131 kaybeden Kamil \u015eim\u015fek&#8217;i de yaln\u0131z b\u0131rakmayan ekipler, 4 y\u0131ld\u0131r evde bak\u0131m deste\u011fini s\u00fcrd\u00fcr\u00fcyor.<\/p>\n<p>Mersin&#8217;in her k\u00f6\u015fesinde ya\u015fayan b\u00fct\u00fcn yurtta\u015flar i\u00e7in birbirinden k\u0131ymetli hizmetler veren Mersin B\u00fcy\u00fck\u015fehir Belediyesi Sa\u011fl\u0131k \u0130\u015fleri Dairesi Ba\u015fkanl\u0131\u011f\u0131, &#8216;Evde Sa\u011fl\u0131k ve Bak\u0131m Hizmetleri&#8217; ile evde bak\u0131ma ihtiya\u00e7 duyanlar\u0131 da yaln\u0131z b\u0131rakm\u0131yor. \u0130htiya\u00e7 duyulan her alanda hizmet yapan ekipler, uzaklar\u0131 yak\u0131n etmeye ve t\u00fcm yurtta\u015flar\u0131n hayat\u0131n\u0131 kolayla\u015ft\u0131rarak herkesin kimsesi olmaya devam ediyor.<\/p>\n<p>Mesafeleri \u00f6nemsemeden Anamur&#8217;dan Tarsus&#8217;a, \u00c7aml\u0131yayla&#8217;dan G\u00fclnar&#8217;a kadar kentin her noktas\u0131na yeti\u015fen ekipler, Anamur&#8217;da ya\u015fayan Kamil \u015eim\u015fek&#8217;i de 4 y\u0131ld\u0131r yaln\u0131z b\u0131rakm\u0131yor. \u015eeker Hastal\u0131\u011f\u0131 nedeniyle g\u00f6zlerini ve bir baca\u011f\u0131n\u0131 kaybeden 53 ya\u015f\u0131ndaki \u015eim\u015fek, hastal\u0131k nedeniyle ya\u015fad\u0131\u011f\u0131 sorunlar\u0131n ard\u0131ndan deste\u011fe ihtiya\u00e7 duymaya ba\u015flad\u0131. \u015eim\u015fek&#8217;in ba\u015fvurusunun ard\u0131ndan harekete ge\u00e7en B\u00fcy\u00fck\u015fehir ekipleri, 4 y\u0131ld\u0131r \u015eim\u015fek&#8217;i bir an olsun yaln\u0131z b\u0131rakm\u0131yor. \u015eim\u015fek ise ald\u0131\u011f\u0131 hizmetten memnuniyetini dile getirirken, ba\u015far\u0131l\u0131 buldu\u011fu hizmeti ihtiyac\u0131 olan herkese tavsiye ediyor.<\/p>\n<p>Y\u0131ld\u0131z: &#8220;\u0130htiya\u00e7 duyan ailelere elimizden geldi\u011fince hizmet ediyoruz&#8221;<\/p>\n<p>Mersin B\u00fcy\u00fck\u015fehir Belediyesi Sa\u011fl\u0131k \u0130\u015fleri Dairesi Ba\u015fkanl\u0131\u011f\u0131 b\u00fcnyesinde hizmet veren Evde Sa\u011fl\u0131k ve Bak\u0131m Hizmetleri Birim Sorumlusu H\u00fcseyin Y\u0131ld\u0131z, Kamil \u015eim\u015fek&#8217;e verdikleri hizmetlerden s\u00f6z ederek, &#8220;Kamil Bey&#8217;e 4 y\u0131ld\u0131r ki\u015fisel bak\u0131m hizmeti veriyoruz. T\u0131ra\u015f\u0131n\u0131 yap\u0131yoruz, t\u0131rna\u011f\u0131n\u0131 kesiyoruz, banyosunu yapt\u0131r\u0131yoruz. Kamil Bey de Ba\u015fkan\u0131m\u0131zdan ve verdi\u011fimiz d\u00f6rt d\u00f6rtl\u00fck hizmetlerden memnun oldu\u011funu belirtiyor&#8221; dedi.<\/p>\n<p>Ekip arkada\u015flar\u0131n\u0131n hepsinin g\u00fcler y\u00fcz ile hizmet verdi\u011finden s\u00f6z eden Y\u0131ld\u0131z, &#8220;Ekip arkada\u015flar\u0131m\u0131z, ihtiya\u00e7 duyan b\u00fct\u00fcn ailelere hizmet etmek i\u00e7in ellerinden geleni yap\u0131yorlar. Kamil Bey banyosunda ve t\u0131ra\u015f\u0131nda g\u00fc\u00e7l\u00fckler \u00e7ekiyordu. Biz geldik banyosunu, t\u0131ra\u015f\u0131n\u0131 ve b\u00fct\u00fcn hizmetlerini yapt\u0131k ve rahata kavu\u015ftu. Bizden yatak talebinde bulundu ve yata\u011f\u0131n\u0131 getirip teslim ettik. 2 y\u0131l \u00f6nce de tekerlekli sandalyesini verdik&#8221; diye konu\u015ftu.<\/p>\n<p>\u015eim\u015fek: &#8220;Ekipler her t\u00fcrl\u00fc ihtiyac\u0131m\u0131 d\u00f6rt d\u00f6rtl\u00fck yap\u0131yorlar&#8221;<\/p>\n<p>Mersin B\u00fcy\u00fck\u015fehir Belediyesi&#8217;nin Evde Sa\u011fl\u0131k ve Bak\u0131m Hizmetinden faydalanan ve Anamur&#8217;da ya\u015fayan 53 ya\u015f\u0131ndaki vatanda\u015f Kamil \u015eim\u015fek, \u015feker hastas\u0131 oldu\u011funu ve 4 y\u0131l \u00f6nce aya\u011f\u0131n\u0131 kaybetti\u011fini ifade etti. \u015eim\u015fek, &#8220;4 y\u0131ldan beri devaml\u0131 B\u00fcy\u00fck\u015fehir&#8217;den Evde Sa\u011fl\u0131k ve Bak\u0131m Hizmeti&#8217;ni al\u0131yorum. Bu hizmet \u00e7ok ba\u015far\u0131l\u0131&#8221; dedi. Tekerlekli sandalye yard\u0131m\u0131 ile ya\u015fam\u0131n\u0131 s\u00fcrd\u00fcrd\u00fc\u011f\u00fcn\u00fc ifade eden \u015eim\u015fek, &#8220;G\u00f6zlerim g\u00f6rm\u00fcyor, baca\u011f\u0131m yok ve d\u0131\u015far\u0131ya hi\u00e7 \u00e7\u0131kam\u0131yorum. \u00c7ocuklar tekerlekli sandalye ile bir yerlere g\u00f6t\u00fcr\u00fcp getirebiliyorlar ve bu da g\u00fc\u00e7l\u00fckle oluyor&#8221; diye konu\u015ftu.<\/p>\n<p>B\u00fcy\u00fck\u015fehir Belediyesi taraf\u0131ndan kendisine uzat\u0131lan yard\u0131m eli i\u00e7in de te\u015fekk\u00fcrlerini ileten \u015eim\u015fek, &#8220;T\u0131ra\u015f\u0131m\u0131, banyomu ve her t\u00fcrl\u00fc ihtiyac\u0131m\u0131 d\u00f6rt d\u00f6rtl\u00fck yap\u0131yorlar. B\u00fcy\u00fck\u015fehir Belediyesi olmasa ben tek ba\u015f\u0131ma burada ya\u015fayamam, bir \u015fey yapamam, yapt\u0131ramam. Vahap Se\u00e7er&#8217;den tek iste\u011fim; sa\u011fl\u0131\u011f\u0131, s\u0131hhati yerinde olsun, Allah daha nice y\u0131llara eri\u015ftirsin. Ba\u015fka bir iste\u011fim yok. Vahap Se\u00e7er beni burada darda koymad\u0131. Bana tertemiz, \u00e7i\u00e7ek gibi bak\u0131l\u0131yor. Ba\u015fkan\u0131m\u0131z da darda kalmas\u0131n&#8221; ifadelerini kulland\u0131.<\/p>\n","protected":false},"excerpt":{"rendered":"<p>\u0130htiya\u00e7 duyulan her alanda hizmet yapan Mersin B\u00fcy\u00fck\u015fehir Belediyesi, &#8216;Evde Sa\u011fl\u0131k ve Bak\u0131m Hizmetleri&#8217;yle uzaklar\u0131 yak\u0131n etmeye ve t\u00fcm yurtta\u015flar\u0131n hayat\u0131n\u0131 kolayla\u015ft\u0131rarak herkesin kimsesi olmaya devam ediyor. Anamur&#8217;da ya\u015fayan ve &hellip; <a href=\"https:\/\/akdenizolaygazetesi.com\/?p=33069\" class=\"more-link\">Devam\u0131n\u0131 Oku&#8230;<\/a><\/p>\n","protected":false},"author":2,"featured_media":33070,"comment_status":"open","ping_status":"open","sticky":false,"template":"","format":"standard","meta":[],"categories":[1,2,3],"tags":[],"_links":{"self":[{"href":"https:\/\/akdenizolaygazetesi.com\/index.php?rest_route=\/wp\/v2\/posts\/33069"}],"collection":[{"href":"https:\/\/akdenizolaygazetesi.com\/index.php?rest_route=\/wp\/v2\/posts"}],"about":[{"href":"https:\/\/akdenizolaygazetesi.com\/index.php?rest_route=\/wp\/v2\/types\/post"}],"author":[{"embeddable":true,"href":"https:\/\/akdenizolaygazetesi.com\/index.php?rest_route=\/wp\/v2\/users\/2"}],"replies":[{"embeddable":true,"href":"https:\/\/akdenizolaygazetesi.com\/index.php?rest_route=%2Fwp%2Fv2%2Fcomments&post=33069"}],"version-history":[{"count":1,"href":"https:\/\/akdenizolaygazetesi.com\/index.php?rest_route=\/wp\/v2\/posts\/33069\/revisions"}],"predecessor-version":[{"id":33071,"href":"https:\/\/akdenizolaygazetesi.com\/index.php?rest_route=\/wp\/v2\/posts\/33069\/revisions\/33071"}],"wp:featuredmedia":[{"embeddable":true,"href":"https:\/\/akdenizolaygazetesi.com\/index.php?rest_route=\/wp\/v2\/media\/33070"}],"wp:attachment":[{"href":"https:\/\/akdenizolaygazetesi.com\/index.php?rest_route=%2Fwp%2Fv2%2Fmedia&parent=33069"}],"wp:term":[{"taxonomy":"category","embeddable":true,"href":"https:\/\/akdenizolaygazetesi.com\/index.php?rest_route=%2Fwp%2Fv2%2Fcategories&post=33069"},{"taxonomy":"post_tag","embeddable":true,"href":"https:\/\/akdenizolaygazetesi.com\/index.php?rest_route=%2Fwp%2Fv2%2Ftags&post=33069"}],"curies":[{"name":"wp","href":"https:\/\/api.w.org\/{rel}","templated":true}]}}