{"id":33110,"date":"2024-12-02T15:52:26","date_gmt":"2024-12-02T12:52:26","guid":{"rendered":"http:\/\/akdenizolaygazetesi.com\/?p=33110"},"modified":"2024-12-02T15:52:26","modified_gmt":"2024-12-02T12:52:26","slug":"toroslar-19-mayis-ilkokulunda-kulturun-izinde-mersin-sergisi-acildi","status":"publish","type":"post","link":"https:\/\/akdenizolaygazetesi.com\/?p=33110","title":{"rendered":"TOROSLAR 19 MAYIS \u0130LKOKULUNDA &#8220;K\u00dcLT\u00dcR\u00dcN \u0130Z\u0130NDE MERS\u0130N&#8221; SERG\u0130S\u0130 A\u00c7ILDI"},"content":{"rendered":"<p>Toroslar 19 May\u0131s \u0130lkokulunda &#8220;K\u00fclt\u00fcr\u00fcn \u0130zinde Mersin&#8221; projesi kapsam\u0131nda haz\u0131rlanan serginin a\u00e7\u0131l\u0131\u015f\u0131 ger\u00e7ekle\u015ftirildi.<\/p>\n<p>\u00d6\u011frencilerin ve \u00f6\u011fretmenlerin emekleriyle haz\u0131rlanan sergide Mersin&#8217;in yerel mutfa\u011f\u0131n\u0131 tan\u0131tan yemekler, y\u00f6r\u00fck k\u00fclt\u00fcr\u00fcne ait \u00fcr\u00fcnler, geleneksel \u00e7ad\u0131rlar, dokuma \u00f6rnekleri, y\u00f6reye \u00f6zg\u00fc k\u00fclt\u00fcrel zenginlikler  yans\u0131t\u0131ld\u0131.<\/p>\n<p>\u0130l Mill\u00ee E\u011fitim M\u00fcd\u00fcr Yard\u0131mc\u0131s\u0131 Fatih Bur\u011fut, sergide yapt\u0131\u011f\u0131 konu\u015fmada, &#8220;Mersin&#8217;in k\u00fclt\u00fcrel de\u011ferlerini ya\u015fatmak ve yeni nesillere aktarmak \u00e7ok k\u0131ymetli. Bu sergi, hem \u00f6\u011frencilerimizin hem de toplumun k\u00fclt\u00fcr\u00fcm\u00fcz\u00fc daha yak\u0131ndan tan\u0131mas\u0131na vesile oldu.&#8221; diyerek eme\u011fi ge\u00e7enlere te\u015fekk\u00fcr etti.<\/p>\n<p>\u00d6\u011frencilerimizin bu \u00e7al\u0131\u015fmada yer almas\u0131 Mersin&#8217;in k\u00f6kl\u00fc k\u00fclt\u00fcr\u00fcne dair \u00f6nemli bir fark\u0131ndal\u0131k olu\u015fturdu. Onlar\u0131n da k\u00fclt\u00fcrel bilin\u00e7 kazanmalar\u0131 a\u00e7\u0131s\u0131ndan bu gibi etkinliklerin b\u00fcy\u00fck \u00f6nem ta\u015f\u0131d\u0131\u011f\u0131 bir kez daha vurguland\u0131.<\/p>\n<p>Sergiye, \u0130l Mill\u00ee E\u011fitim M\u00fcd\u00fcr Yard\u0131mc\u0131s\u0131 Fatih Bur\u011fut, Toroslar \u0130l\u00e7e Mill\u00ee E\u011fitim M\u00fcd\u00fcr\u00fc Kaan Aydemir, Mersin AK Parti \u0130l Ba\u015fkan Yard\u0131mc\u0131s\u0131 Cevdet Bal, T\u00fcrk E\u011fitim-Sen Mersin Bir Nolu \u015eube Ba\u015fkan\u0131 Metin Ercan, \u00e7ok say\u0131da \u00f6\u011fretmen ve \u00f6\u011frenci kat\u0131ld\u0131.<\/p>\n","protected":false},"excerpt":{"rendered":"<p>Toroslar 19 May\u0131s \u0130lkokulunda &#8220;K\u00fclt\u00fcr\u00fcn \u0130zinde Mersin&#8221; projesi kapsam\u0131nda haz\u0131rlanan serginin a\u00e7\u0131l\u0131\u015f\u0131 ger\u00e7ekle\u015ftirildi. \u00d6\u011frencilerin ve \u00f6\u011fretmenlerin emekleriyle haz\u0131rlanan sergide Mersin&#8217;in yerel mutfa\u011f\u0131n\u0131 tan\u0131tan yemekler, y\u00f6r\u00fck k\u00fclt\u00fcr\u00fcne ait \u00fcr\u00fcnler, geleneksel \u00e7ad\u0131rlar, &hellip; <a href=\"https:\/\/akdenizolaygazetesi.com\/?p=33110\" class=\"more-link\">Devam\u0131n\u0131 Oku&#8230;<\/a><\/p>\n","protected":false},"author":2,"featured_media":33111,"comment_status":"open","ping_status":"open","sticky":false,"template":"","format":"standard","meta":[],"categories":[1,2,3],"tags":[],"_links":{"self":[{"href":"https:\/\/akdenizolaygazetesi.com\/index.php?rest_route=\/wp\/v2\/posts\/33110"}],"collection":[{"href":"https:\/\/akdenizolaygazetesi.com\/index.php?rest_route=\/wp\/v2\/posts"}],"about":[{"href":"https:\/\/akdenizolaygazetesi.com\/index.php?rest_route=\/wp\/v2\/types\/post"}],"author":[{"embeddable":true,"href":"https:\/\/akdenizolaygazetesi.com\/index.php?rest_route=\/wp\/v2\/users\/2"}],"replies":[{"embeddable":true,"href":"https:\/\/akdenizolaygazetesi.com\/index.php?rest_route=%2Fwp%2Fv2%2Fcomments&post=33110"}],"version-history":[{"count":1,"href":"https:\/\/akdenizolaygazetesi.com\/index.php?rest_route=\/wp\/v2\/posts\/33110\/revisions"}],"predecessor-version":[{"id":33112,"href":"https:\/\/akdenizolaygazetesi.com\/index.php?rest_route=\/wp\/v2\/posts\/33110\/revisions\/33112"}],"wp:featuredmedia":[{"embeddable":true,"href":"https:\/\/akdenizolaygazetesi.com\/index.php?rest_route=\/wp\/v2\/media\/33111"}],"wp:attachment":[{"href":"https:\/\/akdenizolaygazetesi.com\/index.php?rest_route=%2Fwp%2Fv2%2Fmedia&parent=33110"}],"wp:term":[{"taxonomy":"category","embeddable":true,"href":"https:\/\/akdenizolaygazetesi.com\/index.php?rest_route=%2Fwp%2Fv2%2Fcategories&post=33110"},{"taxonomy":"post_tag","embeddable":true,"href":"https:\/\/akdenizolaygazetesi.com\/index.php?rest_route=%2Fwp%2Fv2%2Ftags&post=33110"}],"curies":[{"name":"wp","href":"https:\/\/api.w.org\/{rel}","templated":true}]}}