{"id":33116,"date":"2024-12-02T15:54:46","date_gmt":"2024-12-02T12:54:46","guid":{"rendered":"http:\/\/akdenizolaygazetesi.com\/?p=33116"},"modified":"2024-12-02T15:54:46","modified_gmt":"2024-12-02T12:54:46","slug":"mezitli-belediyesinin-ucretsiz-mobil-kuafor-hizmeti-basladi","status":"publish","type":"post","link":"https:\/\/akdenizolaygazetesi.com\/?p=33116","title":{"rendered":"MEZ\u0130TL\u0130 BELED\u0130YES\u0130\u2019N\u0130N \u00dcCRETS\u0130Z MOB\u0130L KUAF\u00d6R H\u0130ZMET\u0130 BA\u015eLADI"},"content":{"rendered":"<p>Mezitli Belediyesi&#8217;nin hayata ge\u00e7irdi\u011fi Mobil Kuaf\u00f6r hizmeti kentin \u00e7e\u015fitli b\u00f6lgelerinde hizmet vermeye ba\u015flad\u0131. Sosyal belediyecilik alan\u0131nda bir\u00e7ok yenilik\u00e7i projeye imza atan Mezitli Belediye Ba\u015fkan\u0131 Ahmet Serkan Tuncer, dar gelirli aileler ba\u015fta olmak \u00fczere; 65 ya\u015f \u00fcst\u00fc, engelli ve sosyal yard\u0131ma ihtiya\u00e7 duyan herkesin ihtiyac\u0131n\u0131 kar\u015f\u0131layacak \u00e7al\u0131\u015fmalar yaparak vatanda\u015flar\u0131n g\u00f6nl\u00fcne dokunuyor.<\/p>\n<p>Mezitli Belediye Ba\u015fkan\u0131 Ahmet Serkan Tuncer&#8217;in hayata ge\u00e7irdi\u011fi sosyal hizmet alan\u0131nda \u00f6rnek te\u015fkil edecek Mobil Kuaf\u00f6r projesiyle berber hizmetini \u015fehrin her noktas\u0131na ula\u015ft\u0131r\u0131yor. Mobil Kuaf\u00f6r projesiyle, \u015fehir merkezi d\u00e2hil olmak \u00fczere merkeze ba\u011fl\u0131 k\u00f6y ve beldelerde vatanda\u015flara y\u00f6nelik \u00fccretsiz kuaf\u00f6r hizmeti sunuyor. Hizmetlerin tamam\u0131 hijyen ko\u015fullar\u0131na uygun olarak titizlikle y\u00fcr\u00fct\u00fcl\u00fcyor.<\/p>\n<p>&#8220;MOB\u0130L KUAF\u00d6R H\u0130ZMET\u0130 \u0130LE \u015eEHR\u0130N HER YER\u0130NDEY\u0130Z&#8221;<\/p>\n<p>Ba\u015fkan Tuncer, hizmetin devaml\u0131l\u0131\u011f\u0131na da dikkat \u00e7ekerek, &#8220;Ya\u015fl\u0131lar\u0131m\u0131za, engelli ve k\u0131rsal mahallelerimizde ya\u015fayan vatanda\u015flar\u0131m\u0131za berber hizmeti sunuyoruz. Vatanda\u015flar\u0131m\u0131za s\u0131hhatler olsun&#8221; dedi.<\/p>\n<p>Mezitli Belediyesi&#8217;nin berber hizmeti, \u00f6zellikle yard\u0131ma muhta\u00e7 ve kimsesiz vatanda\u015flar i\u00e7in \u00f6nem arz ederken, bu hizmetten memnun olan vatanda\u015flar Ba\u015fkan Tuncer&#8217;e te\u015fekk\u00fcr ettiler. Ba\u015fkan Tuncer, halk\u00e7\u0131 belediyecilik kapsam\u0131nda ger\u00e7ekle\u015ftirdikleri bu tarz hizmet projeleri ile de toplumun her kesimine ula\u015fmay\u0131 hedeflediklerini belirterek, Mezitli halk\u0131n\u0131n daima yanlar\u0131nda olduklar\u0131n\u0131 vurgulad\u0131.<\/p>\n","protected":false},"excerpt":{"rendered":"<p>Mezitli Belediyesi&#8217;nin hayata ge\u00e7irdi\u011fi Mobil Kuaf\u00f6r hizmeti kentin \u00e7e\u015fitli b\u00f6lgelerinde hizmet vermeye ba\u015flad\u0131. Sosyal belediyecilik alan\u0131nda bir\u00e7ok yenilik\u00e7i projeye imza atan Mezitli Belediye Ba\u015fkan\u0131 Ahmet Serkan Tuncer, dar gelirli aileler &hellip; <a href=\"https:\/\/akdenizolaygazetesi.com\/?p=33116\" class=\"more-link\">Devam\u0131n\u0131 Oku&#8230;<\/a><\/p>\n","protected":false},"author":2,"featured_media":33117,"comment_status":"open","ping_status":"open","sticky":false,"template":"","format":"standard","meta":[],"categories":[1,2,3],"tags":[],"_links":{"self":[{"href":"https:\/\/akdenizolaygazetesi.com\/index.php?rest_route=\/wp\/v2\/posts\/33116"}],"collection":[{"href":"https:\/\/akdenizolaygazetesi.com\/index.php?rest_route=\/wp\/v2\/posts"}],"about":[{"href":"https:\/\/akdenizolaygazetesi.com\/index.php?rest_route=\/wp\/v2\/types\/post"}],"author":[{"embeddable":true,"href":"https:\/\/akdenizolaygazetesi.com\/index.php?rest_route=\/wp\/v2\/users\/2"}],"replies":[{"embeddable":true,"href":"https:\/\/akdenizolaygazetesi.com\/index.php?rest_route=%2Fwp%2Fv2%2Fcomments&post=33116"}],"version-history":[{"count":1,"href":"https:\/\/akdenizolaygazetesi.com\/index.php?rest_route=\/wp\/v2\/posts\/33116\/revisions"}],"predecessor-version":[{"id":33118,"href":"https:\/\/akdenizolaygazetesi.com\/index.php?rest_route=\/wp\/v2\/posts\/33116\/revisions\/33118"}],"wp:featuredmedia":[{"embeddable":true,"href":"https:\/\/akdenizolaygazetesi.com\/index.php?rest_route=\/wp\/v2\/media\/33117"}],"wp:attachment":[{"href":"https:\/\/akdenizolaygazetesi.com\/index.php?rest_route=%2Fwp%2Fv2%2Fmedia&parent=33116"}],"wp:term":[{"taxonomy":"category","embeddable":true,"href":"https:\/\/akdenizolaygazetesi.com\/index.php?rest_route=%2Fwp%2Fv2%2Fcategories&post=33116"},{"taxonomy":"post_tag","embeddable":true,"href":"https:\/\/akdenizolaygazetesi.com\/index.php?rest_route=%2Fwp%2Fv2%2Ftags&post=33116"}],"curies":[{"name":"wp","href":"https:\/\/api.w.org\/{rel}","templated":true}]}}