{"id":33119,"date":"2024-12-02T15:56:04","date_gmt":"2024-12-02T12:56:04","guid":{"rendered":"http:\/\/akdenizolaygazetesi.com\/?p=33119"},"modified":"2024-12-02T15:56:04","modified_gmt":"2024-12-02T12:56:04","slug":"ozdemir-mersin-barosu-100-yillik-varligini-cumhuriyet-ve-hukuktan-taviz-vermemeye-borcludur","status":"publish","type":"post","link":"https:\/\/akdenizolaygazetesi.com\/?p=33119","title":{"rendered":"\u00d6ZDEM\u0130R: &#8220;MERS\u0130N BAROSU 100 YILLIK VARLI\u011eINI, CUMHUR\u0130YET VE HUKUKTAN TAV\u0130Z VERMEMEYE BOR\u00c7LUDUR&#8221;"},"content":{"rendered":"<p>Mersin Barosu&#8217;nun kurulu\u015funun 100. y\u0131l d\u00f6n\u00fcm\u00fc nedeniyle Mersin Cumhuriyet Alan\u0131&#8217;nda t\u00f6ren d\u00fczenlendi. T\u00f6rende bas\u0131n a\u00e7\u0131klamas\u0131 yapan Mersin Barosu Ba\u015fkan\u0131 Av. Gazi \u00d6zdemir, &#8220;Mersin Barosu 100 y\u0131ll\u0131k varl\u0131\u011f\u0131n\u0131, Cumhuriyet de\u011ferlerinden, hukukun \u00fcst\u00fcnl\u00fc\u011f\u00fcnden, ki\u015fi hak ve \u00f6zg\u00fcrl\u00fcklerinden taviz vermemeye bor\u00e7ludur&#8221; dedi.<\/p>\n<p>&#8220;BU GURUR HEP\u0130M\u0130Z\u0130N&#8221;<\/p>\n<p>Mersin Barosu y\u00f6netim kurulu \u00fcyeleri, \u00f6nceki d\u00f6nem baro ba\u015fkanlar\u0131, merkez ve komisyon  ba\u015fkanlar\u0131, TBB delegeleri, denetleme ve disiplin kurulu \u00fcyeleri ile  avukatlar\u0131n kat\u0131l\u0131m\u0131yla Cumhuriyet Alan\u0131&#8217;nda ger\u00e7ekle\u015fen t\u00f6rende Mersin Barosu Ba\u015fkan\u0131 Av. Gazi \u00d6zdemir Atat\u00fcrk An\u0131t\u0131&#8217;na \u00e7elenk sundu. Sayg\u0131 duru\u015fu ve \u0130stiklal Mar\u015f\u0131&#8217;n\u0131n okunmas\u0131n\u0131n ard\u0131ndan burada konu\u015fma yapan \u00d6zdemir,  Mersin Barosu&#8217;nun tarih\u00e7esi hakk\u0131nda bilgiler vererek, &#8220;Bug\u00fcn Mersin Barosu&#8217;nun kurulu\u015funun 100. y\u0131l d\u00f6n\u00fcm\u00fcn\u00fc nedeniyle bir arada olmam\u0131z\u0131n gururunu ya\u015f\u0131yoruz. Tarihi ba\u015far\u0131larla dolu Baromuzun 100 y\u0131ll\u0131k varl\u0131\u011f\u0131n\u0131, siz de\u011ferli meslekta\u015flar\u0131m\u0131z\u0131n g\u00fcc\u00fcyle, birlik ve dayan\u0131\u015fmas\u0131yla koruduk.  Bu gurur hepimizin.<\/p>\n<p>1 Aral\u0131k 1924 tarihinde kurulan Mersin Barosu&#8217;nda, merkezde 16, Tarsus&#8217;ta 3, Silifke&#8217;de 1 olmak \u00fczere toplam 20 kay\u0131tl\u0131 avukat bulunuyordu. Mersin Barosu kuruldu\u011fu g\u00fcnden bug\u00fcne b\u00fcy\u00fcyerek, \u015fu anda baromuza kay\u0131tl\u0131 aktif g\u00f6rev yapan 3711 avukat\u0131m\u0131z ve 172 stajyer avukat\u0131m\u0131z ile T\u00fcrkiye&#8217;nin 8. b\u00fcy\u00fck barosu olmu\u015ftur. Mersin Barosu fiziki mek\u00e2n\u0131, donan\u0131m\u0131 ve e\u011fitimlerimizle her ge\u00e7en g\u00fcn b\u00fcy\u00fcm\u00fc\u015f, topluma ve meslekta\u015flar\u0131m\u0131za sundu\u011fu hizmetlerle, verdi\u011fi hak, hukuk m\u00fccadelesi ve projeleri ile T\u00fcrkiye&#8217;de \u00f6rnek ve \u00f6nc\u00fc bir baro olmu\u015ftur.<\/p>\n<p>&#8220;BARO PULU, MERS\u0130N BAROSU&#8217;NUN \u0130CADIDIR&#8221;<\/p>\n<p>Mersin Barosu, Baro pulu uygulamas\u0131n\u0131 ilk ger\u00e7ekle\u015ftiren barodur. G\u00fcn\u00fcm\u00fczde Barolar, Baro pulu uygulamas\u0131n\u0131n yasala\u015farak, barolar\u0131n ve avukatlar\u0131n ekonomik anlamda gelir elde etmesini Mersin Barosuna bor\u00e7ludur.<\/p>\n<p>Mersin Barosu, en eski e\u011fitim birimlerine sahiptir. G\u00fcn\u00fcm\u00fczde bir\u00e7ok baro, fiziksel mek\u00e2n yetersizli\u011fi nedeni ile stajyer avukatlara s\u0131n\u0131rlama getirmi\u015ftir, ancak Mersin Barosu&#8217;nun bu konuda yeterli mek\u00e2nsal ve teknik donan\u0131ma sahip olmas\u0131 nedeniyle, stajyer avukat say\u0131s\u0131nda bir s\u0131n\u0131rlamas\u0131 yoktur&#8221; ifadesini kulland\u0131.<\/p>\n<p>&#8220;MERS\u0130N BAROSU 100 YILLIK VARLI\u011eINI, B\u0130RL\u0130K VE DAYANI\u015eMAYA BOR\u00c7LUDUR&#8221;<\/p>\n<p>Mersin Barosu&#8217;nun Cumhuriyetle ya\u015f\u0131t oldu\u011funu vurgulayan \u00d6zdemir, &#8221; Mersin Barosu 100 y\u0131ll\u0131k varl\u0131\u011f\u0131n\u0131, Cumhuriyet de\u011ferlerinden, hukukun \u00fcst\u00fcnl\u00fc\u011f\u00fcnden, ki\u015fi hak ve \u00f6zg\u00fcrl\u00fcklerinden taviz vermemeye bor\u00e7ludur.<\/p>\n<p>Mersin Barosu 100 y\u0131ll\u0131k varl\u0131\u011f\u0131n\u0131, baronun, avukatlar\u0131n ve avukatl\u0131k mesle\u011finin gelece\u011fi i\u00e7in elini ta\u015f\u0131n alt\u0131na koymaktan asla korkmamaya bor\u00e7ludur.<\/p>\n<p>Mersin Barosu 100 y\u0131ll\u0131k varl\u0131\u011f\u0131n\u0131, verdi\u011fi kaliteli e\u011fitimlerle gelece\u011fe binlerce hukuk\u00e7u yeti\u015ftirmeye bor\u00e7ludur.<\/p>\n<p>Mersin Barosu 100 y\u0131ll\u0131k varl\u0131\u011f\u0131n\u0131, meslekta\u015flar\u0131n birlik ve dayan\u0131\u015fmas\u0131na bor\u00e7ludur. Mersin Barosu y\u00f6netimi olarak, 100 y\u0131ll\u0131k varl\u0131\u011f\u0131m\u0131za   hukuk ve adalet m\u00fccadelesinden \u00f6d\u00fcn vermeden katk\u0131 sunman\u0131n onurunu ve gururunu ya\u015f\u0131yoruz&#8221; \u015feklinde konu\u015ftu.<\/p>\n<p> &#8220;GER\u0130DE KALAN 100 YIL, \u00d6RNEK M\u00dcCADELELER VE PROJELERLE DOLU&#8221;<\/p>\n<p>Mersin Barosu&#8217;nun geride b\u0131rakt\u0131\u011f\u0131 100 y\u0131l\u0131, ba\u015far\u0131larla dolu, \u00f6rnek m\u00fccadeleler ve projelerle doldurdu\u011funun alt\u0131n\u0131 \u00e7izen \u00d6zdemir,  &#8220;Avukat, adil yarg\u0131lanma hakk\u0131n\u0131n, adaletin ve hukukun \u00fcst\u00fcnl\u00fc\u011f\u00fcn\u00fcn sa\u011flanmas\u0131nda, ki\u015fi hak ve \u00f6zg\u00fcrl\u00fcklerin korunmas\u0131nda en b\u00fcy\u00fck g\u00fcvencedir. Bu kutsal g\u00f6revi ifa eden avukatlar maalesef, her ge\u00e7en g\u00fcn daha da b\u00fcy\u00fcyen mesleki sorunlarla kar\u015f\u0131la\u015fmaktad\u0131r.<\/p>\n<p>M\u00fccadelelerimiz neticesinde mesleki sorunlar\u0131m\u0131z\u0131n \u00e7\u00f6z\u00fcm\u00fcnde \u00f6nemli ad\u0131mlar da at\u0131lm\u0131\u015ft\u0131r.  T\u00fcrkiye Barolar Birli\u011fi, Mersin Barosu ve di\u011fer barolar\u0131m\u0131z\u0131n dayan\u0131\u015fmas\u0131 ve \u00e7abalar\u0131 neticesinde, Avukatl\u0131k Asgari \u00fccret Tarifesinde son 2 y\u0131lda, en y\u00fcksek art\u0131\u015f oran\u0131 sa\u011flanm\u0131\u015ft\u0131r.<\/p>\n<p>27 Nisan&#8217;da B\u00fcy\u00fck Savunma Mitingi yap\u0131ld\u0131. Ba\u015fta Baromuz olmak \u00fczere, T\u00fcrkiye Barolar Birli\u011fi ve di\u011fer barolar\u0131n \u00f6rg\u00fctl\u00fc m\u00fccadelesi ile b\u00fcy\u00fck bir dayan\u0131\u015fma \u00f6rne\u011fi ger\u00e7ekle\u015ftirildi.<\/p>\n<p>Savunma mesle\u011fini yok sayan sorunlar\u0131 siz de\u011ferli meslekta\u015flar\u0131m\u0131zla payla\u015fmak istiyorum. Bir\u00e7ok meslekta\u015f\u0131m\u0131z, mesleki faaliyetleri nedeniyle soru\u015fturma ve kovu\u015fturmaya maruz kalmakta, ya da tutuklu olarak yarg\u0131lanmaktad\u0131rlar. <\/p>\n<p>&#8220;AVUKATA Y\u00d6NEL\u0130K \u015e\u0130DDET\u0130N \u00d6N\u00dcNE GE\u00c7\u0130LMES\u0130 \u0130\u00c7\u0130N \u00dcLKE Y\u00d6NET\u0130C\u0130LER\u0130 AC\u0130LEN HAREKETE GE\u00c7MEL\u0130D\u0130R&#8221;<\/p>\n<p>Meslekta\u015flar\u0131m\u0131za y\u00f6nelik fiili ve s\u00f6zl\u00fc sald\u0131r\u0131lar\u0131n her ge\u00e7en artmas\u0131n\u0131n derin \u00fcz\u00fcnt\u00fcs\u00fc ve endi\u015fesi i\u00e7erisindeyiz. Avukatlara y\u00f6nelik sald\u0131r\u0131larda, sald\u0131rganlar\u0131n \u00e7o\u011funlukla tutuksuz yarg\u0131lanmas\u0131, hak ettikleri \u015fekilde cezaland\u0131r\u0131lmamalar\u0131 nedeniyle; avukat\u0131 uyu\u015fmazl\u0131\u011f\u0131n taraf\u0131 g\u00f6ren zihniyetin, yeni sald\u0131r\u0131lar\u0131na sebep olmaktad\u0131r. Avukata \u015fiddetin \u00f6n\u00fcne ge\u00e7ilmesi i\u00e7in \u00fclke y\u00f6neticilerinin acilen harekete ge\u00e7mesini ve \u00f6nleyici tedbirleri almas\u0131n\u0131 istiyoruz. Bilinmelidir ki, avukata yap\u0131lan her sald\u0131r\u0131 esasen halk\u0131n adil yarg\u0131lanma hakk\u0131na y\u00f6neliktir.<\/p>\n<p>\u00dclkemizde hukuk fak\u00fcltesi say\u0131s\u0131n\u0131n her ge\u00e7en g\u00fcn artmas\u0131 sebebiyle hukuk fak\u00fcltelerinde e\u011fitim kalitesinin d\u00fc\u015fmesi, avukatl\u0131k mesle\u011finin faaliyet alan\u0131n\u0131n daralt\u0131lmas\u0131 gibi sorunlar, avukatl\u0131k mesle\u011fini ekonomik olarak geriye g\u00f6t\u00fcrmektedir. Kaliteli e\u011fitim vermeyen hukuk fak\u00fcltelerinin kapat\u0131lmas\u0131n\u0131 talep ediyoruz.<\/p>\n<p>B\u00fcy\u00fck ve g\u00fc\u00e7l\u00fc bir aile olan Mersin Barosu&#8217;nun her bir ferdiyle, y\u00f6netim kurulumuzla, t\u00fcm kurullarda g\u00f6rev alan meslekta\u015flar\u0131m\u0131zla ve di\u011fer barolar\u0131m\u0131zla birlikte, mesle\u011fimizin hak etti\u011fi yere kavu\u015fmas\u0131 ve sorunlar\u0131m\u0131z\u0131n a\u015f\u0131lmas\u0131 i\u00e7in \u00e7al\u0131\u015f\u0131yoruz.<\/p>\n<p>Cumhuriyetle ya\u015f\u0131t Mersin Barosu&#8217;nun kurulu\u015funun 100. y\u0131l d\u00f6n\u00fcm\u00fcn\u00fc kutlar, baromuzun ba\u015far\u0131lar\u0131na katk\u0131 sunan ge\u00e7mi\u015f d\u00f6nem t\u00fcm baro ba\u015fkanlar\u0131m\u0131za, y\u00f6netim kuruluna, di\u011fer kurullarda g\u00f6rev alan ve ba\u015far\u0131lar\u0131m\u0131za destek veren t\u00fcm meslekta\u015flar\u0131m\u0131za, y\u00f6netim kurulumuz ad\u0131na te\u015fekk\u00fcr eder, aram\u0131zdan ayr\u0131lan meslekta\u015flar\u0131m\u0131z\u0131 rahmetle anar, sayg\u0131lar\u0131m\u0131z\u0131 sunar\u0131m. Mersin Barosu, Cumhuriyetle birlikte ilelebet payidar kalacakt\u0131r&#8221; diye konu\u015ftu.<\/p>\n","protected":false},"excerpt":{"rendered":"<p>Mersin Barosu&#8217;nun kurulu\u015funun 100. y\u0131l d\u00f6n\u00fcm\u00fc nedeniyle Mersin Cumhuriyet Alan\u0131&#8217;nda t\u00f6ren d\u00fczenlendi. T\u00f6rende bas\u0131n a\u00e7\u0131klamas\u0131 yapan Mersin Barosu Ba\u015fkan\u0131 Av. Gazi \u00d6zdemir, &#8220;Mersin Barosu 100 y\u0131ll\u0131k varl\u0131\u011f\u0131n\u0131, Cumhuriyet de\u011ferlerinden, hukukun &hellip; <a href=\"https:\/\/akdenizolaygazetesi.com\/?p=33119\" class=\"more-link\">Devam\u0131n\u0131 Oku&#8230;<\/a><\/p>\n","protected":false},"author":2,"featured_media":33120,"comment_status":"open","ping_status":"open","sticky":false,"template":"","format":"standard","meta":[],"categories":[1,2,3],"tags":[],"_links":{"self":[{"href":"https:\/\/akdenizolaygazetesi.com\/index.php?rest_route=\/wp\/v2\/posts\/33119"}],"collection":[{"href":"https:\/\/akdenizolaygazetesi.com\/index.php?rest_route=\/wp\/v2\/posts"}],"about":[{"href":"https:\/\/akdenizolaygazetesi.com\/index.php?rest_route=\/wp\/v2\/types\/post"}],"author":[{"embeddable":true,"href":"https:\/\/akdenizolaygazetesi.com\/index.php?rest_route=\/wp\/v2\/users\/2"}],"replies":[{"embeddable":true,"href":"https:\/\/akdenizolaygazetesi.com\/index.php?rest_route=%2Fwp%2Fv2%2Fcomments&post=33119"}],"version-history":[{"count":1,"href":"https:\/\/akdenizolaygazetesi.com\/index.php?rest_route=\/wp\/v2\/posts\/33119\/revisions"}],"predecessor-version":[{"id":33121,"href":"https:\/\/akdenizolaygazetesi.com\/index.php?rest_route=\/wp\/v2\/posts\/33119\/revisions\/33121"}],"wp:featuredmedia":[{"embeddable":true,"href":"https:\/\/akdenizolaygazetesi.com\/index.php?rest_route=\/wp\/v2\/media\/33120"}],"wp:attachment":[{"href":"https:\/\/akdenizolaygazetesi.com\/index.php?rest_route=%2Fwp%2Fv2%2Fmedia&parent=33119"}],"wp:term":[{"taxonomy":"category","embeddable":true,"href":"https:\/\/akdenizolaygazetesi.com\/index.php?rest_route=%2Fwp%2Fv2%2Fcategories&post=33119"},{"taxonomy":"post_tag","embeddable":true,"href":"https:\/\/akdenizolaygazetesi.com\/index.php?rest_route=%2Fwp%2Fv2%2Ftags&post=33119"}],"curies":[{"name":"wp","href":"https:\/\/api.w.org\/{rel}","templated":true}]}}