{"id":33406,"date":"2024-12-17T16:15:17","date_gmt":"2024-12-17T13:15:17","guid":{"rendered":"http:\/\/akdenizolaygazetesi.com\/?p=33406"},"modified":"2024-12-17T16:15:17","modified_gmt":"2024-12-17T13:15:17","slug":"tasarruf-soylemi-bir-yalandir-halkin-alim-gucu-eritiliyor","status":"publish","type":"post","link":"https:\/\/akdenizolaygazetesi.com\/?p=33406","title":{"rendered":"\u201cTasarruf S\u00f6ylemi Bir Yaland\u0131r, Halk\u0131n Al\u0131m G\u00fcc\u00fc Eritiliyor!\u201d"},"content":{"rendered":"<p>TBMM&#8217;de g\u00f6r\u00fc\u015f\u00fclmekte olan 2025 y\u0131l\u0131 b\u00fct\u00e7e g\u00f6r\u00fc\u015fmelerinde, Hazine ve Maliye Bakanl\u0131\u011f\u0131 b\u00fct\u00e7esi \u00fczerine g\u00f6r\u00fc\u015flerini aktaran CHP Mersin Milletvekili G\u00fclcan K\u0131\u015f, h\u00fck\u00fcmetin mali disiplin ve tasarruf s\u00f6ylemlerine sert ele\u015ftirilerde bulundu. G\u00fclcan K\u0131\u015f, b\u00fct\u00e7e rakamlar\u0131n\u0131n ekonomi y\u00f6netiminin ba\u015far\u0131s\u0131zl\u0131\u011f\u0131n\u0131 a\u00e7\u0131k\u00e7a ortaya koydu\u011funu belirtti.<\/p>\n<p>&#8220;B\u00fct\u00e7e A\u00e7\u0131\u011f\u0131 Kriz Y\u00f6netimini G\u00f6steriyor&#8221;<\/p>\n<p>G\u00fclcan K\u0131\u015f, Kas\u0131m ay\u0131nda 16,6 milyar TL, Ocak-Kas\u0131m d\u00f6neminde ise toplamda 1 trilyon 276 milyar TL&#8217;ye ula\u015fan b\u00fct\u00e7e a\u00e7\u0131\u011f\u0131n\u0131n, mali disiplin s\u00f6ylemleriyle b\u00fcy\u00fck bir \u00e7eli\u015fki i\u00e7inde oldu\u011funu ifade etti. 2023 y\u0131l\u0131yla k\u0131yasland\u0131\u011f\u0131nda b\u00fct\u00e7e a\u00e7\u0131\u011f\u0131n\u0131n 532 milyar TL artt\u0131\u011f\u0131n\u0131 vurgulayan CHP&#8217;li G\u00fclcan K\u0131\u015f, bu tablonun mali disiplinin iflas etti\u011fini ortaya koydu\u011funu s\u00f6yledi.<\/p>\n<p>&#8220;Tasarruf Nerede?&#8221; diye soran G\u00fclcan K\u0131\u015f, h\u00fck\u00fcmetin bu b\u00fct\u00e7e tablosu kar\u015f\u0131s\u0131nda ekonomiyi halk\u0131n s\u0131rt\u0131na y\u00fckledi\u011fini dile getirdi. &#8220;E\u011fer bu tasarrufsa, tasarruf yap\u0131lmasayd\u0131 \u00fclkenin ne hale gelece\u011fini d\u00fc\u015f\u00fcnmek istemiyoruz&#8221; dedi.<\/p>\n<p>&#8220;Halktan Al\u0131p Faize \u00d6d\u00fcyorlar&#8221;<\/p>\n<p>CHP Mersin Milletvekili G\u00fclcan K\u0131\u015f, b\u00fct\u00e7e giderlerindeki art\u0131\u015fa dikkat \u00e7ekerek \u015funlar\u0131 kaydetti:<\/p>\n<p>&#8220;B\u00fct\u00e7e giderleri ge\u00e7en y\u0131la g\u00f6re %42,5 artm\u0131\u015f durumda. Ancak yat\u0131r\u0131mlara ayr\u0131lan kaynaklarda %82,1 gibi dramatik bir azalma var. Sermaye transferlerini azaltarak halk\u0131n gelece\u011fini ipotek alt\u0131na al\u0131yorsunuz. Faiz harcamalar\u0131 ise bir y\u0131lda %54,6 art\u0131\u015fla 146 milyar TL&#8217;ye \u00e7\u0131kt\u0131. Halktan al\u0131p faize \u00f6deyen bir anlay\u0131\u015f nas\u0131l tasarruf yapt\u0131\u011f\u0131n\u0131 iddia edebilir?&#8221;<\/p>\n<p>&#8220;Vergi Y\u00fck\u00fc Vatanda\u015f\u0131 Eziyor&#8221;<\/p>\n<p>Vergi gelirlerindeki art\u0131\u015f\u0131n dolayl\u0131 vergilere dayand\u0131\u011f\u0131n\u0131 ifade eden G\u00fclcan K\u0131\u015f, &#8220;Vergi gelirleri ge\u00e7en y\u0131la g\u00f6re %22,6 artt\u0131. Bu art\u0131\u015f\u0131n b\u00fcy\u00fck b\u00f6l\u00fcm\u00fc halk\u0131n cebinden \u00e7\u0131kan \u00d6TV ve KDV gibi dolayl\u0131 vergilerden kaynaklan\u0131yor. Ancak buna ra\u011fmen b\u00fct\u00e7e a\u00e7\u0131\u011f\u0131 kapanm\u0131yor. H\u00fck\u00fcmetin bu tabloyu tasarruf olarak sunmaya \u00e7al\u0131\u015fmas\u0131 halk\u0131n akl\u0131yla alay etmektir&#8221; dedi.<\/p>\n<p>&#8220;\u015eatafat ve \u0130sraf Sona Erdirilmeli&#8221;<\/p>\n<p>CHP&#8217;li G\u00fclcan K\u0131\u015f, saray harcamalar\u0131 ve l\u00fcks makam ara\u00e7lar\u0131na da dikkat \u00e7ekerek, &#8220;As\u0131l tasarruf, gereksiz harcamalar\u0131n ve israf\u0131n \u00f6nlenmesiyle yap\u0131l\u0131r. Saray\u0131n \u015fatafatl\u0131 harcamalar\u0131n\u0131 k\u0131s\u0131yor musunuz? L\u00fcks makam ara\u00e7lar\u0131n\u0131 azalt\u0131yor musunuz? Yoksa tasarruf dedi\u011finiz \u015fey, vatanda\u015f\u0131n s\u0131rt\u0131na bindirdi\u011finiz daha fazla vergi ve daha az hizmet mi?&#8221; diye sordu.<\/p>\n<p>&#8220;Ge\u00e7im Yoksa Se\u00e7im Var&#8221;<\/p>\n<p>Son olarak G\u00fclcan K\u0131\u015f, &#8220;Bu h\u00fck\u00fcmetin b\u00fct\u00e7e politikas\u0131, halk\u0131 vergilere bo\u011farak b\u00fcy\u00fcyen a\u00e7\u0131\u011f\u0131 kapatmaya \u00e7al\u0131\u015fan bir kriz y\u00f6netiminden ibarettir. Ancak bu s\u00fcrd\u00fcr\u00fclebilir de\u011fil. Bizler halk\u0131n \u00e7\u0131karlar\u0131n\u0131 savunmaya devam edece\u011fiz. Ge\u00e7im yoksa se\u00e7im var&#8221; diyerek h\u00fck\u00fcmetin ekonomi y\u00f6netimini sert bir dille ele\u015ftirdi.<\/p>\n<p>CHP Mersin Milletvekili G\u00fclcan K\u0131\u015f&#8217;\u0131n konu\u015fmas\u0131, muhalefet s\u0131ralar\u0131ndan alk\u0131\u015f al\u0131rken iktidar kanad\u0131ndan ele\u015ftirilere neden oldu.<\/p>\n","protected":false},"excerpt":{"rendered":"<p>TBMM&#8217;de g\u00f6r\u00fc\u015f\u00fclmekte olan 2025 y\u0131l\u0131 b\u00fct\u00e7e g\u00f6r\u00fc\u015fmelerinde, Hazine ve Maliye Bakanl\u0131\u011f\u0131 b\u00fct\u00e7esi \u00fczerine g\u00f6r\u00fc\u015flerini aktaran CHP Mersin Milletvekili G\u00fclcan K\u0131\u015f, h\u00fck\u00fcmetin mali disiplin ve tasarruf s\u00f6ylemlerine sert ele\u015ftirilerde bulundu. G\u00fclcan &hellip; <a href=\"https:\/\/akdenizolaygazetesi.com\/?p=33406\" class=\"more-link\">Devam\u0131n\u0131 Oku&#8230;<\/a><\/p>\n","protected":false},"author":2,"featured_media":33407,"comment_status":"open","ping_status":"open","sticky":false,"template":"","format":"standard","meta":[],"categories":[1,2,3],"tags":[],"_links":{"self":[{"href":"https:\/\/akdenizolaygazetesi.com\/index.php?rest_route=\/wp\/v2\/posts\/33406"}],"collection":[{"href":"https:\/\/akdenizolaygazetesi.com\/index.php?rest_route=\/wp\/v2\/posts"}],"about":[{"href":"https:\/\/akdenizolaygazetesi.com\/index.php?rest_route=\/wp\/v2\/types\/post"}],"author":[{"embeddable":true,"href":"https:\/\/akdenizolaygazetesi.com\/index.php?rest_route=\/wp\/v2\/users\/2"}],"replies":[{"embeddable":true,"href":"https:\/\/akdenizolaygazetesi.com\/index.php?rest_route=%2Fwp%2Fv2%2Fcomments&post=33406"}],"version-history":[{"count":1,"href":"https:\/\/akdenizolaygazetesi.com\/index.php?rest_route=\/wp\/v2\/posts\/33406\/revisions"}],"predecessor-version":[{"id":33408,"href":"https:\/\/akdenizolaygazetesi.com\/index.php?rest_route=\/wp\/v2\/posts\/33406\/revisions\/33408"}],"wp:featuredmedia":[{"embeddable":true,"href":"https:\/\/akdenizolaygazetesi.com\/index.php?rest_route=\/wp\/v2\/media\/33407"}],"wp:attachment":[{"href":"https:\/\/akdenizolaygazetesi.com\/index.php?rest_route=%2Fwp%2Fv2%2Fmedia&parent=33406"}],"wp:term":[{"taxonomy":"category","embeddable":true,"href":"https:\/\/akdenizolaygazetesi.com\/index.php?rest_route=%2Fwp%2Fv2%2Fcategories&post=33406"},{"taxonomy":"post_tag","embeddable":true,"href":"https:\/\/akdenizolaygazetesi.com\/index.php?rest_route=%2Fwp%2Fv2%2Ftags&post=33406"}],"curies":[{"name":"wp","href":"https:\/\/api.w.org\/{rel}","templated":true}]}}