{"id":33425,"date":"2024-12-18T16:13:51","date_gmt":"2024-12-18T13:13:51","guid":{"rendered":"http:\/\/akdenizolaygazetesi.com\/?p=33425"},"modified":"2024-12-18T16:13:51","modified_gmt":"2024-12-18T13:13:51","slug":"tarsusta-hafiza-korteji-hazirliklari-hiz-kesmeden-devam-ediyor-anasayfa","status":"publish","type":"post","link":"https:\/\/akdenizolaygazetesi.com\/?p=33425","title":{"rendered":"TARSUS\u2019TA HAFIZA KORTEJ\u0130 HAZIRLIKLARI HIZ KESMEDEN DEVAM ED\u0130YOR Anasayfa"},"content":{"rendered":"<p>Tarsus\u2019un D\u00fc\u015fman \u0130\u015fgalinden Kurtulu\u015funun 103. y\u0131l d\u00f6n\u00fcm\u00fc kutlamalar\u0131 kapsam\u0131nda ger\u00e7ekle\u015ftirilecek olan Haf\u0131za Korteji i\u00e7in haz\u0131rl\u0131klar t\u00fcm h\u0131z\u0131yla s\u00fcr\u00fcyor. Tarsus Belediye Ba\u015fkan\u0131 Ali Bolta\u00e7\u2019\u0131n \u00f6nc\u00fcl\u00fc\u011f\u00fcnde, Tarsus\u2019un kurtulu\u015f m\u00fccadelesini haf\u0131zalarda diri tutmay\u0131 hedefleyen kortej, birlik ve dayan\u0131\u015fma ruhunu yeniden canland\u0131racak.<\/p>\n<p>103 y\u0131ll\u0131k \u015fanl\u0131 m\u00fccadelenin ruhunu t\u00fcm kentte hissettirecek Haf\u0131za Korteji, odalar, dernekler, sivil toplum kurulu\u015flar\u0131, esnaflar ve vatanda\u015flar\u0131n kat\u0131l\u0131m\u0131yla d\u00fczenlenecek. Tarsus\u2019un ba\u011f\u0131ms\u0131zl\u0131k ruhunu yans\u0131tacak kortej, kentte birlik ve dayan\u0131\u015fma havas\u0131n\u0131 g\u00fc\u00e7lendirecek.<\/p>\n<p>\u201cHAFIZA KORTEJ\u0130NDE BULU\u015eACA\u011eIZ\u201d<\/p>\n<p>Etkinli\u011fe \u00f6nem verdi\u011finin alt\u0131n\u0131 \u00e7izen Ba\u015fkan Bolta\u00e7, \u201cTarsus\u2019un d\u00fc\u015fman i\u015fgalinden kurtulu\u015fu bizim i\u00e7in \u00f6nemli bir yere sahip. Ge\u00e7mi\u015f d\u00f6nemlerde Tarsus\u2019un esnaflar\u0131; berberler, kebap\u00e7\u0131lar, k\u00f6m\u00fcrc\u00fcler gibi \u00e7e\u015fitli meslek gruplar\u0131 bir araya gelerek bir esnaf korteji d\u00fczenlerdi. Tarsus\u2019un belle\u011finde yer eden t\u00fcm simgeler ve meslekler, bu kortejde canlanarak kentin tarihini ve k\u00fclt\u00fcr\u00fcn\u00fc yans\u0131t\u0131rd\u0131. Bu anlamda \u201cHaf\u0131za Korteji\u201d, ge\u00e7mi\u015fin izlerini hat\u0131rlatman\u0131n yan\u0131 s\u0131ra ortak belle\u011fimizi diri tutmak ve gelecek nesillere aktarmak a\u00e7\u0131s\u0131ndan b\u00fcy\u00fck \u00f6nem ta\u015f\u0131yor. Haz\u0131rl\u0131klar\u0131m\u0131z\u0131 bu bilin\u00e7le s\u00fcrd\u00fcr\u00fcyoruz. Hep beraber Haf\u0131za Kortejinde bulu\u015faca\u011f\u0131z.\u201d dedi.<\/p>\n<p>Haf\u0131za Korteji, Tarsus\u2019un tarihi miras\u0131n\u0131 ya\u015fat\u0131rken, ayn\u0131 zamanda bug\u00fcnden gelece\u011fe bir k\u00f6pr\u00fc kurmay\u0131 hedefliyor.<\/p>\n","protected":false},"excerpt":{"rendered":"<p>Tarsus\u2019un D\u00fc\u015fman \u0130\u015fgalinden Kurtulu\u015funun 103. y\u0131l d\u00f6n\u00fcm\u00fc kutlamalar\u0131 kapsam\u0131nda ger\u00e7ekle\u015ftirilecek olan Haf\u0131za Korteji i\u00e7in haz\u0131rl\u0131klar t\u00fcm h\u0131z\u0131yla s\u00fcr\u00fcyor. Tarsus Belediye Ba\u015fkan\u0131 Ali Bolta\u00e7\u2019\u0131n \u00f6nc\u00fcl\u00fc\u011f\u00fcnde, Tarsus\u2019un kurtulu\u015f m\u00fccadelesini haf\u0131zalarda diri tutmay\u0131 &hellip; <a href=\"https:\/\/akdenizolaygazetesi.com\/?p=33425\" class=\"more-link\">Devam\u0131n\u0131 Oku&#8230;<\/a><\/p>\n","protected":false},"author":2,"featured_media":33426,"comment_status":"open","ping_status":"open","sticky":false,"template":"","format":"standard","meta":[],"categories":[1,2,3],"tags":[],"_links":{"self":[{"href":"https:\/\/akdenizolaygazetesi.com\/index.php?rest_route=\/wp\/v2\/posts\/33425"}],"collection":[{"href":"https:\/\/akdenizolaygazetesi.com\/index.php?rest_route=\/wp\/v2\/posts"}],"about":[{"href":"https:\/\/akdenizolaygazetesi.com\/index.php?rest_route=\/wp\/v2\/types\/post"}],"author":[{"embeddable":true,"href":"https:\/\/akdenizolaygazetesi.com\/index.php?rest_route=\/wp\/v2\/users\/2"}],"replies":[{"embeddable":true,"href":"https:\/\/akdenizolaygazetesi.com\/index.php?rest_route=%2Fwp%2Fv2%2Fcomments&post=33425"}],"version-history":[{"count":1,"href":"https:\/\/akdenizolaygazetesi.com\/index.php?rest_route=\/wp\/v2\/posts\/33425\/revisions"}],"predecessor-version":[{"id":33427,"href":"https:\/\/akdenizolaygazetesi.com\/index.php?rest_route=\/wp\/v2\/posts\/33425\/revisions\/33427"}],"wp:featuredmedia":[{"embeddable":true,"href":"https:\/\/akdenizolaygazetesi.com\/index.php?rest_route=\/wp\/v2\/media\/33426"}],"wp:attachment":[{"href":"https:\/\/akdenizolaygazetesi.com\/index.php?rest_route=%2Fwp%2Fv2%2Fmedia&parent=33425"}],"wp:term":[{"taxonomy":"category","embeddable":true,"href":"https:\/\/akdenizolaygazetesi.com\/index.php?rest_route=%2Fwp%2Fv2%2Fcategories&post=33425"},{"taxonomy":"post_tag","embeddable":true,"href":"https:\/\/akdenizolaygazetesi.com\/index.php?rest_route=%2Fwp%2Fv2%2Ftags&post=33425"}],"curies":[{"name":"wp","href":"https:\/\/api.w.org\/{rel}","templated":true}]}}