{"id":33428,"date":"2024-12-18T16:14:49","date_gmt":"2024-12-18T13:14:49","guid":{"rendered":"http:\/\/akdenizolaygazetesi.com\/?p=33428"},"modified":"2024-12-18T16:14:49","modified_gmt":"2024-12-18T13:14:49","slug":"buyuksehir-tas-bina-kent-muzesi-restorasyon-projesi-bilgilendirme-toplantisi-duzenledi","status":"publish","type":"post","link":"https:\/\/akdenizolaygazetesi.com\/?p=33428","title":{"rendered":"B\u00dcY\u00dcK\u015eEH\u0130R, \u201cTA\u015e B\u0130NA KENT M\u00dcZES\u0130 RESTORASYON PROJES\u0130 B\u0130LG\u0130LEND\u0130RME TOPLANTISI\u201d D\u00dcZENLED\u0130"},"content":{"rendered":"<p>Mersin B\u00fcy\u00fck\u015fehir Belediyesi taraf\u0131ndan restorasyonu ba\u015flat\u0131lan ve Mersin&#8217;in tarihine tan\u0131kl\u0131k eden simge yap\u0131lar\u0131ndan biri olan Ta\u015f Bina&#8217;n\u0131n Kent M\u00fczesi&#8217;ne d\u00f6n\u00fc\u015ft\u00fcr\u00fclmesi \u00e7al\u0131\u015fmalar\u0131 t\u00fcm h\u0131z\u0131yla s\u00fcrerken, bu kapsamda &#8216;Ta\u015f Bina Kent M\u00fczesi Restorasyon Projesi Bilgilendirme Toplant\u0131s\u0131&#8217;  d\u00fczenlendi.<\/p>\n<p> Mersin B\u00fcy\u00fck\u015fehir Belediyesi&#8217;nin; Mersin&#8217;in tarihi ve k\u00fclt\u00fcrel miras\u0131na sahip \u00e7\u0131kmak amac\u0131yla kentin tarihine tan\u0131kl\u0131k eden simge yap\u0131lar\u0131ndan biri olan Ta\u015f Bina&#8217;n\u0131n Kent M\u00fczesi&#8217;ne d\u00f6n\u00fc\u015ft\u00fcr\u00fclmesi amac\u0131yla ba\u015flatt\u0131\u011f\u0131 restorasyon \u00e7al\u0131\u015fmalar\u0131, t\u00fcm h\u0131z\u0131yla s\u00fcr\u00fcyor. 1900&#8217;l\u00fc y\u0131llardan itibaren tuz deposu, nal ve \u00e7ivi fabrikas\u0131, Akkahve ve Belediye Binas\u0131 gibi farkl\u0131 i\u015flevlerde kullan\u0131lan Ta\u015f Bina&#8217;n\u0131n eski g\u00f6r\u00fcn\u00fcm\u00fcne kavu\u015fturulmas\u0131 amac\u0131yla ger\u00e7ekle\u015ftirilen restorasyon \u00e7al\u0131\u015fmalar\u0131 kapsam\u0131nda, &#8216;Ta\u015f Bina Kent M\u00fczesi Restorasyon Projesi Bilgilendirme Toplant\u0131s\u0131&#8217; d\u00fczenlendi.<\/p>\n<p>Mersin Bellek Ofisi koordinesinde ve Mersin B\u00fcy\u00fck\u015fehir Belediyesi Genel Sekreter Yard\u0131mc\u0131s\u0131 Tar\u0131k \u0130rde&#8217;nin ba\u015fkanl\u0131\u011f\u0131nda ger\u00e7ekle\u015ftirilen toplant\u0131ya; B\u00fcy\u00fck\u015fehir Belediyesi b\u00fcrokratlar\u0131,  Mersin&#8217;e De\u011fer Katanlar Kurulu (MEDEKA), Tarsus&#8217;a De\u011fer Katanlar Kurulu (TADEKA) \u00fcyelerinin yan\u0131 s\u0131ra STK, oda ve derneklerden temsilciler ile birlikte, Mersin&#8217;in tarihine tan\u0131kl\u0131k eden de\u011ferli isimler kat\u0131l\u0131m sa\u011flad\u0131. Toplant\u0131da; halihaz\u0131rda devam eden restorasyon \u00e7al\u0131\u015fmalar\u0131, m\u00fcze mimarisi ve yap\u0131 tasar\u0131m\u0131 hakk\u0131nda bilgi aktar\u0131l\u0131rken, Kent M\u00fczesi&#8217;nde bu \u015fehri anlatan de\u011ferler \u00fczerine payda\u015flarla fikir al\u0131\u015f veri\u015finde bulunuldu.<\/p>\n<p>\u0130rde: &#8220;B\u00fcy\u00fck\u015fehir olarak, Mersin i\u00e7in en iyisini yapma yolunda ilerleyece\u011fiz&#8221;<\/p>\n<p>Mersin B\u00fcy\u00fck\u015fehir Belediyesi Genel Sekreter Yard\u0131mc\u0131s\u0131 Tar\u0131k \u0130rde, kent belle\u011finde \u00f6nemli bir yer tutan ve uzun s\u00fcre Mersin B\u00fcy\u00fck\u015fehir Belediyesi&#8217;ne de sahipli\u011fi yapan Ta\u015f Bina&#8217;n\u0131n restorasyon \u00e7al\u0131\u015fmalar\u0131 ile ilgili; &#8220;Restorasyon \u00e7al\u0131\u015fmalar\u0131 hakk\u0131nda hem bilgi aktar\u0131p, hem de bu konuda geri bildirim almay\u0131 hedefledik. Burada bir haz\u0131rl\u0131k yapt\u0131k ve restorasyonda ele alaca\u011f\u0131m\u0131z zemin, birinci ve ikinci kat hakk\u0131nda sunum yap\u0131p, her kat bitiminde sizlerden g\u00f6r\u00fc\u015f rica ediyoruz. Buradan \u00e7\u0131kartt\u0131\u011f\u0131m\u0131z notlar\u0131 yeniden s\u00fczge\u00e7ten ge\u00e7irip, Mersin i\u00e7in en iyisini yapma yolunda ilerleyece\u011fiz&#8221; diyerek, kat\u0131l\u0131mc\u0131lara toplant\u0131 hakk\u0131nda bilgi aktard\u0131.<\/p>\n<p>\u00d6zd\u00fclger: &#8220;Kent payda\u015flar\u0131 ile devaml\u0131 bir araya gelmekten mutluluk duyuyoruz&#8221;<\/p>\n<p>Mersin B\u00fcy\u00fck\u015fehir Belediyesi K\u00fclt\u00fcr ve Sosyal \u0130\u015fler Dairesi Ba\u015fkanl\u0131\u011f\u0131 Koordinat\u00f6r\u00fc, Opera Sanat\u00e7\u0131s\u0131 Bengi \u0130spir \u00d6zd\u00fclger ise, kent payda\u015flar\u0131 ile devaml\u0131 bir araya gelmekten dolay\u0131 olduk\u00e7a mutlu oldu\u011funu ifade ederek, &#8220;Hepimizin \u00e7ok \u00f6nemsedi\u011fi ve restorasyon \u00e7al\u0131\u015fmalar\u0131 ba\u015flamadan \u00f6nce &#8216;i\u00e7eri\u011finde neler olacak, neler sunaca\u011f\u0131z, kentimizin de\u011ferine nas\u0131l daha fazla de\u011fer kataca\u011f\u0131z&#8217; diye d\u00fc\u015f\u00fcnd\u00fc\u011f\u00fcm\u00fcz ve Kent M\u00fczesi olarak \u00e7al\u0131\u015fmalar\u0131n\u0131 yapt\u0131\u011f\u0131m\u0131z Ta\u015f Bina restorasyon \u00e7al\u0131\u015fmalar\u0131 bitmek \u00fczere. Bununla ilgili de sizlerle bir araya geldik. Bu kapsamda sizlerin de destekleri ve \u00f6nerilerini alarak y\u00fcr\u00fctt\u00fc\u011f\u00fcm\u00fcz bu toplant\u0131n\u0131n sonucunda, binam\u0131z\u0131n g\u00fczel bir \u015fekilde sonu\u00e7lanm\u0131\u015f haliyle \u015fehrimizin de\u011ferine de\u011fer kataca\u011f\u0131z&#8221; \u015feklinde konu\u015ftu.<\/p>\n<p>Belge: &#8220;M\u00fcze yap\u0131lmadan \u00f6nce kent uzmanlar\u0131ndan fikir al\u0131nmas\u0131n\u0131 \u00e7ok olumlu buldum&#8221;<\/p>\n<p>Mersin \u00dcniversitesi Mimarl\u0131k Fak\u00fcltesi \u00d6\u011fretim \u00dcyelerinden Burak Belge, toplant\u0131n\u0131n olduk\u00e7a verimli ge\u00e7ti\u011fini kaydederek, &#8220;Kent M\u00fczesi, uzun s\u00fcredir konu\u015fulan ve tart\u0131\u015f\u0131lan bir konu. M\u00fcze yap\u0131lmadan \u00f6nce i\u00e7erik hakk\u0131nda bizlerle payla\u015f\u0131lmas\u0131n\u0131n ve kent uzmanlar\u0131ndan bilgi al\u0131nmas\u0131n\u0131n \u00f6nemli bir katk\u0131 oldu\u011funu d\u00fc\u015f\u00fcn\u00fcyorum. Toplant\u0131ya \u00e7ok geni\u015f bir \u00e7evre \u00e7a\u011fr\u0131lm\u0131\u015f. Sadece Mersin&#8217;den de\u011fil, b\u00fct\u00fcn il\u00e7elerden kat\u0131l\u0131m var. O y\u00f6nden olumlu kar\u015f\u0131l\u0131yorum&#8221; ifadelerini kulland\u0131.<\/p>\n","protected":false},"excerpt":{"rendered":"<p>Mersin B\u00fcy\u00fck\u015fehir Belediyesi taraf\u0131ndan restorasyonu ba\u015flat\u0131lan ve Mersin&#8217;in tarihine tan\u0131kl\u0131k eden simge yap\u0131lar\u0131ndan biri olan Ta\u015f Bina&#8217;n\u0131n Kent M\u00fczesi&#8217;ne d\u00f6n\u00fc\u015ft\u00fcr\u00fclmesi \u00e7al\u0131\u015fmalar\u0131 t\u00fcm h\u0131z\u0131yla s\u00fcrerken, bu kapsamda &#8216;Ta\u015f Bina Kent M\u00fczesi &hellip; <a href=\"https:\/\/akdenizolaygazetesi.com\/?p=33428\" class=\"more-link\">Devam\u0131n\u0131 Oku&#8230;<\/a><\/p>\n","protected":false},"author":2,"featured_media":33429,"comment_status":"open","ping_status":"open","sticky":false,"template":"","format":"standard","meta":[],"categories":[1,2,3],"tags":[],"_links":{"self":[{"href":"https:\/\/akdenizolaygazetesi.com\/index.php?rest_route=\/wp\/v2\/posts\/33428"}],"collection":[{"href":"https:\/\/akdenizolaygazetesi.com\/index.php?rest_route=\/wp\/v2\/posts"}],"about":[{"href":"https:\/\/akdenizolaygazetesi.com\/index.php?rest_route=\/wp\/v2\/types\/post"}],"author":[{"embeddable":true,"href":"https:\/\/akdenizolaygazetesi.com\/index.php?rest_route=\/wp\/v2\/users\/2"}],"replies":[{"embeddable":true,"href":"https:\/\/akdenizolaygazetesi.com\/index.php?rest_route=%2Fwp%2Fv2%2Fcomments&post=33428"}],"version-history":[{"count":1,"href":"https:\/\/akdenizolaygazetesi.com\/index.php?rest_route=\/wp\/v2\/posts\/33428\/revisions"}],"predecessor-version":[{"id":33430,"href":"https:\/\/akdenizolaygazetesi.com\/index.php?rest_route=\/wp\/v2\/posts\/33428\/revisions\/33430"}],"wp:featuredmedia":[{"embeddable":true,"href":"https:\/\/akdenizolaygazetesi.com\/index.php?rest_route=\/wp\/v2\/media\/33429"}],"wp:attachment":[{"href":"https:\/\/akdenizolaygazetesi.com\/index.php?rest_route=%2Fwp%2Fv2%2Fmedia&parent=33428"}],"wp:term":[{"taxonomy":"category","embeddable":true,"href":"https:\/\/akdenizolaygazetesi.com\/index.php?rest_route=%2Fwp%2Fv2%2Fcategories&post=33428"},{"taxonomy":"post_tag","embeddable":true,"href":"https:\/\/akdenizolaygazetesi.com\/index.php?rest_route=%2Fwp%2Fv2%2Ftags&post=33428"}],"curies":[{"name":"wp","href":"https:\/\/api.w.org\/{rel}","templated":true}]}}