{"id":33431,"date":"2024-12-18T16:16:11","date_gmt":"2024-12-18T13:16:11","guid":{"rendered":"http:\/\/akdenizolaygazetesi.com\/?p=33431"},"modified":"2024-12-18T16:16:52","modified_gmt":"2024-12-18T13:16:52","slug":"33431","status":"publish","type":"post","link":"https:\/\/akdenizolaygazetesi.com\/?p=33431","title":{"rendered":"Mersin, Suriye\u2019nin imar\u0131nda \u00f6nemli bir kent olacakt\u0131r"},"content":{"rendered":"<p>Mersin Ticaret ve Sanayi Odas\u0131 (MTSO) Y\u00f6netim Kurulu Ba\u015fkan\u0131 Hakan Sefa \u00c7ak\u0131r, Suriye\u2019deki geli\u015fmeleri de\u011ferlendirdi. Bar\u0131\u015f\u0131n tesisinden duydu\u011fu mutlulu\u011fu dile getiren \u00c7ak\u0131r, \u201cMutluyuz \u00e7\u00fcnk\u00fc kaos ve huzursuzluk sadece bir avu\u00e7 \u00e7\u0131kar grubuna kazand\u0131r\u0131r. Ama bar\u0131\u015f, huzur ve giri\u015fim \u00f6zg\u00fcrl\u00fc\u011f\u00fc herkese kazand\u0131r\u0131r\u201d dedi.<\/p>\n<p>Suriyeli vatanda\u015flar\u0131n \u00fclkelerine d\u00f6nmeleriyle kar\u015f\u0131l\u0131kl\u0131 ticari ili\u015fkilerin de g\u00fc\u00e7lenerek artaca\u011f\u0131n\u0131 kaydeden \u00c7ak\u0131r, Mersin i\u015f d\u00fcnyas\u0131n\u0131n, Suriye\u2019nin her alanda ve her sekt\u00f6rde yeniden imar edilmesi anlam\u0131nda deneyimi ve ekonomik g\u00fcc\u00fcyle g\u00f6reve haz\u0131r oldu\u011funu s\u00f6yledi. \u00c7ak\u0131r de\u011ferlendirmesinde \u015fu ifadelere yer verdi:<br \/>\n\u201c2008 k\u00fcresel finans krizi \u201cArap Bahar\u0131\u201d denen ve \u00f6zelinde Mersin\u2019e yak\u0131n ekonomik pazarlar\u0131m\u0131z olan Orta Do\u011fu ve Kuzey Afrika \u00fclkelerinde siyasi sorunlar do\u011furdu. Ticaretimiz k\u0131smen zay\u0131flad\u0131 ve Suriye s\u0131n\u0131r konu\u015fumuz olunca ciddi bir g\u00f6\u00e7 ak\u0131n\u0131 ile de kar\u015f\u0131la\u015ft\u0131k. Yani, konuya Suriye \u00f6zelinde bakarsak bu sorunlar bize hem ekonomik hem de yaratt\u0131\u011f\u0131 b\u00fcy\u00fck g\u00f6\u00e7le sosyal anlamda da yans\u0131m\u0131\u015ft\u0131. Ya\u015fanan son geli\u015fmeler uzun s\u00fcredir Suriye\u2019de eski rejimin sona ermesine neden oldu. Bunun hem sosyal anlamda s\u0131\u011f\u0131nmac\u0131lar\u0131n\u0131n b\u00fcy\u00fck bir k\u0131sm\u0131n\u0131n vatan\u0131na geri d\u00f6nmesini sa\u011flayaca\u011f\u0131n\u0131, \u00f6te yandan Suriye\u2019nin d\u0131\u015f d\u00fcnyaya entegre edilmesinin ekonomik anlamda da \u00fclkemize ve Suriye ile ba\u011flar kurmu\u015f olan Mersin\u2019e ekonomik anlamda olumlu \u015fekilde geri d\u00f6nece\u011fini d\u00fc\u015f\u00fcn\u00fcyoruz. Mersin i\u015f d\u00fcnyas\u0131 olarak y\u0131llar \u00f6nce ilk g\u00f6\u00e7ler ba\u015flad\u0131\u011f\u0131nda da ayn\u0131 demeci vermi\u015ftik: \u2018Biz Mersin i\u015f d\u00fcnyas\u0131 olarak bu s\u00fcrece bir menfaat ve f\u0131rsat a\u00e7\u0131s\u0131ndan de\u011fil, insani ve vicdani a\u00e7\u0131dan bak\u0131yoruz\u2019 demi\u015ftik. Bug\u00fcn de ayn\u0131 noktaday\u0131z. Suriyelilerin vatanlar\u0131n\u0131n \u00f6zg\u00fcrle\u015fmesinden mutluyuz. Bar\u0131\u015f\u0131n tesisinden mutluyuz; \u00e7\u00fcnk\u00fc kaos ve huzursuzluk sadece bir avu\u00e7 \u00e7\u0131kar grubuna kazand\u0131r\u0131r. Ama bar\u0131\u015f, huzur ve giri\u015fim \u00f6zg\u00fcrl\u00fc\u011f\u00fc herkese kazand\u0131r\u0131r. \u00dclkemizde kald\u0131klar\u0131 s\u00fcre\u00e7te T\u00fcrk k\u00fclt\u00fcr\u00fcn\u00fc, T\u00fcrk\u00e7eyi ve ekonomik i\u015f modellerimizi \u00f6\u011frenen Suriyeli vatanda\u015flar\u0131n \u00fclkelerine d\u00f6nmeleriyle kar\u015f\u0131l\u0131kl\u0131 ticari ili\u015fkiler de \u00e7ok g\u00fc\u00e7l\u00fc bir \u015fekilde artacakt\u0131r diye d\u00fc\u015f\u00fcn\u00fcyoruz. Mersin i\u015f d\u00fcnyas\u0131, Suriye\u2019nin her alanda ve her sekt\u00f6rde yeniden imar edilmesi anlam\u0131nda deneyimi ve ekonomik g\u00fcc\u00fc ile g\u00f6reve haz\u0131rd\u0131r. Ama \u00f6nce Suriye\u2019de devletin t\u00fcm organlar\u0131yla i\u015flemesi ve bas\u0131\u015f ve huzurun tam anlam\u0131yla sa\u011flanmas\u0131 gerekiyor.x<\/p>\n","protected":false},"excerpt":{"rendered":"<p>Mersin Ticaret ve Sanayi Odas\u0131 (MTSO) Y\u00f6netim Kurulu Ba\u015fkan\u0131 Hakan Sefa \u00c7ak\u0131r, Suriye\u2019deki geli\u015fmeleri de\u011ferlendirdi. Bar\u0131\u015f\u0131n tesisinden duydu\u011fu mutlulu\u011fu dile getiren \u00c7ak\u0131r, \u201cMutluyuz \u00e7\u00fcnk\u00fc kaos ve huzursuzluk sadece bir avu\u00e7 &hellip; <a href=\"https:\/\/akdenizolaygazetesi.com\/?p=33431\" class=\"more-link\">Devam\u0131n\u0131 Oku&#8230;<\/a><\/p>\n","protected":false},"author":2,"featured_media":33432,"comment_status":"open","ping_status":"open","sticky":false,"template":"","format":"standard","meta":[],"categories":[1,2,3],"tags":[],"_links":{"self":[{"href":"https:\/\/akdenizolaygazetesi.com\/index.php?rest_route=\/wp\/v2\/posts\/33431"}],"collection":[{"href":"https:\/\/akdenizolaygazetesi.com\/index.php?rest_route=\/wp\/v2\/posts"}],"about":[{"href":"https:\/\/akdenizolaygazetesi.com\/index.php?rest_route=\/wp\/v2\/types\/post"}],"author":[{"embeddable":true,"href":"https:\/\/akdenizolaygazetesi.com\/index.php?rest_route=\/wp\/v2\/users\/2"}],"replies":[{"embeddable":true,"href":"https:\/\/akdenizolaygazetesi.com\/index.php?rest_route=%2Fwp%2Fv2%2Fcomments&post=33431"}],"version-history":[{"count":2,"href":"https:\/\/akdenizolaygazetesi.com\/index.php?rest_route=\/wp\/v2\/posts\/33431\/revisions"}],"predecessor-version":[{"id":33435,"href":"https:\/\/akdenizolaygazetesi.com\/index.php?rest_route=\/wp\/v2\/posts\/33431\/revisions\/33435"}],"wp:featuredmedia":[{"embeddable":true,"href":"https:\/\/akdenizolaygazetesi.com\/index.php?rest_route=\/wp\/v2\/media\/33432"}],"wp:attachment":[{"href":"https:\/\/akdenizolaygazetesi.com\/index.php?rest_route=%2Fwp%2Fv2%2Fmedia&parent=33431"}],"wp:term":[{"taxonomy":"category","embeddable":true,"href":"https:\/\/akdenizolaygazetesi.com\/index.php?rest_route=%2Fwp%2Fv2%2Fcategories&post=33431"},{"taxonomy":"post_tag","embeddable":true,"href":"https:\/\/akdenizolaygazetesi.com\/index.php?rest_route=%2Fwp%2Fv2%2Ftags&post=33431"}],"curies":[{"name":"wp","href":"https:\/\/api.w.org\/{rel}","templated":true}]}}