{"id":33439,"date":"2024-12-18T16:23:18","date_gmt":"2024-12-18T13:23:18","guid":{"rendered":"http:\/\/akdenizolaygazetesi.com\/?p=33439"},"modified":"2024-12-18T16:23:18","modified_gmt":"2024-12-18T13:23:18","slug":"toroslarda-soz-ciftcinin","status":"publish","type":"post","link":"https:\/\/akdenizolaygazetesi.com\/?p=33439","title":{"rendered":"TOROSLAR\u2019DA S\u00d6Z \u00c7\u0130FT\u00c7\u0130N\u0130N"},"content":{"rendered":"<p>Toroslar Belediye Ba\u015fkan\u0131 Abdurrahman Y\u0131ld\u0131z&#8217;\u0131n y\u00f6re \u00e7ift\u00e7isine s\u00f6z verdi\u011fi Tar\u0131m \u00c7al\u0131\u015ftay\u0131 i\u00e7in haz\u0131rl\u0131klar ba\u015flad\u0131. \u00c7al\u0131\u015ftay\u0131n her a\u015famas\u0131nda \u00e7ift\u00e7i ve \u00fcretici s\u00f6z sahibi olacak. K\u00f6ylerde sand\u0131k kurulacak, a\u00e7\u0131k k\u00fcrs\u00fcler d\u00fczenlenecek. Bu etkinliklerle \u00e7ift\u00e7ilerin g\u00f6r\u00fc\u015f ve talepleri al\u0131nacak, sorunlar tespit edilecek. Bu sorunlar\u0131n \u00e7\u00f6z\u00fcm yollar\u0131n\u0131 \u00e7ift\u00e7iler ve \u00fcreticiler, tar\u0131m alan\u0131nda uzman akademisyenlerle, odalarla ve belediye y\u00f6neticileriyle birlikte arayacak. \u00c7al\u0131\u015ftay sonunda ortaya \u00e7\u0131kacak \u00e7\u00f6z\u00fcm \u00f6nerileri imkanlar dahilinde Toroslar Belediyesince hayata ge\u00e7irilecek.<\/p>\n<p>31 Mart 2024&#8217;te Toroslar Belediye Ba\u015fkan\u0131 se\u00e7ilen Abdurrahman Y\u0131ld\u0131z, y\u00f6re \u00e7ift\u00e7isinin \u00fcretimde, pazarlama ve da\u011f\u0131t\u0131mda s\u00f6z ve yetki sahibi olabilmesi i\u00e7in il\u00e7e belediyesi olarak \u00fczerlerine d\u00fc\u015feni yapaca\u011f\u0131na dair s\u00f6z verdi. Toroslar Belediyesi, bu alandaki en \u00f6nemli ad\u0131m\u0131 \u00f6n\u00fcm\u00fczdeki ay atacak. Tar\u0131m \u00c7al\u0131\u015ftay\u0131&#8217;nda ba\u015fta Toroslar olmak \u00fczere Mersin&#8217;de \u00e7ift\u00e7inin \u00fcretim, pazarlama, fiyatland\u0131rma, da\u011f\u0131t\u0131m alan\u0131ndaki sorunlar\u0131 tespit edilecek, bunlara ili\u015fkin \u00e7\u00f6z\u00fcm \u00f6nerileri belirlenecek ve uygulanmas\u0131 i\u00e7in Toroslar Belediyesine sunulacak. Toroslar \u00e7ift\u00e7isi t\u00fcm bu s\u00fcre\u00e7te izleyici de\u011fil, bizzat bu s\u00fcrecin y\u00fcr\u00fct\u00fcc\u00fcs\u00fc olacak.<\/p>\n<p>&#8220;K\u00d6YLERDE A\u00c7IK M\u0130KROFON ETK\u0130NL\u0130\u011e\u0130 OLACAK, \u00c7\u0130FT\u00c7\u0130LER KONU\u015eACAK&#8221;<\/p>\n<p>Toroslar Belediyesi Tar\u0131msal Hizmetler M\u00fcd\u00fcr\u00fc Sinan Taylan Berk, \u00e7al\u0131\u015ftay haz\u0131rl\u0131klar\u0131 kapsam\u0131nda mahalle muhtarlar\u0131yla bir araya geldi.<\/p>\n<p>\u00c7al\u0131\u015ftay\u0131n ger\u00e7ekten sorunlar\u0131n tespit edilmesini, \u00e7\u00f6z\u00fcm \u00f6nerilerinin uygulanabilirli\u011fini ve takibini sa\u011flayan bir proje olmas\u0131n\u0131 istediklerini ifade eden Berk, &#8220;Bu \u00e7al\u0131\u015ftay masa ba\u015f\u0131nda haz\u0131rlanmak yerine sizlerin, \u00fcreticilerimizin dahil oldu\u011fu bir \u00e7al\u0131\u015ftay olsun. Ard\u0131ndan da \u00e7\u0131kan sonu\u00e7lar\u0131 uygulamaya d\u00f6n\u00fc\u015ft\u00fcrebilece\u011fimiz sonu\u00e7 elde edelim istiyoruz.  \u00c7al\u0131\u015ftay \u00f6ncesinde bir arazi gezisi yapaca\u011f\u0131z. Ziyaretlerin ard\u0131ndan taleplerin a\u015fa\u011f\u0131 yukar\u0131 belirlenebilece\u011fi bir panel d\u00fczenleyece\u011fiz. Panelde gerekli bilgilendirmeler yap\u0131lacak ve ard\u0131ndan \u00fcreticilerimizi davet etti\u011fimiz a\u00e7\u0131k mikrofon toplant\u0131s\u0131 yap\u0131lacak. Bu toplant\u0131da herkes d\u00fc\u015f\u00fcncelerini, taleplerini, \u00f6nerilerini ve eksik g\u00f6rd\u00fc\u011f\u00fc konular\u0131 ifade edebilecek. Ancak bu toplant\u0131n\u0131n konusu sadece tar\u0131mla ilgili olacak. Sonras\u0131nda \u00e7al\u0131\u015ftay\u0131n konu ba\u015fl\u0131klar\u0131na g\u00f6re masalar kurulacak. Bu masalarda, \u00f6nder \u00fcreticilerimiz de dahil olmak \u00fczere her kesimden insan fikirlerini beyan edebilecek. \u00c7al\u0131\u015ftaydan \u00e7\u0131kan sonu\u00e7lar\u0131 de\u011ferlendirmek \u00fczere bir toplant\u0131 daha yapaca\u011f\u0131z&#8221; \u015feklinde konu\u015ftu.<\/p>\n<p>&#8220;SANDIKLAR KURULACAK, HERKES G\u00d6R\u00dc\u015e\u00dcN\u00dc YAZIP SANDI\u011eA ATACAK&#8221;<\/p>\n<p>Toroslar Belediyesinin Tar\u0131m \u00c7al\u0131\u015ftay\u0131 haz\u0131rl\u0131klar\u0131na destek veren tar\u0131m yazar\u0131, \u00e7ift\u00e7i Abdullah Aysu da &#8220;K\u00f6ylerde sand\u0131klar kurulacak. Bu sand\u0131klar arac\u0131l\u0131\u011f\u0131yla, sadece tar\u0131mla ilgili olmak \u00fczere, vatanda\u015flar\u0131m\u0131z\u0131n \u00f6nerilerini, taleplerini, \u015fik\u00e2yetlerini ve isteklerini alaca\u011f\u0131z. Bu sand\u0131klar k\u00f6ylerde yakla\u015f\u0131k 15 g\u00fcn boyunca kalacak. En nihayetinde, \u00e7al\u0131\u015ftaydan \u00e7\u0131kan sonu\u00e7lar ve gelen talepler do\u011frultusunda neler yapaca\u011f\u0131m\u0131z\u0131 belirleyip bir yol haritas\u0131 \u00e7izece\u011fiz. Toroslar Belediyesi olarak k\u0131sa ve uzun vadeli bir program \u00e7\u0131karaca\u011f\u0131z. \u00d6ncelikli olarak hemen yap\u0131labilecek i\u015fler h\u0131zla tamamlanacak. Daha sonra ise belirli bir plan ve program dahilinde di\u011fer \u00e7al\u0131\u015fmalar ger\u00e7ekle\u015ftirilecek&#8221; ifadelerini kulland\u0131.<\/p>\n<p>BA\u015eKAN YILDIZ: K\u00d6YL\u00dcLER\u0130M\u0130Z\u0130 \u00c7ALI\u015eTAY&#8217;A DAVET ED\u0130YORUZ<\/p>\n<p>Toroslar Belediye Ba\u015fkan\u0131 Abdurrahman Y\u0131ld\u0131z da hafta sonlar\u0131 gezdi\u011fi k\u0131rsal mahallelerde vatanda\u015flara Tar\u0131m \u00c7al\u0131\u015ftay\u0131 hakk\u0131nda bilgi verdi.<\/p>\n<p>Y\u0131ld\u0131z, &#8220;Elbette ki belediyenin b\u00fct\u00e7esiyle tar\u0131m\u0131n birikmi\u015f t\u00fcm sorunlar\u0131n\u0131 \u00e7\u00f6zmek m\u00fcmk\u00fcn de\u011fil. Ancak ocak ay\u0131 sonunda birka\u00e7 g\u00fcnl\u00fck bir \u00e7al\u0131\u015ftay d\u00fczenlemeyi planl\u0131yoruz. Bu \u00e7al\u0131\u015ftayda \u00fclkemizin tar\u0131m alan\u0131nda uzman isimlerini davet edece\u011fiz ve sorunlar\u0131 detayl\u0131 bir \u015fekilde ele alaca\u011f\u0131z. K\u00f6yl\u00fclerimizi de \u00e7al\u0131\u015ftaya ta\u015f\u0131yacak otob\u00fcsler ayarlayaca\u011f\u0131z. Bu sayede, tar\u0131msal sorunlar\u0131n tespiti konusunda \u00f6nemli bir mesafe kat etmi\u015f olaca\u011f\u0131z. \u00c7\u00fcnk\u00fc tar\u0131msal sorunlar \u00e7\u00f6z\u00fclmedi\u011fi s\u00fcrece d\u00fcnyadaki di\u011fer hi\u00e7bir sorun \u00e7\u00f6z\u00fclemez. \u0130nsanlar\u0131n temel ya\u015fam g\u00fcd\u00fcs\u00fc, ayakta kalma \u00e7abas\u0131d\u0131r ve bu \u00e7aban\u0131n ger\u00e7ekle\u015febilmesi i\u00e7in tar\u0131m biliminin geli\u015ftirilip uygulanabilir hale gelmesi \u015fartt\u0131r. Bu nedenle tar\u0131m meselesine ciddi \u015fekilde e\u011filmeye ve somut ad\u0131mlar atmaya kararl\u0131y\u0131z&#8221; dedi.<\/p>\n","protected":false},"excerpt":{"rendered":"<p>Toroslar Belediye Ba\u015fkan\u0131 Abdurrahman Y\u0131ld\u0131z&#8217;\u0131n y\u00f6re \u00e7ift\u00e7isine s\u00f6z verdi\u011fi Tar\u0131m \u00c7al\u0131\u015ftay\u0131 i\u00e7in haz\u0131rl\u0131klar ba\u015flad\u0131. \u00c7al\u0131\u015ftay\u0131n her a\u015famas\u0131nda \u00e7ift\u00e7i ve \u00fcretici s\u00f6z sahibi olacak. K\u00f6ylerde sand\u0131k kurulacak, a\u00e7\u0131k k\u00fcrs\u00fcler d\u00fczenlenecek. Bu &hellip; <a href=\"https:\/\/akdenizolaygazetesi.com\/?p=33439\" class=\"more-link\">Devam\u0131n\u0131 Oku&#8230;<\/a><\/p>\n","protected":false},"author":2,"featured_media":33440,"comment_status":"open","ping_status":"open","sticky":false,"template":"","format":"standard","meta":[],"categories":[1,2,3],"tags":[],"_links":{"self":[{"href":"https:\/\/akdenizolaygazetesi.com\/index.php?rest_route=\/wp\/v2\/posts\/33439"}],"collection":[{"href":"https:\/\/akdenizolaygazetesi.com\/index.php?rest_route=\/wp\/v2\/posts"}],"about":[{"href":"https:\/\/akdenizolaygazetesi.com\/index.php?rest_route=\/wp\/v2\/types\/post"}],"author":[{"embeddable":true,"href":"https:\/\/akdenizolaygazetesi.com\/index.php?rest_route=\/wp\/v2\/users\/2"}],"replies":[{"embeddable":true,"href":"https:\/\/akdenizolaygazetesi.com\/index.php?rest_route=%2Fwp%2Fv2%2Fcomments&post=33439"}],"version-history":[{"count":1,"href":"https:\/\/akdenizolaygazetesi.com\/index.php?rest_route=\/wp\/v2\/posts\/33439\/revisions"}],"predecessor-version":[{"id":33441,"href":"https:\/\/akdenizolaygazetesi.com\/index.php?rest_route=\/wp\/v2\/posts\/33439\/revisions\/33441"}],"wp:featuredmedia":[{"embeddable":true,"href":"https:\/\/akdenizolaygazetesi.com\/index.php?rest_route=\/wp\/v2\/media\/33440"}],"wp:attachment":[{"href":"https:\/\/akdenizolaygazetesi.com\/index.php?rest_route=%2Fwp%2Fv2%2Fmedia&parent=33439"}],"wp:term":[{"taxonomy":"category","embeddable":true,"href":"https:\/\/akdenizolaygazetesi.com\/index.php?rest_route=%2Fwp%2Fv2%2Fcategories&post=33439"},{"taxonomy":"post_tag","embeddable":true,"href":"https:\/\/akdenizolaygazetesi.com\/index.php?rest_route=%2Fwp%2Fv2%2Ftags&post=33439"}],"curies":[{"name":"wp","href":"https:\/\/api.w.org\/{rel}","templated":true}]}}