{"id":33442,"date":"2024-12-18T16:24:31","date_gmt":"2024-12-18T13:24:31","guid":{"rendered":"http:\/\/akdenizolaygazetesi.com\/?p=33442"},"modified":"2024-12-18T16:24:31","modified_gmt":"2024-12-18T13:24:31","slug":"deva-partili-ekmen-asgari-ucrete-en-az-enflasyon-oraninda-zam-yapilmalidir","status":"publish","type":"post","link":"https:\/\/akdenizolaygazetesi.com\/?p=33442","title":{"rendered":"DEVA Partili Ekmen: Asgari \u00fccrete en az enflasyon oran\u0131nda zam yap\u0131lmal\u0131d\u0131r!"},"content":{"rendered":"<p>DEVA Partisi Genel Ba\u015fkan Yard\u0131mc\u0131s\u0131 ve Mersin Milletvekili Mehmet Emin Ekmen, milyonlarca asgari \u00fccretlinin ve emeklinin artan faizler ve dolayl\u0131 vergiler nedeniyle zor g\u00fcnler ge\u00e7irdi\u011fine dikkati \u00e7ekerek, asgari \u00fccrete en az enflasyon oran\u0131nda zam yap\u0131lmas\u0131 gerekti\u011fini vurgulad\u0131. Emeklinin kuru ekmek yese bile ayl\u0131k masraf\u0131n\u0131n 12 bin 500 liray\u0131 ge\u00e7ti\u011fini belirten Ekmen, \u201cEn d\u00fc\u015f\u00fck emekli \u00fccretinin asgari \u00fccretle e\u015fitlenmesi ka\u00e7\u0131n\u0131lmaz bir insani gerekliliktir\u201d dedi. <\/p>\n<p>DEVA Partisi Genel Ba\u015fkan Yard\u0131mc\u0131s\u0131 ve Mersin Milletvekili Mehmet Emin Ekmen, asgari \u00fccret g\u00f6r\u00fc\u015fmeleriyle ilgili de\u011ferlendirmelerde bulundu. Mersin Haber Merkezi\u2019nden Ceren Seyran \u0130nan\u2019\u0131n sorular\u0131n\u0131 yan\u0131tlayan Ekmen, asgari \u00fccret ve emekli zamm\u0131 ile ilgili iktidara \u00e7a\u011fr\u0131da bulunarak, enflasyonun ve sat\u0131n alma g\u00fcc\u00fcndeki azalman\u0131n dikkate al\u0131nmas\u0131 gerekti\u011fini belirtti. <\/p>\n<p>Faizler y\u00fckseldi ama enflasyon d\u00fc\u015fmedi!<\/p>\n<p>Ekonomi politikalar\u0131n\u0131n dar gelirlileri vurdu\u011funu ifade eden Ekmen, \u201cSon uygulanan ekonomi program\u0131 IMF\u2019den daha ac\u0131mas\u0131z bir \u015fekilde dar gelirli ve sabit gelirlileri vurmu\u015ftur. Program\u0131n tek iddias\u0131 faizi y\u00fckselterek enflasyonu d\u00fc\u015f\u00fcrmektir. Ancak faizler tarihi y\u00fcksek seviyelerde seyretti\u011fi halde enflasyon da d\u00fc\u015f\u00fcr\u00fclememi\u015ftir. Hatta program\u0131n ba\u015flang\u0131c\u0131na g\u00f6re enflasyon artm\u0131\u015ft\u0131r. Tabii ki bu art\u0131\u015f T\u00dc\u0130K\u2019in \u00f6nceki yanl\u0131\u015f ve \u00e7arp\u0131t\u0131lm\u0131\u015f \u00f6l\u00e7\u00fcmlerinden kaynaklanmaktad\u0131r. Asgari \u00fccretli ve alt gelir grubuna sahip insanlar y\u00fcksek faiz y\u00fcksek enflasyon y\u00fcksek vergilendirme kar\u015f\u0131s\u0131nda korumas\u0131z kalm\u0131\u015ft\u0131r\u201d ifadelerini kulland\u0131. <\/p>\n<p>\u201cEn az enflasyon kadar asgari \u00fccrete zam yap\u0131lmal\u0131d\u0131r\u201d<\/p>\n<p>Yaz aylar\u0131nda beklenen ara zamm\u0131n yap\u0131lmad\u0131\u011f\u0131na dikkat \u00e7eken Ekmen, \u201cY\u0131llar boyu uygulanan ara zam bu y\u0131l verilmemi\u015ftir. \u015eu anda yap\u0131lmas\u0131 gereken asgari \u00fccretlinin al\u0131\u015fveri\u015f sepetindeki enflasyon kadar asgari \u00fccrete zam yap\u0131lmas\u0131d\u0131r. Neyi kastediyorum enflasyon sepetindeki bir\u00e7ok kalemi zaten asgari \u00fccretle alam\u0131yor. Asgari \u00fccretlinin harcamalar\u0131 g\u0131da, ula\u015f\u0131m ve az miktarda tekstille s\u0131n\u0131rl\u0131d\u0131r. Bu kalemlerdeki art\u0131\u015f ise d\u00fcnya ortalamalar\u0131n\u0131n \u00e7ok \u00e7ok \u00fcst\u00fcndedir. Devlet bu y\u0131l kendi alacaklar\u0131 i\u00e7in y\u00fczde 45 g\u00fcncelleme \u00f6ng\u00f6rd\u00fc. Tutarl\u0131l\u0131\u011f\u0131n gere\u011fi, minimum olarak g\u00fcncelleme oran\u0131 kadar sonra da asgari \u00fccretlinin hissetti\u011fi enflasyon kadar \u00fccretlerde art\u0131\u015f yap\u0131lmas\u0131d\u0131r. Maalesef tart\u0131\u015fmalar bunlardan uzak bir noktada yap\u0131l\u0131yor\u201d diyerek zamm\u0131n en az enflasyona g\u00f6re ayarlanmas\u0131 gerekti\u011fine i\u015faret etti.<\/p>\n<p>\u201cEmekli kuru ekmek yese ayl\u0131k masraf\u0131 12 bin 500\u2019\u00fc ge\u00e7er\u201d<\/p>\n<p>Emeklilerin de durumuna de\u011finen Ekmen, 12 bin 500 lira ile temel ihtiya\u00e7lar i\u00e7in bile al\u0131\u015fveri\u015f yap\u0131lamad\u0131\u011f\u0131n\u0131 belirterek, \u201cBug\u00fcn emeklilerin ald\u0131\u011f\u0131 12 bin 500 TL T\u00fcrkiye\u2019nin b\u00fct\u00fcn illerinde kiraya dahi yetmemektedir. Emekli, pazar al\u0131\u015fveri\u015fi yapamamaktad\u0131r. Torununun cebine har\u00e7l\u0131k dahi koyamamaktad\u0131r. En d\u00fc\u015f\u00fck emekli \u00fccretinin asgari \u00fccretle e\u015fitlenmesi ka\u00e7\u0131n\u0131lmaz insani bir gerekliliktir. Emekli kuru ekmek yese ayl\u0131k ekmek masraf\u0131 12 bin 500 TL\u2019den y\u00fcksek olacakt\u0131r. Unutmayal\u0131m ki emeklilerin g\u0131da ve ya\u015fam standard\u0131n\u0131n d\u00fczenlenmesi ayn\u0131 zamanda onlar\u0131n sa\u011fl\u0131kl\u0131 bir ya\u015fam s\u00fcrerek devletin sa\u011fl\u0131k giderlerinin de azalmas\u0131 anlam\u0131na gelecektir\u201d s\u00f6zlerini kaydetti.<\/p>\n","protected":false},"excerpt":{"rendered":"<p>DEVA Partisi Genel Ba\u015fkan Yard\u0131mc\u0131s\u0131 ve Mersin Milletvekili Mehmet Emin Ekmen, milyonlarca asgari \u00fccretlinin ve emeklinin artan faizler ve dolayl\u0131 vergiler nedeniyle zor g\u00fcnler ge\u00e7irdi\u011fine dikkati \u00e7ekerek, asgari \u00fccrete en &hellip; <a href=\"https:\/\/akdenizolaygazetesi.com\/?p=33442\" class=\"more-link\">Devam\u0131n\u0131 Oku&#8230;<\/a><\/p>\n","protected":false},"author":2,"featured_media":32816,"comment_status":"open","ping_status":"open","sticky":false,"template":"","format":"standard","meta":[],"categories":[1,2,3],"tags":[],"_links":{"self":[{"href":"https:\/\/akdenizolaygazetesi.com\/index.php?rest_route=\/wp\/v2\/posts\/33442"}],"collection":[{"href":"https:\/\/akdenizolaygazetesi.com\/index.php?rest_route=\/wp\/v2\/posts"}],"about":[{"href":"https:\/\/akdenizolaygazetesi.com\/index.php?rest_route=\/wp\/v2\/types\/post"}],"author":[{"embeddable":true,"href":"https:\/\/akdenizolaygazetesi.com\/index.php?rest_route=\/wp\/v2\/users\/2"}],"replies":[{"embeddable":true,"href":"https:\/\/akdenizolaygazetesi.com\/index.php?rest_route=%2Fwp%2Fv2%2Fcomments&post=33442"}],"version-history":[{"count":1,"href":"https:\/\/akdenizolaygazetesi.com\/index.php?rest_route=\/wp\/v2\/posts\/33442\/revisions"}],"predecessor-version":[{"id":33443,"href":"https:\/\/akdenizolaygazetesi.com\/index.php?rest_route=\/wp\/v2\/posts\/33442\/revisions\/33443"}],"wp:featuredmedia":[{"embeddable":true,"href":"https:\/\/akdenizolaygazetesi.com\/index.php?rest_route=\/wp\/v2\/media\/32816"}],"wp:attachment":[{"href":"https:\/\/akdenizolaygazetesi.com\/index.php?rest_route=%2Fwp%2Fv2%2Fmedia&parent=33442"}],"wp:term":[{"taxonomy":"category","embeddable":true,"href":"https:\/\/akdenizolaygazetesi.com\/index.php?rest_route=%2Fwp%2Fv2%2Fcategories&post=33442"},{"taxonomy":"post_tag","embeddable":true,"href":"https:\/\/akdenizolaygazetesi.com\/index.php?rest_route=%2Fwp%2Fv2%2Ftags&post=33442"}],"curies":[{"name":"wp","href":"https:\/\/api.w.org\/{rel}","templated":true}]}}