{"id":33446,"date":"2024-12-19T14:56:33","date_gmt":"2024-12-19T11:56:33","guid":{"rendered":"http:\/\/akdenizolaygazetesi.com\/?p=33446"},"modified":"2024-12-19T14:56:33","modified_gmt":"2024-12-19T11:56:33","slug":"baskan-boltac-basin-mensuplari-ile-bir-araya-geldi","status":"publish","type":"post","link":"https:\/\/akdenizolaygazetesi.com\/?p=33446","title":{"rendered":"BA\u015eKAN BOLTA\u00c7 BASIN MENSUPLARI \u0130LE B\u0130R ARAYA GELD\u0130"},"content":{"rendered":"<p>Tarsus Belediye Ba\u015fkan\u0131 Ali Bolta\u00e7, Tarsus\u2019ta faaliyet g\u00f6steren yerel ve ulusal bas\u0131n temsilcileri ile bir araya geldi. Tarsus Gastronomi Merkezi\u2019nde yap\u0131lan toplant\u0131da merak edilenleri cevaplad\u0131. Ba\u015fkan Bolta\u00e7 \u201cTarsus o kadar g\u00fczel bir kent ki, bar\u0131\u015f\u0131n, karde\u015fli\u011fin ve medeniyetin do\u011fdu\u011fu bir kent. Tarsus\u2019un b\u00fct\u00fcn dinamikleri benim i\u00e7in \u00f6nemli. Bu kentin payda\u015flar\u0131yla \u00e7al\u0131\u015f\u0131yoruz.\u201d dedi.<\/p>\n<p>Gazeteciler ile bir araya gelen Ba\u015fkan Bolta\u00e7, g\u00f6reve geldi\u011fi g\u00fcnden bu yana yap\u0131lan \u00e7al\u0131\u015fmalar\u0131 ve faaliyetleri konu\u015ftu. D\u00fczenlenen etkinli\u011fe Tarsus\u2019ta g\u00f6rev yapan \u00e7ok say\u0131da bas\u0131n mensubu kat\u0131ld\u0131.  <\/p>\n<p>Tarsus Gastronomi Merkezi\u2019nin \u00f6nemine de\u011finerek konu\u015fmalar\u0131na ba\u015flayan Tarsus Belediye Ba\u015fkan\u0131 Ali Bolta\u00e7, \u201cTarsus\u2019un gastronomisine \u00e7ok \u00f6nem verdi\u011fimizi s\u00f6ylemi\u015ftim. Tarsus k\u00fclt\u00fcr\u00fcyle, tarihiyle, sanayisiyle an\u0131lacak ama bir de gastronomisiyle an\u0131lmas\u0131 gerekiyor.  Biz g\u00f6reve gelir gelmez burayla ilgili tasarrufumuzu d\u00fc\u015f\u00fcnd\u00fck.  Burada bir d\u00fczenleme yapaca\u011f\u0131m\u0131z\u0131 s\u00f6yledik. Zeytinya\u011fl\u0131lar, meze, salata, s\u0131kma, b\u00f6rek, mant\u0131, kebap, lahmacun ve humus gibi y\u00f6resel yemeklerimizin yap\u0131ld\u0131\u011f\u0131, ye\u015fil marketimizin de yer alaca\u011f\u0131 bir alan buras\u0131. Bu b\u00f6lgeye gelen misafirlerimiz i\u00e7in bir\u00e7ok \u00fcr\u00fcn\u00fc ayn\u0131 alanda sergileyebilece\u011fimiz bir alana ihtiyac\u0131m\u0131z vard\u0131. Bizde bu alan\u0131 yaratmakla m\u00fckellef bir belediyeydik.  Bu alan\u0131 yaratt\u0131k. Buras\u0131 \u00e7ok g\u00fczel hizmetler yapmaya devam ediyor. Ben \u00e7ok mutluyum bu ortam i\u00e7in. Tarsus\u2019ta 250 ki\u015fiye ayn\u0131 anda servis verebilmek \u00f6nemlidir.\u201d diye ifade etti.<\/p>\n<p>\u201cTARSUS\u2019UN B\u00dcT\u00dcN D\u0130NAM\u0130KLER\u0130 BEN\u0130M \u0130\u00c7\u0130N \u00d6NEML\u0130\u201d<\/p>\n<p>Konu\u015fmalar\u0131na devam eden Ba\u015fkan Bolta\u00e7, \u201cTarsus o kadar g\u00fczel bir kent ki, bar\u0131\u015f\u0131n, karde\u015fli\u011fin ve medeniyetin do\u011fdu\u011fu bir kent. Gastronomi Merkezimizde Slow Food ile koordineli olarak \u00e7al\u0131\u015f\u0131yoruz. Burada workshop ve gastronomi e\u011fitimleri ger\u00e7ekle\u015fiyor. Tarsus\u2019un b\u00fct\u00fcn dinamikleri benim i\u00e7in \u00f6nemli. Bu kentin payda\u015flar\u0131yla \u00e7al\u0131\u015f\u0131yoruz.\u201d \u015feklinde ifade etti.<\/p>\n<p>\u201cTARSUS YALNIZLI\u011eA BIRAKILMI\u015e B\u0130R KENT OLMAMALI\u201d<\/p>\n<p>27 Aral\u0131k\u2019ta Haf\u0131za Korteji ger\u00e7ekle\u015fece\u011fini s\u00f6yleyen Ba\u015fkan Bolta\u00e7, \u201cBu y\u0131l Tarsus\u2019un D\u00fc\u015fman \u0130\u015fgalinden Kurtulu\u015funun 103. y\u0131l\u0131n\u0131 kutlayaca\u011f\u0131z. Biliyorsunuz eskiden \u00e7ete bayram\u0131 vard\u0131. Fakat biz ona Haf\u0131za Korteji ad\u0131n\u0131 verdik.  Bu kentin, odalar\u0131n\u0131, sivil toplum kurulu\u015flar\u0131n\u0131, muhtarlar\u0131n\u0131, derneklerini,  gazeteci cemiyetlerini o g\u00fcn kortejde g\u00f6rmek istiyorum.  Tarsus\u2019u o g\u00fcn yaln\u0131z b\u0131rakmay\u0131n. Tarsus yaln\u0131zl\u0131\u011fa b\u0131rak\u0131lm\u0131\u015f bir kent olmamal\u0131.  Bu kent i\u00e7in elimizi ta\u015f\u0131n alt\u0131na koymal\u0131y\u0131z. Tarsus \u00f6n\u00fcm\u00fczdeki 10 y\u0131l i\u00e7erisinde \u00e7a\u011f atlayacakt\u0131r. \u015eehrimizin \u00f6n\u00fcndeki t\u00fcm engelleri birlikte a\u015fal\u0131m. Tar\u0131m\u0131yla, sanayisiyle, sahiliyle konu\u015fulacak Tarsus\u2019a imza ataca\u011f\u0131z.\u201d diye ifade etti.<\/p>\n<p>BA\u015eKAN BOLTA\u00c7, SUNAY AT\u0130LLA K\u00d6PR\u00dcS\u00dc \u0130\u00c7\u0130N PLANLAMALARI A\u00c7IKLADI<\/p>\n<p>Tren hatt\u0131 \u00e7al\u0131\u015fmalar\u0131nda y\u0131k\u0131lacak k\u00f6pr\u00fc ve ard\u0131ndan yap\u0131lacak planlamalara de\u011finen Ba\u015fkan Bolta\u00e7, \u201cBiliyorsunuz Sunay Atilla K\u00f6pr\u00fcs\u00fc, Rauf Denkta\u015f Park\u0131m\u0131z\u0131n tam ortas\u0131ndan ge\u00e7iyor. Asl\u0131nda o park\u0131n her iki yan\u0131 ye\u015fil alan. K\u00f6pr\u00fc y\u0131k\u0131ld\u0131ktan sonra buras\u0131 d\u00fcz bir alan olacak. K\u00f6pr\u00fc y\u0131k\u0131ld\u0131\u011f\u0131nda okuma salonu ve sergi salonu da y\u0131k\u0131lacak. \u0130lerleyen s\u00fcre\u00e7lerde kentimize bu alanlar\u0131 tekrar kazand\u0131raca\u011f\u0131z. Park\u0131n alan\u0131 komple yenilenecek. Ye\u015fil alanlar\u0131m\u0131z olacak.\u201d dedi.<\/p>\n<p>\u201cTARSUS\u2019TA YA\u015eAYAN HER CANLININ BELED\u0130YE BA\u015eKANIYIM\u201d<\/p>\n<p>Hayvan Bar\u0131na\u011f\u0131 ile ilgili son zamanlarda \u00e7\u0131kan haberler hakk\u0131nda sorulara cevap veren Ba\u015fkan Bolta\u00e7 \u201cG\u00f6reve geldi\u011fim de tablonun ne oldu\u011funu ve bu s\u00fcre zarf\u0131nda neler yapt\u0131\u011f\u0131m\u0131 biliyorum. Bar\u0131nak ile ilgili a\u011f\u0131r ele\u015ftirilere maruz kald\u0131k. Olmayacak hakaretler yap\u0131ld\u0131. Ben hayvansever bir insan\u0131m. Tarsus\u2019ta ya\u015fayan her canl\u0131n\u0131n belediye ba\u015fkan\u0131y\u0131m. Ama maalesef konu ara\u015ft\u0131rmadan konu\u015fuluyor. Olay\u0131n 1 bu\u00e7uk sene \u00f6nce oldu\u011fu, konuyla ilgili Tarsus Belediyesi\u2019nin soru\u015fturma ba\u015flatt\u0131\u011f\u0131 ve buna istinaden bir ki\u015fiyi uzakla\u015ft\u0131rd\u0131\u011f\u0131 ara\u015ft\u0131r\u0131ld\u0131\u011f\u0131nda hemen bulunur.\u201d dedi.<\/p>\n<p>\u201cBEDEN \u0130\u015e\u00c7\u0130S\u0130 ALIMI YAPACA\u011eIZ\u201d<\/p>\n<p>Tarsus\u2019ta ki temizlik sorunu i\u00e7in al\u0131mlar yap\u0131laca\u011f\u0131n\u0131 ifade eden Ba\u015fkan Bolta\u00e7, \u201c Benden \u00f6nceki y\u00f6netim 9-10 ya\u015f\u0131ndaki arabalara ihale yapm\u0131\u015f. Arabalar geldi\u011fimizde ak\u0131t\u0131yordu ve bu konuda tamirlerini yapt\u0131rd\u0131k. 230 personelimiz vard\u0131. Bir\u00e7o\u011fu emekli oldu. Beden i\u015f\u00e7isini, bedene, b\u00fcroyu da gerekli yerlere g\u00f6revlendirdik. Hakl\u0131 olarak b\u00fcroya beden i\u015f\u00e7isi olarak giren arkada\u015flar i\u015f akdini feshetti.  Burada 180 civar\u0131nda bir personelimiz var. Bununla alakal\u0131 beden i\u015f\u00e7isi al\u0131m\u0131 yapaca\u011f\u0131z.\u201d \u015feklinde ifade etti.<\/p>\n<p>\u201c\u0130SMETPA\u015eA BEN\u0130M BOYNUMUN BORCU\u201d<\/p>\n<p>\u0130smetpa\u015fa Mahallesi\u2019nde ya\u015fan\u0131lan kentsel d\u00f6n\u00fc\u015f\u00fcm sorununu \u00e7\u00f6zece\u011fini ifade ederek konu\u015fmalar\u0131na devam eden Ba\u015fkan Bolta\u00e7 \u201c\u0130smetpa\u015fa benim boynumun borcu. Bu anlamda \u00e7al\u0131\u015fmalar\u0131m\u0131za ba\u015flad\u0131k. Ma\u011fdur olmu\u015f hak sahibi ki\u015filerle tekrar g\u00f6r\u00fc\u015fece\u011fiz. Buras\u0131 yakla\u015f\u0131k 1 bu\u00e7uk milyarl\u0131k yat\u0131r\u0131m.  G\u00fcn\u00fcn sonunda bir anla\u015fmay\u0131 ger\u00e7ekle\u015ftirece\u011fiz.\u201d dedi.<\/p>\n<p>\u201cK\u00dcLT\u00dcR MERKEZ\u0130\u2019N\u0130N TAHS\u0130S\u0130 BELED\u0130YEM\u0130ZE KALICI OLARAK VER\u0130LM\u0130\u015eT\u0130R\u201d<\/p>\n<p>K\u00fclt\u00fcr Merkezi\u2019nin tahsilat\u0131n\u0131n al\u0131nd\u0131\u011f\u0131n\u0131 kaydeden Ba\u015fkan Bolta\u00e7 \u201cTarsus K\u00fclt\u00fcr Merkezi\u2019nin tahsisi belediyemize kal\u0131c\u0131 olarak verilmi\u015ftir. Buray\u0131 sorunlar\u0131yla birlikte ald\u0131k. \u015eu anda m\u00fcteahhidiyle g\u00f6r\u00fc\u015f\u00fcld\u00fc. \u0130n\u015fallah merkezimizi Tarsus\u2019a dahil edece\u011fiz.\u201d diyerek s\u00f6zlerini sonland\u0131rd\u0131.<\/p>\n","protected":false},"excerpt":{"rendered":"<p>Tarsus Belediye Ba\u015fkan\u0131 Ali Bolta\u00e7, Tarsus\u2019ta faaliyet g\u00f6steren yerel ve ulusal bas\u0131n temsilcileri ile bir araya geldi. Tarsus Gastronomi Merkezi\u2019nde yap\u0131lan toplant\u0131da merak edilenleri cevaplad\u0131. Ba\u015fkan Bolta\u00e7 \u201cTarsus o kadar &hellip; <a href=\"https:\/\/akdenizolaygazetesi.com\/?p=33446\" class=\"more-link\">Devam\u0131n\u0131 Oku&#8230;<\/a><\/p>\n","protected":false},"author":2,"featured_media":33447,"comment_status":"open","ping_status":"open","sticky":false,"template":"","format":"standard","meta":[],"categories":[1,2,3],"tags":[],"_links":{"self":[{"href":"https:\/\/akdenizolaygazetesi.com\/index.php?rest_route=\/wp\/v2\/posts\/33446"}],"collection":[{"href":"https:\/\/akdenizolaygazetesi.com\/index.php?rest_route=\/wp\/v2\/posts"}],"about":[{"href":"https:\/\/akdenizolaygazetesi.com\/index.php?rest_route=\/wp\/v2\/types\/post"}],"author":[{"embeddable":true,"href":"https:\/\/akdenizolaygazetesi.com\/index.php?rest_route=\/wp\/v2\/users\/2"}],"replies":[{"embeddable":true,"href":"https:\/\/akdenizolaygazetesi.com\/index.php?rest_route=%2Fwp%2Fv2%2Fcomments&post=33446"}],"version-history":[{"count":1,"href":"https:\/\/akdenizolaygazetesi.com\/index.php?rest_route=\/wp\/v2\/posts\/33446\/revisions"}],"predecessor-version":[{"id":33448,"href":"https:\/\/akdenizolaygazetesi.com\/index.php?rest_route=\/wp\/v2\/posts\/33446\/revisions\/33448"}],"wp:featuredmedia":[{"embeddable":true,"href":"https:\/\/akdenizolaygazetesi.com\/index.php?rest_route=\/wp\/v2\/media\/33447"}],"wp:attachment":[{"href":"https:\/\/akdenizolaygazetesi.com\/index.php?rest_route=%2Fwp%2Fv2%2Fmedia&parent=33446"}],"wp:term":[{"taxonomy":"category","embeddable":true,"href":"https:\/\/akdenizolaygazetesi.com\/index.php?rest_route=%2Fwp%2Fv2%2Fcategories&post=33446"},{"taxonomy":"post_tag","embeddable":true,"href":"https:\/\/akdenizolaygazetesi.com\/index.php?rest_route=%2Fwp%2Fv2%2Ftags&post=33446"}],"curies":[{"name":"wp","href":"https:\/\/api.w.org\/{rel}","templated":true}]}}