{"id":33449,"date":"2024-12-19T14:57:45","date_gmt":"2024-12-19T11:57:45","guid":{"rendered":"http:\/\/akdenizolaygazetesi.com\/?p=33449"},"modified":"2024-12-19T14:57:45","modified_gmt":"2024-12-19T11:57:45","slug":"mtso-139-yasinda","status":"publish","type":"post","link":"https:\/\/akdenizolaygazetesi.com\/?p=33449","title":{"rendered":"MTSO 139 ya\u015f\u0131nda"},"content":{"rendered":"<p>Mersin Ticaret ve Sanayi Odas\u0131 (MTSO) kurulu\u015funun 139\u2019uncu y\u0131l\u0131n\u0131 kutlad\u0131. Cumhuriyet Meydan\u0131\u2019nda bir araya gelen Meclis \u00dcyeleri, Komite \u00dcyeleri, Y\u00f6netim Kurulu \u00dcyeleri ve Oda Personeli, Odan\u0131n kurulu\u015funun 139\u2019uncu y\u0131l\u0131n\u0131, Atat\u00fcrk\u2019\u00fcn huzurunda kutlad\u0131. \u015eehitlerin an\u0131s\u0131na durulan sayg\u0131 duru\u015fu ve \u0130stiklal Mar\u015f\u0131\u2019n\u0131n okunmas\u0131 sonras\u0131nda Y\u00f6netim Kurulu Ba\u015fkan\u0131 Hakan Sefa \u00c7ak\u0131r ile Meclis Ba\u015fkan\u0131 Hamit \u0130zol, Atat\u00fcrk an\u0131t\u0131na \u00e7elenk sundu. A\u00e7\u0131l\u0131\u015f konu\u015fmalar\u0131 ve aile foto\u011fraf\u0131n\u0131n \u00e7ekilmesi sonras\u0131nda MTSO ailesi hizmet binas\u0131nda d\u00fczenlenen kutlama kokteylinde bir araya geldi. <\/p>\n<p>\u00c7ak\u0131r: \u201cOdam\u0131z\u0131n 139 y\u0131l\u0131na eme\u011fi ge\u00e7enlere te\u015fekk\u00fcr ediyorum\u201d<br \/>\nT\u00f6rende s\u00f6zlerine, \u201c139 ya\u015f\u0131na giren bir \u00e7\u0131nar\u0131n g\u00f6lgesindeyiz\u201d diyerek ba\u015flayan Y\u00f6netim Kurulu Ba\u015fkan\u0131 Hakan Sefa \u00c7ak\u0131r, Oda\u2019n\u0131n temellerin tarihin en b\u00fcy\u00fck devletlerinden biri olan Osmanl\u0131 Devleti d\u00f6neminde at\u0131ld\u0131\u011f\u0131n\u0131 hat\u0131rlatt\u0131. Modern anlamdaki kurumsalla\u015fmas\u0131n\u0131 ise 20\u2019nci y\u00fczy\u0131l\u0131n en sayg\u0131n devletlerinden biri olan b\u00fcy\u00fck T\u00fcrkiye Cumhuriyeti\u2019nde B\u00fcy\u00fck Atat\u00fcrk\u2019\u00fcn insan ve vatanda\u015f odakl\u0131 Cumhuriyet kazan\u0131m\u0131yla tamamlad\u0131\u011f\u0131n\u0131 vurgulayan \u00c7ak\u0131r, \u015funlar\u0131 s\u00f6yledi:<br \/>\n\u201cBug\u00fcn 139 senelik bu birikim ve k\u00fclt\u00fcrle kentimizi gelecek y\u00fczy\u0131llara ta\u015f\u0131man\u0131n \u00e7abas\u0131 i\u00e7inde Mersin g\u00f6n\u00fcll\u00fcleri olarak, Mersin Ticaret ve Sanayi Odas\u0131 \u00e7at\u0131s\u0131 alt\u0131nda, kentimizin ekonomi ba\u015fta olmak \u00fczere her konusuna odaklan\u0131yoruz, hizmet veriyoruz. Bundan dolay\u0131 bize bu vatan\u0131, Cumhuriyeti ve ba\u011f\u0131ms\u0131zl\u0131\u011f\u0131m\u0131z\u0131 hediye eden B\u00fcy\u00fck Atat\u00fcrk\u2019\u00fcn huzurunday\u0131z. 139\u2019uncu y\u0131l\u0131m\u0131zda;  kentimizin ve \u00fclkemizin ekonomik, sosyal ve toplumsal anlamda, en b\u00fcy\u00fck destek\u00e7isi olarak g\u00f6rev ve sorumluluklar\u0131m\u0131z\u0131 yerine getirdi\u011fimizi, kentimize ve \u00fclkemize sahip \u00e7\u0131kt\u0131\u011f\u0131m\u0131z\u0131 g\u00f6stermek i\u00e7in buraday\u0131z.\u201d<br \/>\nMersinlilere 139\u2019uncu y\u0131lda bir de s\u00f6z vermek istedi\u011fini kaydeden \u00c7ak\u0131r, Mersin i\u015f d\u00fcnyas\u0131 olarak \u00fcretmeye, i\u015f ve a\u015f vermeye, kentin ve \u00fclkenin zenginli\u011fi olmaya devam edeceklerini s\u00f6yledi. Siyaset \u00fcst\u00fc bir duru\u015fla birle\u015ftiren, kucaklayan ve devam olmaya devam edeceklerini vurgulad\u0131. \u201cYorulmadan, \u015fikayet etmeden, oturdu\u011fumuz makamlar\u0131n hakk\u0131n\u0131 vermeye devam edece\u011fiz\u201d diyen \u00c7ak\u0131r, 139 y\u0131ll\u0131k s\u00fcre\u00e7te kentin k\u00f6kl\u00fc kurumuna emek veren g\u00f6rev alan herkese te\u015fekk\u00fcr etti.  <\/p>\n<p>\u0130zol: \u201cBirlik ve beraberli\u011fin \u00f6n\u00fcnde kimse duramaz\u201d<br \/>\nMeclis Ba\u015fkan\u0131 Hamit \u0130zol ise konu\u015fmas\u0131nda birlik ve beraberli\u011fin \u00f6nemine de\u011findi. \u201cBirlik ve beraberli\u011fin \u00f6n\u00fcnde kimse duramaz\u201d diyen \u0130zol, \u201cBizler birbirimize sahip \u00e7\u0131kmazsak Odam\u0131z\u0131n \u00e7\u0131tas\u0131n\u0131 y\u00fckseltemeyiz\u201d ifadelerini kulland\u0131. Bug\u00fcn gerek kent olarak, gerek merkezi ve yerel y\u00f6netimle b\u00fcy\u00fck bir uyum i\u00e7inde hareket edilmesinin meyvelerinin topland\u0131\u011f\u0131n\u0131 dile getiren \u0130zol, \u201cBirlikte projeler \u00fcretiyoruz bu da i\u015f insanlar\u0131m\u0131z\u0131n geli\u015fmesine, daha ba\u015far\u0131l\u0131 i\u015fler y\u00fcr\u00fctmelerine katk\u0131 sunuyor. Bu birlik ve beraberlik kentimizin g\u00fcc\u00fcd\u00fcr. B\u00f6l\u00fcn\u00fcp par\u00e7alan\u0131rsak g\u00fcc\u00fcm\u00fcz\u00fc de kaybederiz\u201d de\u011ferlendirmesini yapt\u0131. 139 y\u0131ld\u0131r kopmayan ba\u011flar\u0131n, birlikteli\u011fin Cumhuriyet var oldu\u011fu s\u00fcrece devam etmesini dileyen \u0130zol, s\u00f6zlerini MTSO\u2019nun bug\u00fcnlere ula\u015fmas\u0131nda eme\u011fi ge\u00e7enlere te\u015fekk\u00fcr ederek tamamlad\u0131. <\/p>\n","protected":false},"excerpt":{"rendered":"<p>Mersin Ticaret ve Sanayi Odas\u0131 (MTSO) kurulu\u015funun 139\u2019uncu y\u0131l\u0131n\u0131 kutlad\u0131. Cumhuriyet Meydan\u0131\u2019nda bir araya gelen Meclis \u00dcyeleri, Komite \u00dcyeleri, Y\u00f6netim Kurulu \u00dcyeleri ve Oda Personeli, Odan\u0131n kurulu\u015funun 139\u2019uncu y\u0131l\u0131n\u0131, Atat\u00fcrk\u2019\u00fcn &hellip; <a href=\"https:\/\/akdenizolaygazetesi.com\/?p=33449\" class=\"more-link\">Devam\u0131n\u0131 Oku&#8230;<\/a><\/p>\n","protected":false},"author":2,"featured_media":33450,"comment_status":"open","ping_status":"open","sticky":false,"template":"","format":"standard","meta":[],"categories":[1,2,3],"tags":[],"_links":{"self":[{"href":"https:\/\/akdenizolaygazetesi.com\/index.php?rest_route=\/wp\/v2\/posts\/33449"}],"collection":[{"href":"https:\/\/akdenizolaygazetesi.com\/index.php?rest_route=\/wp\/v2\/posts"}],"about":[{"href":"https:\/\/akdenizolaygazetesi.com\/index.php?rest_route=\/wp\/v2\/types\/post"}],"author":[{"embeddable":true,"href":"https:\/\/akdenizolaygazetesi.com\/index.php?rest_route=\/wp\/v2\/users\/2"}],"replies":[{"embeddable":true,"href":"https:\/\/akdenizolaygazetesi.com\/index.php?rest_route=%2Fwp%2Fv2%2Fcomments&post=33449"}],"version-history":[{"count":1,"href":"https:\/\/akdenizolaygazetesi.com\/index.php?rest_route=\/wp\/v2\/posts\/33449\/revisions"}],"predecessor-version":[{"id":33451,"href":"https:\/\/akdenizolaygazetesi.com\/index.php?rest_route=\/wp\/v2\/posts\/33449\/revisions\/33451"}],"wp:featuredmedia":[{"embeddable":true,"href":"https:\/\/akdenizolaygazetesi.com\/index.php?rest_route=\/wp\/v2\/media\/33450"}],"wp:attachment":[{"href":"https:\/\/akdenizolaygazetesi.com\/index.php?rest_route=%2Fwp%2Fv2%2Fmedia&parent=33449"}],"wp:term":[{"taxonomy":"category","embeddable":true,"href":"https:\/\/akdenizolaygazetesi.com\/index.php?rest_route=%2Fwp%2Fv2%2Fcategories&post=33449"},{"taxonomy":"post_tag","embeddable":true,"href":"https:\/\/akdenizolaygazetesi.com\/index.php?rest_route=%2Fwp%2Fv2%2Ftags&post=33449"}],"curies":[{"name":"wp","href":"https:\/\/api.w.org\/{rel}","templated":true}]}}