{"id":33458,"date":"2024-12-19T15:01:33","date_gmt":"2024-12-19T12:01:33","guid":{"rendered":"http:\/\/akdenizolaygazetesi.com\/?p=33458"},"modified":"2024-12-19T15:01:33","modified_gmt":"2024-12-19T12:01:33","slug":"bakanliklara-butce-dayanmadi","status":"publish","type":"post","link":"https:\/\/akdenizolaygazetesi.com\/?p=33458","title":{"rendered":"&#8220;Bakanl\u0131klara B\u00fct\u00e7e Dayanmad\u0131&#8221;"},"content":{"rendered":"<p>CHP Mersin Milletvekili G\u00fclcan K\u0131\u015f, kamu kurumlar\u0131n\u0131n b\u00fct\u00e7elerini y\u0131l\u0131n bitmesine bir ay kala t\u00fcketti\u011fini belirterek, iktidar\u0131n &#8220;tasarruf tedbirleri&#8221; s\u00f6yleminin halk \u00fczerinde bask\u0131ya d\u00f6n\u00fc\u015ft\u00fc\u011f\u00fcn\u00fc ancak devlet kurumlar\u0131n\u0131n bu tedbirlerden muaf tutuldu\u011funu s\u00f6yledi. K\u0131\u015f, devlet harcamalar\u0131ndaki plans\u0131zl\u0131k ve savurganl\u0131\u011f\u0131n, halk\u0131n al\u0131n teriyle \u00f6dedi\u011fi vergileri israf etti\u011fini ifade etti.<\/p>\n<p>&#8220;Halk kemer s\u0131k\u0131yor, kamu savurganl\u0131\u011f\u0131 s\u00fcrd\u00fcr\u00fcyor&#8221;<\/p>\n<p>&#8220;Tasarruf tedbirleri ad\u0131 alt\u0131nda vatanda\u015fa dayat\u0131lan politika, bir kez daha halk\u0131 ma\u011fdur etmi\u015f durumda. Vatanda\u015f, artan kira ve faturalar\u0131 \u00f6demekte zorlan\u0131rken, kamu kurumlar\u0131 harcamalar\u0131n\u0131 kontrols\u00fcz bir \u015fekilde s\u00fcrd\u00fcr\u00fcyor. Tasarruf tedbirleri genelgesi nedense devlet kurumlar\u0131na u\u011framad\u0131. 16 bakanl\u0131k, b\u00fct\u00e7elerini y\u0131l\u0131n bitmesine bir ay kala t\u00fcketmi\u015f durumda. Halktan tasarruf isteyen iktidar, kendi harcamalar\u0131n\u0131 g\u00f6zden ge\u00e7irmiyor.&#8221;<\/p>\n<p>B\u00fct\u00e7esini T\u00fcketen Bakanl\u0131klar ve Kurumlar<\/p>\n<p>CHP&#8217;li G\u00fclcan K\u0131\u015f, b\u00fct\u00e7elerini erken t\u00fcketen bakanl\u0131k ve kurumlar\u0131n listesini payla\u015farak, kamu kaynaklar\u0131n\u0131n plans\u0131z harcand\u0131\u011f\u0131n\u0131 belirtti:<\/p>\n<p>         \u2022        Adalet Bakanl\u0131\u011f\u0131<\/p>\n<p>         \u2022        Milli Savunma Bakanl\u0131\u011f\u0131<\/p>\n<p>         \u2022        Sa\u011fl\u0131k Bakanl\u0131\u011f\u0131<\/p>\n<p>         \u2022        Milli E\u011fitim Bakanl\u0131\u011f\u0131<\/p>\n<p>         \u2022        \u00c7evre, \u015eehircilik ve \u0130klim De\u011fi\u015fikli\u011fi Bakanl\u0131\u011f\u0131<\/p>\n<p>Ayr\u0131ca, b\u00fct\u00e7esini bitiren di\u011fer dikkat \u00e7ekici kurumlar ise \u015f\u00f6yle s\u0131raland\u0131:<\/p>\n<p>         \u2022        K\u00fclt\u00fcr ve Turizm Bakanl\u0131\u011f\u0131<\/p>\n<p>         \u2022        Milli \u0130stihbarat Te\u015fkilat\u0131 Ba\u015fkanl\u0131\u011f\u0131 (M\u0130T)<\/p>\n<p>         \u2022        Hakimler ve Savc\u0131lar Kurulu<\/p>\n<p>         \u2022        T\u00fcrkiye B\u00fcy\u00fck Millet Meclisi (TBMM)<\/p>\n<p>         \u2022        Diyanet \u0130\u015fleri Ba\u015fkanl\u0131\u011f\u0131<\/p>\n<p>         \u2022        \u0130leti\u015fim Ba\u015fkanl\u0131\u011f\u0131<\/p>\n<p>         \u2022        Gelir \u0130daresi Ba\u015fkanl\u0131\u011f\u0131<\/p>\n<p>         \u2022        Tapu ve Kadastro Genel M\u00fcd\u00fcrl\u00fc\u011f\u00fc<\/p>\n<p>         \u2022        G\u00f6\u00e7 \u0130daresi Ba\u015fkanl\u0131\u011f\u0131<\/p>\n<p>         \u2022        Milli Saraylar \u0130daresi Ba\u015fkanl\u0131\u011f\u0131<\/p>\n<p>         \u2022        Strateji ve B\u00fct\u00e7e Ba\u015fkanl\u0131\u011f\u0131<\/p>\n<p>         \u2022        \u0130klim De\u011fi\u015fikli\u011fi Ba\u015fkanl\u0131\u011f\u0131<\/p>\n<p>&#8220;Bu rakamlar, iktidar\u0131n b\u00fct\u00e7e disiplini konusundaki ba\u015far\u0131s\u0131zl\u0131\u011f\u0131n\u0131 g\u00f6zler \u00f6n\u00fcne seriyor. Halk\u0131n al\u0131n teriyle \u00f6dedi\u011fi vergiler, plans\u0131z harcamalarla t\u00fcketiliyor. Vatanda\u015f daha fazla fedakarl\u0131k yapamaz.&#8221;<\/p>\n<p>&#8220;Tasarruf \u00d6nce Devlet Kurumlar\u0131ndan Ba\u015flamal\u0131d\u0131r&#8221;<\/p>\n<p>G\u00fclcn K\u0131\u015f, tasarruf tedbirlerinin yaln\u0131zca halk \u00fczerinde uygulanmas\u0131na sert tepki g\u00f6stererek \u015funlar\u0131 s\u00f6yledi:<\/p>\n<p>&#8220;Tasarruf, \u00f6nce saraydan, bakanl\u0131klardan ve l\u00fcks makam ara\u00e7lar\u0131ndan ba\u015flamal\u0131d\u0131r. Vatanda\u015f kemer s\u0131karak ge\u00e7inmeye \u00e7al\u0131\u015f\u0131rken, kamu kurumlar\u0131n\u0131n bu savurganl\u0131\u011f\u0131 kabul edilemez. Halk\u0131n her kuru\u015funda hakk\u0131 vard\u0131r ve bu savurganl\u0131\u011f\u0131n hesab\u0131 mutlaka sorulacakt\u0131r.&#8221;<\/p>\n<p>&#8220;Bu Harcamalar\u0131n Hesab\u0131n\u0131 Vereceksiniz&#8221;<\/p>\n<p>CHP Mersin Milletvekili G\u00fclcan K\u0131\u015f, kamu harcamalar\u0131n\u0131n denetlenmesi ve \u015feffafl\u0131\u011f\u0131n sa\u011flanmas\u0131 gerekti\u011fini vurgulayarak \u015funlar\u0131 s\u00f6yledi:<\/p>\n<p>&#8220;Bu milletin al\u0131n teriyle \u00f6dedi\u011fi vergiler, birka\u00e7 ki\u015finin keyfi harcamalar\u0131na kurban edilemez. Devlet, tasarrufa en ba\u015fta kendisi uymal\u0131d\u0131r. Biz CHP olarak, bu harcamalar\u0131n hesab\u0131n\u0131 sormak i\u00e7in m\u00fccadele etmeye devam edece\u011fiz.&#8221;<\/p>\n<p>CHP&#8217;li G\u00fclcan K\u0131\u015f&#8217;\u0131n a\u00e7\u0131klamalar\u0131, kamu harcamalar\u0131n\u0131n yeniden denetim alt\u0131na al\u0131nmas\u0131 ve tasarruf politikalar\u0131n\u0131n adaletli bir \u015fekilde uygulanmas\u0131 gerekti\u011fi tart\u0131\u015fmalar\u0131n\u0131 yeniden g\u00fcndeme ta\u015f\u0131d\u0131. G\u00fclcan K\u0131\u015f, konuyu Meclis g\u00fcndemine ta\u015f\u0131yacaklar\u0131n\u0131 ve gerekli ad\u0131mlar\u0131n at\u0131lmas\u0131 i\u00e7in kararl\u0131 bir \u015fekilde \u00e7al\u0131\u015facaklar\u0131n\u0131 ifade etti.<\/p>\n","protected":false},"excerpt":{"rendered":"<p>CHP Mersin Milletvekili G\u00fclcan K\u0131\u015f, kamu kurumlar\u0131n\u0131n b\u00fct\u00e7elerini y\u0131l\u0131n bitmesine bir ay kala t\u00fcketti\u011fini belirterek, iktidar\u0131n &#8220;tasarruf tedbirleri&#8221; s\u00f6yleminin halk \u00fczerinde bask\u0131ya d\u00f6n\u00fc\u015ft\u00fc\u011f\u00fcn\u00fc ancak devlet kurumlar\u0131n\u0131n bu tedbirlerden muaf tutuldu\u011funu &hellip; <a href=\"https:\/\/akdenizolaygazetesi.com\/?p=33458\" class=\"more-link\">Devam\u0131n\u0131 Oku&#8230;<\/a><\/p>\n","protected":false},"author":2,"featured_media":33459,"comment_status":"open","ping_status":"open","sticky":false,"template":"","format":"standard","meta":[],"categories":[1,2,3],"tags":[],"_links":{"self":[{"href":"https:\/\/akdenizolaygazetesi.com\/index.php?rest_route=\/wp\/v2\/posts\/33458"}],"collection":[{"href":"https:\/\/akdenizolaygazetesi.com\/index.php?rest_route=\/wp\/v2\/posts"}],"about":[{"href":"https:\/\/akdenizolaygazetesi.com\/index.php?rest_route=\/wp\/v2\/types\/post"}],"author":[{"embeddable":true,"href":"https:\/\/akdenizolaygazetesi.com\/index.php?rest_route=\/wp\/v2\/users\/2"}],"replies":[{"embeddable":true,"href":"https:\/\/akdenizolaygazetesi.com\/index.php?rest_route=%2Fwp%2Fv2%2Fcomments&post=33458"}],"version-history":[{"count":1,"href":"https:\/\/akdenizolaygazetesi.com\/index.php?rest_route=\/wp\/v2\/posts\/33458\/revisions"}],"predecessor-version":[{"id":33460,"href":"https:\/\/akdenizolaygazetesi.com\/index.php?rest_route=\/wp\/v2\/posts\/33458\/revisions\/33460"}],"wp:featuredmedia":[{"embeddable":true,"href":"https:\/\/akdenizolaygazetesi.com\/index.php?rest_route=\/wp\/v2\/media\/33459"}],"wp:attachment":[{"href":"https:\/\/akdenizolaygazetesi.com\/index.php?rest_route=%2Fwp%2Fv2%2Fmedia&parent=33458"}],"wp:term":[{"taxonomy":"category","embeddable":true,"href":"https:\/\/akdenizolaygazetesi.com\/index.php?rest_route=%2Fwp%2Fv2%2Fcategories&post=33458"},{"taxonomy":"post_tag","embeddable":true,"href":"https:\/\/akdenizolaygazetesi.com\/index.php?rest_route=%2Fwp%2Fv2%2Ftags&post=33458"}],"curies":[{"name":"wp","href":"https:\/\/api.w.org\/{rel}","templated":true}]}}