{"id":33461,"date":"2024-12-19T15:02:42","date_gmt":"2024-12-19T12:02:42","guid":{"rendered":"http:\/\/akdenizolaygazetesi.com\/?p=33461"},"modified":"2024-12-19T15:02:42","modified_gmt":"2024-12-19T12:02:42","slug":"akdeniz-belediyesinden-annelere-yeni-dogan-paketi","status":"publish","type":"post","link":"https:\/\/akdenizolaygazetesi.com\/?p=33461","title":{"rendered":"AKDEN\u0130Z BELED\u0130YES\u0130NDEN ANNELERE YEN\u0130 DO\u011eAN PAKET\u0130"},"content":{"rendered":"<p>Akdeniz Belediyesi, g\u00f6zlerini d\u00fcnyaya yeni a\u00e7an 0-3 ay aras\u0131ndaki minikler ve anneleri i\u00e7in haz\u0131rlanan \u2018Yeni Do\u011fan Bebek Setlerinin\u2019 da\u011f\u0131t\u0131m\u0131na ba\u015flad\u0131.<br \/>\nSosyal Yard\u0131m \u0130\u015fleri M\u00fcd\u00fcrl\u00fc\u011f\u00fc koordinesinde hayata ge\u00e7en proje kapsam\u0131nda; yeni do\u011fan bebek setini almak isteyen Akdeniz sakini ebeveynler, m\u00fcracaat i\u00e7in bebe\u011fin kimli\u011fi veya do\u011fum belgesi ya da e-devlet onayl\u0131 ikametgah (yerle\u015fim) belgesi ile birlikte Sosyal Yard\u0131m \u0130\u015fleri M\u00fcd\u00fcrl\u00fc\u011f\u00fc\u2019ne ba\u015fvuru yapabilir.<br \/>\nAilelere hediye edilecek \u00e7antada, 0-3 ay aras\u0131ndaki bebekler ve anneleri i\u00e7in bir\u00e7ok temel ihtiya\u00e7 malzemesinin yan\u0131nda, bebek bak\u0131m\u0131 ile ilgili mutlaka bilinmesi gereken uyar\u0131c\u0131 bro\u015f\u00fcrler de bulunuyor.<br \/>\nYeni do\u011fan setinden faydalanmak isteyen Akdenizli aileler, Akdeniz Belediyesi Sosyal Yard\u0131m \u0130\u015fleri M\u00fcd\u00fcrl\u00fc\u011f\u00fc\u2019n\u00fcn (0552 7688888) numaral\u0131 telefonu \u00fczerinden de aray\u0131p ayr\u0131nt\u0131l\u0131 bilgi alabilir\u2026<\/p>\n","protected":false},"excerpt":{"rendered":"<p>Akdeniz Belediyesi, g\u00f6zlerini d\u00fcnyaya yeni a\u00e7an 0-3 ay aras\u0131ndaki minikler ve anneleri i\u00e7in haz\u0131rlanan \u2018Yeni Do\u011fan Bebek Setlerinin\u2019 da\u011f\u0131t\u0131m\u0131na ba\u015flad\u0131. Sosyal Yard\u0131m \u0130\u015fleri M\u00fcd\u00fcrl\u00fc\u011f\u00fc koordinesinde hayata ge\u00e7en proje kapsam\u0131nda; yeni &hellip; <a href=\"https:\/\/akdenizolaygazetesi.com\/?p=33461\" class=\"more-link\">Devam\u0131n\u0131 Oku&#8230;<\/a><\/p>\n","protected":false},"author":2,"featured_media":33462,"comment_status":"open","ping_status":"open","sticky":false,"template":"","format":"standard","meta":[],"categories":[1,2,3],"tags":[],"_links":{"self":[{"href":"https:\/\/akdenizolaygazetesi.com\/index.php?rest_route=\/wp\/v2\/posts\/33461"}],"collection":[{"href":"https:\/\/akdenizolaygazetesi.com\/index.php?rest_route=\/wp\/v2\/posts"}],"about":[{"href":"https:\/\/akdenizolaygazetesi.com\/index.php?rest_route=\/wp\/v2\/types\/post"}],"author":[{"embeddable":true,"href":"https:\/\/akdenizolaygazetesi.com\/index.php?rest_route=\/wp\/v2\/users\/2"}],"replies":[{"embeddable":true,"href":"https:\/\/akdenizolaygazetesi.com\/index.php?rest_route=%2Fwp%2Fv2%2Fcomments&post=33461"}],"version-history":[{"count":1,"href":"https:\/\/akdenizolaygazetesi.com\/index.php?rest_route=\/wp\/v2\/posts\/33461\/revisions"}],"predecessor-version":[{"id":33463,"href":"https:\/\/akdenizolaygazetesi.com\/index.php?rest_route=\/wp\/v2\/posts\/33461\/revisions\/33463"}],"wp:featuredmedia":[{"embeddable":true,"href":"https:\/\/akdenizolaygazetesi.com\/index.php?rest_route=\/wp\/v2\/media\/33462"}],"wp:attachment":[{"href":"https:\/\/akdenizolaygazetesi.com\/index.php?rest_route=%2Fwp%2Fv2%2Fmedia&parent=33461"}],"wp:term":[{"taxonomy":"category","embeddable":true,"href":"https:\/\/akdenizolaygazetesi.com\/index.php?rest_route=%2Fwp%2Fv2%2Fcategories&post=33461"},{"taxonomy":"post_tag","embeddable":true,"href":"https:\/\/akdenizolaygazetesi.com\/index.php?rest_route=%2Fwp%2Fv2%2Ftags&post=33461"}],"curies":[{"name":"wp","href":"https:\/\/api.w.org\/{rel}","templated":true}]}}